{"id":553,"date":"2010-05-29T09:01:00","date_gmt":"2010-05-29T07:01:00","guid":{"rendered":"http:\/\/blogs.avui.cat\/botonier\/2010\/05\/29\/sud-africa-guanyar-sense-jugar\/"},"modified":"2013-06-19T09:47:26","modified_gmt":"2013-06-19T08:47:26","slug":"sud-africa-guanyar-sense-jugar","status":"publish","type":"post","link":"https:\/\/blogs.avui.cat\/botonier\/2010\/05\/29\/sud-africa-guanyar-sense-jugar\/","title":{"rendered":"Sud-\u00c0frica: guanyar sense jugar"},"content":{"rendered":"<p><a href=\"https:\/\/i0.wp.com\/2.bp.blogspot.com\/_gS2A8TwyupA\/TAC79iQh_MI\/AAAAAAAABKA\/lHvbXP1MWaA\/s1600\/R%C3%BCegg.JPG\"><img data-recalc-dims=\"1\" decoding=\"async\" src=\"https:\/\/i0.wp.com\/2.bp.blogspot.com\/_gS2A8TwyupA\/TAC79iQh_MI\/AAAAAAAABKA\/lHvbXP1MWaA\/s200\/R%C3%BCegg.JPG\" border=\"0\" \/><\/a><br \/>Ja falten pocs dies per qu\u00e8 comenci la Copa del M\u00f3n de Futbol a Sud-\u00c0frica i segurament una allau d\u2019informacions ens obligar\u00e0, per moments, a mirar-ho tot de re\u00fcll. <\/p>\n<p>Fins i tot a Su\u00efssa, pa\u00eds on el futbol no fa anar de cap i on la majoria de clubs de primera divisi\u00f3 tenen prou feina per reunir 5000 espectadors el diumenge, doncs fins i tot aqu\u00ed es parla de la Copa del M\u00f3n. Primera, perqu\u00e8 Su\u00efssa es va classificar per anar-hi i segona perqu\u00e8 el primer partit el jugar\u00e0 contra Espanya, considerat l\u2019equip favorit per guanyar la Copa, de manera que tot preveu un comen\u00e7ament m\u00e9s aviat modest.<\/p>\n<p>Malgrat els pron\u00f2stics pessimistes, Su\u00efssa ja ha guanyat abans de jugar. No amb la pilota als peus, sin\u00f3 en un ordre m\u00e9s t\u00e8cnic on la competici\u00f3 \u00e9s, com a m\u00ednim, igual de dura que en el futbol: una arquitecta su\u00efssa ha dissenyat tres dels nou estadis del campionat sud-afric\u00e0. <\/p>\n<p>La senyora Michelle R\u00fcegg, zuriquesa de 39 anys, ha posat la seva capacitat i el seu treball a l&#8217;estadi Green-Point de la Ciutat del Cap, i tamb\u00e9 als estadis de Durban i de Port Elisabeth. Un veritable triomf per una dona jove per\u00f2 amb una gran capacitat professional tal com ho demostren treballs anteriors d\u2019ella amb el seu estudi d\u2019arquitectes: l\u2019estaci\u00f3 central de Berl\u00edn, el museu de Peking o l&#8217;actualment en construcci\u00f3 nova ciutat a Lingang, Xina, que podr\u00e0 acollir 800.000 habitants. <\/p>\n<p>Su\u00efssa \u00e9s un pa\u00eds petit, sense recursos naturals (minerals, gas o petroli) i amb una geografia i un clima que no afavoreixen massa l\u2019agricultura. L\u2019\u00fanic recurs que queda \u00e9s fer molt i bon treball en tots el \u00e0mbits, i disposar d\u2019escoles eficients i de prestigi. Els resultats es veuen tard o d\u2019hora i arquitectes com Le Corbusier, Mario Botta, Herzog i De Meuron o Michelle R\u00fcegg, per parlar nom\u00e9s d\u2019uns pocs, s\u00f3n la imatge veritable de l\u2019esfor\u00e7 i l\u2019educaci\u00f3 portats a terme any rere any, mani qui mani. Un bon exemple a seguir, sempre que es disposi de possibilitats de decidir.<\/p>\n","protected":false},"excerpt":{"rendered":"<p>Ja falten pocs dies per qu\u00e8 comenci la Copa del M\u00f3n de Futbol a Sud-\u00c0frica i segurament una allau d\u2019informacions ens obligar\u00e0, per moments, a mirar-ho tot de re\u00fcll. Fins i tot a Su\u00efssa, pa\u00eds on el futbol no fa anar de cap i on la majoria de clubs de primera divisi\u00f3 tenen prou feina [&hellip;]<\/p>\n","protected":false},"author":126,"featured_media":0,"comment_status":"closed","ping_status":"closed","sticky":false,"template":"","format":"standard","meta":{"jetpack_post_was_ever_published":false,"_jetpack_newsletter_access":"","_jetpack_dont_email_post_to_subs":false,"_jetpack_newsletter_tier_id":0,"_jetpack_memberships_contains_paywalled_content":false,"_jetpack_memberships_contains_paid_content":false,"footnotes":"","jetpack_publicize_message":"","jetpack_publicize_feature_enabled":true,"jetpack_social_post_already_shared":false,"jetpack_social_options":{"image_generator_settings":{"template":"highway","default_image_id":0,"font":"","enabled":false},"version":2}},"categories":[1],"tags":[],"class_list":["post-553","post","type-post","status-publish","format-standard","hentry","category-general"],"jetpack_publicize_connections":[],"jetpack_featured_media_url":"","jetpack-related-posts":[{"id":563,"url":"https:\/\/blogs.avui.cat\/botonier\/2010\/06\/12\/futbol-fins-a-les-sopes\/","url_meta":{"origin":553,"position":0},"title":"Futbol fins a les sopes","author":"Ramon Boixet","date":"12 juny 2010","format":false,"excerpt":"Ja est\u00e0vem avisats. Tots sab\u00edem que l\u2019inici del Campionat del M\u00f3n de Futbol a Sud-\u00e0frica, apart el fet estrictament esportiu, permetria de fer de cortina de fum i tapar per uns dies fets i dits amb m\u00e9s transcend\u00e8ncia real. Per uns dies, el circ passar\u00e0 per davant del pa, capgirant\u2026","rel":"","context":"A &quot;General&quot;","block_context":{"text":"General","link":"https:\/\/blogs.avui.cat\/botonier\/category\/general\/"},"img":{"alt_text":"","src":"","width":0,"height":0},"classes":[]},{"id":571,"url":"https:\/\/blogs.avui.cat\/botonier\/2010\/06\/22\/saber-guanyar\/","url_meta":{"origin":553,"position":1},"title":"Saber guanyar","author":"Ramon Boixet","date":"22 juny 2010","format":false,"excerpt":"El Campionat Mundial de Futbol ha arribat en un moment oport\u00fa per permetre als governants de despistar, de dissimular els problemes i d'aprofitar la pilota per fer patriotisme. Em refereixo, essencialment, als governants i als mitjans de comunicaci\u00f3 espanyols.Guanyar a Hondures per 2-0 no ha de ser el fet del\u2026","rel":"","context":"A &quot;General&quot;","block_context":{"text":"General","link":"https:\/\/blogs.avui.cat\/botonier\/category\/general\/"},"img":{"alt_text":"","src":"","width":0,"height":0},"classes":[]},{"id":26,"url":"https:\/\/blogs.avui.cat\/botonier\/2008\/05\/09\/no-tocar-pilota\/","url_meta":{"origin":553,"position":2},"title":"No tocar pilota","author":"Ramon Boixet","date":"9 maig 2008","format":false,"excerpt":"La davallada del Bar\u00e7a segurament donar\u00e0 molts temes de conversa les properes setmanes. Un grup de jugadors amb salaris de faula ha demostrat molt poc inter\u00e8s en justificar el sou i els responsables directius i t\u00e8cnics no han sabut, pogut o volgut posar els jugadors \u201c de cara a la\u2026","rel":"","context":"A &quot;General&quot;","block_context":{"text":"General","link":"https:\/\/blogs.avui.cat\/botonier\/category\/general\/"},"img":{"alt_text":"","src":"","width":0,"height":0},"classes":[]},{"id":48,"url":"https:\/\/blogs.avui.cat\/botonier\/2008\/06\/25\/patriotisme-i-bona-educacio\/","url_meta":{"origin":553,"position":3},"title":"Patriotisme i bona educaci\u00f3","author":"Ramon Boixet","date":"25 juny 2008","format":false,"excerpt":"Una vegada eliminada Su\u00efssa del Campionat Europeu de Futbol, eliminaci\u00f3 previsible i anunciada,tenim la possibilitat (des de Su\u00efssa) de mirar els partits que resten fins a la final de diumenge amb una certa neutralitat, que s'adiu amb el tarann\u00e0 del pa\u00eds. Aprofitant aquest ambient, voldria comentar un parell de coses\u2026","rel":"","context":"A &quot;General&quot;","block_context":{"text":"General","link":"https:\/\/blogs.avui.cat\/botonier\/category\/general\/"},"img":{"alt_text":"","src":"","width":0,"height":0},"classes":[]},{"id":390,"url":"https:\/\/blogs.avui.cat\/botonier\/2009\/11\/16\/un-exemple-dintegracio\/","url_meta":{"origin":553,"position":4},"title":"Un exemple d&#8217;integraci\u00f3","author":"Ramon Boixet","date":"16 novembre 2009","format":false,"excerpt":"Ahir, la selecci\u00f3 de futbol U-17 de Su\u00efssa va guanyar el Campionat del M\u00f3n celebrat a Nig\u00e8ria. Espanya va quedar tercera. La noticia no tindr\u00e0, fora de Su\u00efssa, cap posici\u00f3 privilegiada ni als diaris esportius ni als generals, i \u00e9s una ll\u00e0stima. Alguns dels nois que han quedat campions mundials\u2026","rel":"","context":"A &quot;General&quot;","block_context":{"text":"General","link":"https:\/\/blogs.avui.cat\/botonier\/category\/general\/"},"img":{"alt_text":"","src":"","width":0,"height":0},"classes":[]},{"id":702,"url":"https:\/\/blogs.avui.cat\/botonier\/2009\/11\/16\/un-exemple-dintegracio-2\/","url_meta":{"origin":553,"position":5},"title":"Un exemple d&#8217;integraci\u00f3","author":"Ramon Boixet","date":"16 novembre 2009","format":false,"excerpt":"Ahir, la selecci\u00f3 de futbol U-17 de Su\u00efssa va guanyar el Campionat del M\u00f3n celebrat a Nig\u00e8ria. Espanya va quedar tercera. La noticia no tindr\u00e0, fora de Su\u00efssa, cap posici\u00f3 privilegiada ni als diaris esportius ni als generals, i \u00e9s una ll\u00e0stima. Alguns dels nois que han quedat campions mundials\u2026","rel":"","context":"A &quot;General&quot;","block_context":{"text":"General","link":"https:\/\/blogs.avui.cat\/botonier\/category\/general\/"},"img":{"alt_text":"","src":"","width":0,"height":0},"classes":[]}],"jetpack_sharing_enabled":true,"jetpack_likes_enabled":true,"_links":{"self":[{"href":"https:\/\/blogs.avui.cat\/botonier\/wp-json\/wp\/v2\/posts\/553","targetHints":{"allow":["GET"]}}],"collection":[{"href":"https:\/\/blogs.avui.cat\/botonier\/wp-json\/wp\/v2\/posts"}],"about":[{"href":"https:\/\/blogs.avui.cat\/botonier\/wp-json\/wp\/v2\/types\/post"}],"author":[{"embeddable":true,"href":"https:\/\/blogs.avui.cat\/botonier\/wp-json\/wp\/v2\/users\/126"}],"replies":[{"embeddable":true,"href":"https:\/\/blogs.avui.cat\/botonier\/wp-json\/wp\/v2\/comments?post=553"}],"version-history":[{"count":3,"href":"https:\/\/blogs.avui.cat\/botonier\/wp-json\/wp\/v2\/posts\/553\/revisions"}],"predecessor-version":[{"id":2530,"href":"https:\/\/blogs.avui.cat\/botonier\/wp-json\/wp\/v2\/posts\/553\/revisions\/2530"}],"wp:attachment":[{"href":"https:\/\/blogs.avui.cat\/botonier\/wp-json\/wp\/v2\/media?parent=553"}],"wp:term":[{"taxonomy":"category","embeddable":true,"href":"https:\/\/blogs.avui.cat\/botonier\/wp-json\/wp\/v2\/categories?post=553"},{"taxonomy":"post_tag","embeddable":true,"href":"https:\/\/blogs.avui.cat\/botonier\/wp-json\/wp\/v2\/tags?post=553"}],"curies":[{"name":"wp","href":"https:\/\/api.w.org\/{rel}","templated":true}]}}