{"id":552,"date":"2010-05-28T08:39:00","date_gmt":"2010-05-28T06:39:00","guid":{"rendered":"http:\/\/blogs.avui.cat\/botonier\/2010\/05\/28\/ciu-amb-vocacio-de-salvavides\/"},"modified":"2013-06-19T09:47:26","modified_gmt":"2013-06-19T08:47:26","slug":"ciu-amb-vocacio-de-salvavides","status":"publish","type":"post","link":"https:\/\/blogs.avui.cat\/botonier\/2010\/05\/28\/ciu-amb-vocacio-de-salvavides\/","title":{"rendered":"CiU amb vocaci\u00f3 de salvavides"},"content":{"rendered":"<p><a href=\"https:\/\/i0.wp.com\/4.bp.blogspot.com\/_gS2A8TwyupA\/S_9ll0yDzbI\/AAAAAAAABJ4\/4AsjrDCLYJY\/s1600\/CiU.JPG\"><img data-recalc-dims=\"1\" decoding=\"async\" src=\"https:\/\/i0.wp.com\/4.bp.blogspot.com\/_gS2A8TwyupA\/S_9ll0yDzbI\/AAAAAAAABJ4\/4AsjrDCLYJY\/s200\/CiU.JPG\" border=\"0\" \/><\/a><br \/>Votar en blanc \u00e9s una opci\u00f3 v\u00e0lida tal com votar positiu o negatiu, i sempre millor que no anar a votar. Malgrat tot, abstenir-se de votar \u00e9s una actitud que necessita una explicaci\u00f3.<\/p>\n<p>Ahir al Congr\u00e9s de Madrid, gr\u00e0cies essencialment a l\u2019abstenci\u00f3 dels diputats de CiU, es va aprovar per un vot de majoria la retallada proposada pel govern de ZP. Les votacions al Congr\u00e9s s\u00f3n previsibles matem\u00e0ticament, degut a la fidelitat als partits i que les votacions no s\u00f3n secretes (recordem el panell amb les llumetes que permeten saber qui i qu\u00e8 ha votat).<\/p>\n<p>CiU era plenament conscient que amb l\u2019abstenci\u00f3 salvava les mesures del govern i per tant, donava una bombona d\u2019oxigen a ZP. Les paraules de Duran i Lleida demanant a ZP eleccions anticipades \u00e9s com tirar un salvavides a un n\u00e0ufrag i al mateix temps demanar-li que s\u2019ofegui, per favor.<\/p>\n<p>Artur Mas es va afanyar a dir que la col\u2022laboraci\u00f3 de Ciu es va fer per evitar que Espanya \u00absigui intervinguda, en uns dies, com Gr\u00e8cia\u00bb. \u00a1Ostres, senyor Mas!, ara anem de salvadors d\u2019Espanya. Doncs miri, no m\u2019ho crec. <\/p>\n<p>Ens conv\u00e9 a tots, i sobretot a CiU, que Mas i Duran ens donin explicacions convincents sobre aix\u00f2 de salvar a Espanya amb la seva abst\u00e9ncio d\u2019ahir. I sobretot, que ens diguin a canvi de qu\u00e8 ho van fer, perqu\u00e8 ja som grandets i sabem perfectament que en pol\u00edtica res no es fa ni es diu sense una compensaci\u00f3. Esperem que no sigui un ministeri pel senyor Duran en un futur govern ZP, per tal que pugui seguir salvant Espanya. <\/p>\n<p>Posats a salvar, no hi ha qui superi a CiU.<\/p>\n","protected":false},"excerpt":{"rendered":"<p>Votar en blanc \u00e9s una opci\u00f3 v\u00e0lida tal com votar positiu o negatiu, i sempre millor que no anar a votar. Malgrat tot, abstenir-se de votar \u00e9s una actitud que necessita una explicaci\u00f3. Ahir al Congr\u00e9s de Madrid, gr\u00e0cies essencialment a l\u2019abstenci\u00f3 dels diputats de CiU, es va aprovar per un vot de majoria la [&hellip;]<\/p>\n","protected":false},"author":126,"featured_media":0,"comment_status":"closed","ping_status":"closed","sticky":false,"template":"","format":"standard","meta":{"jetpack_post_was_ever_published":false,"_jetpack_newsletter_access":"","_jetpack_dont_email_post_to_subs":false,"_jetpack_newsletter_tier_id":0,"_jetpack_memberships_contains_paywalled_content":false,"_jetpack_memberships_contains_paid_content":false,"footnotes":"","jetpack_publicize_message":"","jetpack_publicize_feature_enabled":true,"jetpack_social_post_already_shared":false,"jetpack_social_options":{"image_generator_settings":{"template":"highway","default_image_id":0,"font":"","enabled":false},"version":2}},"categories":[1],"tags":[],"class_list":["post-552","post","type-post","status-publish","format-standard","hentry","category-general"],"jetpack_publicize_connections":[],"jetpack_featured_media_url":"","jetpack-related-posts":[{"id":520,"url":"https:\/\/blogs.avui.cat\/botonier\/2010\/04\/26\/%c2%bfhem-badat\/","url_meta":{"origin":552,"position":0},"title":"\u00bfHem badat?","author":"Ramon Boixet","date":"26 abril 2010","format":false,"excerpt":"Els resultats de la consulta del cap de setmana sobre la independ\u00e8ncia han decebut, per molt que s\u2019intenti treure valor a la baixada de participaci\u00f3 respecte a les dues onades de votacions anteriors.Ni la decisi\u00f3 incerta del TC sobre l\u2019Estatut ni les properes eleccions auton\u00f2miques han motivat a m\u00e9s votants\u2026","rel":"","context":"A &quot;General&quot;","block_context":{"text":"General","link":"https:\/\/blogs.avui.cat\/botonier\/category\/general\/"},"img":{"alt_text":"","src":"","width":0,"height":0},"classes":[]},{"id":484,"url":"https:\/\/blogs.avui.cat\/botonier\/2010\/03\/20\/el-dificil-dilema-de-ciu\/","url_meta":{"origin":552,"position":1},"title":"El dif\u00edcil dilema de CiU","author":"Ramon Boixet","date":"20 mar\u00e7 2010","format":false,"excerpt":"Amb les eleccions a l \u2018horitz\u00f3, ser\u00e0 molt dif\u00edcil que les actuacions i les declaracions dels principals pol\u00edtics catalans no estiguin formulades sota la llosa del temor a perdre o a no guanyar vots. El PSC, segurament conven\u00e7ut que no tindr\u00e0 cap majoria a les urnes, ha de tractar de\u2026","rel":"","context":"A &quot;General&quot;","block_context":{"text":"General","link":"https:\/\/blogs.avui.cat\/botonier\/category\/general\/"},"img":{"alt_text":"","src":"","width":0,"height":0},"classes":[]},{"id":103,"url":"https:\/\/blogs.avui.cat\/botonier\/2008\/12\/01\/votar-es-decidir\/","url_meta":{"origin":552,"position":2},"title":"Votar \u00e9s decidir","author":"Ramon Boixet","date":"1 desembre 2008","format":false,"excerpt":"El diumenge 30 de Novembre va ser dia de votacions a Su\u00efssa, tant d\u2019ordre nacional, com cantonal i municipal.Sense entrar a fons en els resultats voldria destacar algunes de les propostes que es van votar per tal de que el lector entengui fins a quin punt la democr\u00e0cia directa \u201eobliga\u201c\u2026","rel":"","context":"A &quot;General&quot;","block_context":{"text":"General","link":"https:\/\/blogs.avui.cat\/botonier\/category\/general\/"},"img":{"alt_text":"","src":"","width":0,"height":0},"classes":[]},{"id":13,"url":"https:\/\/blogs.avui.cat\/botonier\/2008\/02\/29\/catalunya-grisa\/","url_meta":{"origin":552,"position":3},"title":"Catalunya grisa?","author":"Ramon Boixet","date":"29 febrer 2008","format":false,"excerpt":"Gaireb\u00e9 fa 40 anys que visc a Su\u00efssa. Mai he deixat de seguir les incid\u00e8ncies que tant a Manresa con a Catalunya han anat succeint. Gr\u00e0cies a Internet, les possibilitats d\u2019estar informat per premsa, radio i televisi\u00f3 han augmentat considerablement fins a donar la falsa sensaci\u00f3 de participar a certs\u2026","rel":"","context":"A &quot;General&quot;","block_context":{"text":"General","link":"https:\/\/blogs.avui.cat\/botonier\/category\/general\/"},"img":{"alt_text":"","src":"","width":0,"height":0},"classes":[]},{"id":298,"url":"https:\/\/blogs.avui.cat\/botonier\/2009\/07\/02\/la-foto-necessaria\/","url_meta":{"origin":552,"position":4},"title":"La foto necessaria","author":"Ramon Boixet","date":"2 juliol 2009","format":false,"excerpt":"Tots sabem que els gests pol\u00edtics fan part d\u2019una estrat\u00e8gia de comunicaci\u00f3 molt meditada, sovint arranjada entre les dues parts oposades, i que permeten acontentar tothom.Aix\u00f2 no exclou, per\u00f2, que determinades situacions responguin a la realitat, fins i tot amb la \u00abmise en sc\u00e8ne\u00bb necess\u00e0ria. Per exemple la trobada d\u2019ahir\u2026","rel":"","context":"A &quot;General&quot;","block_context":{"text":"General","link":"https:\/\/blogs.avui.cat\/botonier\/category\/general\/"},"img":{"alt_text":"","src":"","width":0,"height":0},"classes":[]},{"id":771,"url":"https:\/\/blogs.avui.cat\/botonier\/2010\/10\/04\/el-valor-de-les-enquestes\/","url_meta":{"origin":552,"position":5},"title":"El valor de les enquestes","author":"Ramon Boixet","date":"4 octubre 2010","format":false,"excerpt":"El ball de pron\u00f2stics de cara a les properes eleccions, ja ha comen\u00e7at molt abans de la convocat\u00f2ria oficial. Com sempre, les enquestes s\u2019han de mirar amb una certa prevenci\u00f3 perqu\u00e8 l\u2019\u00fanic resultat v\u00e0lid surt del recompte de les paperetes dipositades a les urnes. Malgrat tot, \u00e9s un veritable espectacle\u2026","rel":"","context":"A &quot;General&quot;","block_context":{"text":"General","link":"https:\/\/blogs.avui.cat\/botonier\/category\/general\/"},"img":{"alt_text":"","src":"https:\/\/i0.wp.com\/blogs.avui.cat\/botonier\/files\/2010\/10\/Stimmzettel1.jpg?resize=350%2C200","width":350,"height":200},"classes":[]}],"jetpack_sharing_enabled":true,"jetpack_likes_enabled":true,"_links":{"self":[{"href":"https:\/\/blogs.avui.cat\/botonier\/wp-json\/wp\/v2\/posts\/552","targetHints":{"allow":["GET"]}}],"collection":[{"href":"https:\/\/blogs.avui.cat\/botonier\/wp-json\/wp\/v2\/posts"}],"about":[{"href":"https:\/\/blogs.avui.cat\/botonier\/wp-json\/wp\/v2\/types\/post"}],"author":[{"embeddable":true,"href":"https:\/\/blogs.avui.cat\/botonier\/wp-json\/wp\/v2\/users\/126"}],"replies":[{"embeddable":true,"href":"https:\/\/blogs.avui.cat\/botonier\/wp-json\/wp\/v2\/comments?post=552"}],"version-history":[{"count":3,"href":"https:\/\/blogs.avui.cat\/botonier\/wp-json\/wp\/v2\/posts\/552\/revisions"}],"predecessor-version":[{"id":2531,"href":"https:\/\/blogs.avui.cat\/botonier\/wp-json\/wp\/v2\/posts\/552\/revisions\/2531"}],"wp:attachment":[{"href":"https:\/\/blogs.avui.cat\/botonier\/wp-json\/wp\/v2\/media?parent=552"}],"wp:term":[{"taxonomy":"category","embeddable":true,"href":"https:\/\/blogs.avui.cat\/botonier\/wp-json\/wp\/v2\/categories?post=552"},{"taxonomy":"post_tag","embeddable":true,"href":"https:\/\/blogs.avui.cat\/botonier\/wp-json\/wp\/v2\/tags?post=552"}],"curies":[{"name":"wp","href":"https:\/\/api.w.org\/{rel}","templated":true}]}}