{"id":518,"date":"2010-04-23T08:49:00","date_gmt":"2010-04-23T06:49:00","guid":{"rendered":"http:\/\/blogs.avui.cat\/botonier\/2010\/04\/23\/sant-jordi-en-el-record\/"},"modified":"2013-06-19T09:47:48","modified_gmt":"2013-06-19T08:47:48","slug":"sant-jordi-en-el-record","status":"publish","type":"post","link":"https:\/\/blogs.avui.cat\/botonier\/2010\/04\/23\/sant-jordi-en-el-record\/","title":{"rendered":"Sant Jordi en el record"},"content":{"rendered":"<p><a href=\"https:\/\/i0.wp.com\/2.bp.blogspot.com\/_gS2A8TwyupA\/S9FDKE7uSZI\/AAAAAAAABGA\/FIoddLmyoro\/s1600\/St.%2BJordi.JPG\"><img data-recalc-dims=\"1\" decoding=\"async\" src=\"https:\/\/i0.wp.com\/2.bp.blogspot.com\/_gS2A8TwyupA\/S9FDKE7uSZI\/AAAAAAAABGA\/FIoddLmyoro\/s200\/St.%2BJordi.JPG\" border=\"0\" \/><\/a>Viure m\u00e9s de quaranta anys a l \u2018estranger modifica, es vulgui o no, la personalitat . Uns altres costums, una altra llengua i una gent amb educaci\u00f3 diferent han viscut dia a dia al meu costat i s\u2019ha produ\u00eft una assimilaci\u00f3.\u00a0<\/p>\n<p>Malgrat aquesta inevitable (i volunt\u00e0ria) assimilaci\u00f3, res no ha fet oblidar les coses de casa, i els records de la inf\u00e0ncia i la joventut sorgeixen, sobretot en dies com el d\u2019avui, amb una for\u00e7a impensable pel qui no hagi deixat mai el lloc on van gronxar el seu bressol.<\/p>\n<p>Tal dia com avui de l\u2019any passat escrivia en aquest blog:<\/p>\n<p>\u201cJo s\u00f3c de la generaci\u00f3 que va ser escolaritzada en castell\u00e0; per sort, el catal\u00e0 el parl\u00e0rem a casa i entre als amics i el pod\u00edem llegir amb una mica de bona voluntat. El meu &#8220;Harry Potter&#8221; eren &#8220;Les aventures d&#8217;en Massagran&#8221;, amb il\u2022lustracions de Junceda, que fou un dels primers llibres que recordo haver llegit i rellegit.<br \/>&#8230;<br \/>De la diada de Sant Jordi a la Manresa dels darrers anys quaranta i primers cinquanta recordo la pluja.\u00a0<br \/>&#8230;<br \/>Avui, malgrat els mil quilometres de dist\u00e0ncia, em passejar\u00e9 pel Carrer d&#8217;Urgell i el del Born de Manresa, i tafanejar\u00e9 per les parades de la Llibreria Boixeda i de la Llibreria Torra, i segur que descobrir\u00e9 algun llibre interessant. I si alg\u00fa creu que somnio, s&#8217;equivoca: no s\u00f3n somnis sin\u00f3 records, molt i molt presents malgrat el temps transcorregut , un temps que no ha estat capa\u00e7 d&#8217;esborrar res de la meva mem\u00f2ria i del meu cor.\u201d<\/p>\n<p>No cal afegir-hi res m\u00e9s. Us desitjo a tots, amics lectors, un feli\u00e7 Sant Jordi.<\/p>\n","protected":false},"excerpt":{"rendered":"<p>Viure m\u00e9s de quaranta anys a l \u2018estranger modifica, es vulgui o no, la personalitat . Uns altres costums, una altra llengua i una gent amb educaci\u00f3 diferent han viscut dia a dia al meu costat i s\u2019ha produ\u00eft una assimilaci\u00f3.\u00a0 Malgrat aquesta inevitable (i volunt\u00e0ria) assimilaci\u00f3, res no ha fet oblidar les coses de [&hellip;]<\/p>\n","protected":false},"author":126,"featured_media":0,"comment_status":"closed","ping_status":"closed","sticky":false,"template":"","format":"standard","meta":{"jetpack_post_was_ever_published":false,"_jetpack_newsletter_access":"","_jetpack_dont_email_post_to_subs":false,"_jetpack_newsletter_tier_id":0,"_jetpack_memberships_contains_paywalled_content":false,"_jetpack_memberships_contains_paid_content":false,"footnotes":"","jetpack_publicize_message":"","jetpack_publicize_feature_enabled":true,"jetpack_social_post_already_shared":false,"jetpack_social_options":{"image_generator_settings":{"template":"highway","default_image_id":0,"font":"","enabled":false},"version":2}},"categories":[1],"tags":[],"class_list":["post-518","post","type-post","status-publish","format-standard","hentry","category-general"],"jetpack_publicize_connections":[],"jetpack_featured_media_url":"","jetpack-related-posts":[{"id":236,"url":"https:\/\/blogs.avui.cat\/botonier\/2009\/04\/23\/llibres-i-roses-en-el-record\/","url_meta":{"origin":518,"position":0},"title":"Llibres i roses en el record","author":"Ramon Boixet","date":"23 abril 2009","format":false,"excerpt":"Gr\u00e0cies al meu pare, a casa sempre van tenir els llibres una gran import\u00e0ncia. Jo he seguit aquesta via i per tant diades com la d'avui, malgrat la dist\u00e0ncia f\u00edsica amb Catalunya, nom\u00e9s em poden alegrar.Jo soc de la generaci\u00f3 que va ser escolaritzada en castell\u00e0; per sort, el catal\u00e0\u2026","rel":"","context":"A &quot;General&quot;","block_context":{"text":"General","link":"https:\/\/blogs.avui.cat\/botonier\/category\/general\/"},"img":{"alt_text":"","src":"","width":0,"height":0},"classes":[]},{"id":325,"url":"https:\/\/blogs.avui.cat\/botonier\/2009\/08\/10\/lestatut-aniversari-sense-entusiasme\/","url_meta":{"origin":518,"position":1},"title":"L&#8217;Estatut: aniversari sense entusiasme","author":"Ramon Boixet","date":"10 agost 2009","format":false,"excerpt":"La majoria de mitjans de comunicaci\u00f3 ens va recordar ahir diumenge que l\u2019Estatut de Catalunya va entrar en vigor el 9 d\u2019agost de 2006, ara fa tres anys. Va ser un recordatori obligat, per\u00f2 no un aniversari per celebrar ja que encara est\u00e0 pendent de la decisi\u00f3 del Tribunal Constitucional.\u2026","rel":"","context":"A &quot;General&quot;","block_context":{"text":"General","link":"https:\/\/blogs.avui.cat\/botonier\/category\/general\/"},"img":{"alt_text":"","src":"","width":0,"height":0},"classes":[]},{"id":328,"url":"https:\/\/blogs.avui.cat\/botonier\/2009\/08\/10\/lestatut-aniversari-sense-entusiasme-2\/","url_meta":{"origin":518,"position":2},"title":"L&#8217;Estatut : aniversari sense entusiasme","author":"Ramon Boixet","date":"10 agost 2009","format":false,"excerpt":"La majoria de mitjans de comunicaci\u00f3 ens va recordar ahir diumenge que l\u2019Estatut de Catalunya va entrar en vigor el 9 d\u2019agost de 2006, ara fa tres anys. Va ser un recordatori obligat, per\u00f2 no un aniversari per celebrar ja que encara est\u00e0 pendent de la decisi\u00f3 del Tribunal Constitucional.Aquesta\u2026","rel":"","context":"A &quot;General&quot;","block_context":{"text":"General","link":"https:\/\/blogs.avui.cat\/botonier\/category\/general\/"},"img":{"alt_text":"","src":"","width":0,"height":0},"classes":[]},{"id":684,"url":"https:\/\/blogs.avui.cat\/botonier\/2009\/08\/10\/lestatut-aniversari-sense-entusiasme-3\/","url_meta":{"origin":518,"position":3},"title":"L&#8217;Estatut: aniversari sense entusiasme","author":"Ramon Boixet","date":"10 agost 2009","format":false,"excerpt":"La majoria de mitjans de comunicaci\u00f3 ens va recordar ahir diumenge que l\u2019Estatut de Catalunya va entrar en vigor el 9 d\u2019agost de 2006, ara fa tres anys. Va ser un recordatori obligat, per\u00f2 no un aniversari per celebrar ja que encara est\u00e0 pendent de la decisi\u00f3 del Tribunal Constitucional.\u2026","rel":"","context":"A &quot;General&quot;","block_context":{"text":"General","link":"https:\/\/blogs.avui.cat\/botonier\/category\/general\/"},"img":{"alt_text":"","src":"","width":0,"height":0},"classes":[]},{"id":685,"url":"https:\/\/blogs.avui.cat\/botonier\/2009\/08\/10\/lestatut-aniversari-sense-entusiasme-2-2\/","url_meta":{"origin":518,"position":4},"title":"L&#8217;Estatut : aniversari sense entusiasme","author":"Ramon Boixet","date":"10 agost 2009","format":false,"excerpt":"La majoria de mitjans de comunicaci\u00f3 ens va recordar ahir diumenge que l\u2019Estatut de Catalunya va entrar en vigor el 9 d\u2019agost de 2006, ara fa tres anys. Va ser un recordatori obligat, per\u00f2 no un aniversari per celebrar ja que encara est\u00e0 pendent de la decisi\u00f3 del Tribunal Constitucional.Aquesta\u2026","rel":"","context":"A &quot;General&quot;","block_context":{"text":"General","link":"https:\/\/blogs.avui.cat\/botonier\/category\/general\/"},"img":{"alt_text":"","src":"","width":0,"height":0},"classes":[]},{"id":779,"url":"https:\/\/blogs.avui.cat\/botonier\/2010\/10\/09\/el-nobel-que-em-va-avorrir\/","url_meta":{"origin":518,"position":5},"title":"El Nobel que em va avorrir","author":"Ramon Boixet","date":"9 octubre 2010","format":false,"excerpt":"Quan vaig llegir que Mario Vargas Llosa havia rebut el Premi Nobel de Literatura 2010, em vaig recordar d\u2019un llibre d\u2019ell que tenia oblidat en un rac\u00f3 de la meva biblioteca. L\u2019any 1993, un amic de Lima em va regalar \u201eEl pez en el agua\u201csots-titulat \u201eMemorias\u201c. Una cosa em van\u2026","rel":"","context":"A &quot;General&quot;","block_context":{"text":"General","link":"https:\/\/blogs.avui.cat\/botonier\/category\/general\/"},"img":{"alt_text":"","src":"https:\/\/i0.wp.com\/blogs.avui.cat\/botonier\/files\/2010\/10\/Vargas.jpg?resize=350%2C200","width":350,"height":200},"classes":[]}],"jetpack_sharing_enabled":true,"jetpack_likes_enabled":true,"_links":{"self":[{"href":"https:\/\/blogs.avui.cat\/botonier\/wp-json\/wp\/v2\/posts\/518","targetHints":{"allow":["GET"]}}],"collection":[{"href":"https:\/\/blogs.avui.cat\/botonier\/wp-json\/wp\/v2\/posts"}],"about":[{"href":"https:\/\/blogs.avui.cat\/botonier\/wp-json\/wp\/v2\/types\/post"}],"author":[{"embeddable":true,"href":"https:\/\/blogs.avui.cat\/botonier\/wp-json\/wp\/v2\/users\/126"}],"replies":[{"embeddable":true,"href":"https:\/\/blogs.avui.cat\/botonier\/wp-json\/wp\/v2\/comments?post=518"}],"version-history":[{"count":2,"href":"https:\/\/blogs.avui.cat\/botonier\/wp-json\/wp\/v2\/posts\/518\/revisions"}],"predecessor-version":[{"id":2570,"href":"https:\/\/blogs.avui.cat\/botonier\/wp-json\/wp\/v2\/posts\/518\/revisions\/2570"}],"wp:attachment":[{"href":"https:\/\/blogs.avui.cat\/botonier\/wp-json\/wp\/v2\/media?parent=518"}],"wp:term":[{"taxonomy":"category","embeddable":true,"href":"https:\/\/blogs.avui.cat\/botonier\/wp-json\/wp\/v2\/categories?post=518"},{"taxonomy":"post_tag","embeddable":true,"href":"https:\/\/blogs.avui.cat\/botonier\/wp-json\/wp\/v2\/tags?post=518"}],"curies":[{"name":"wp","href":"https:\/\/api.w.org\/{rel}","templated":true}]}}