{"id":517,"date":"2010-04-22T09:58:00","date_gmt":"2010-04-22T07:58:00","guid":{"rendered":"http:\/\/blogs.avui.cat\/botonier\/2010\/04\/22\/fer-se-creus-de-les-creus-de-sant-jordi\/"},"modified":"2013-06-19T09:47:49","modified_gmt":"2013-06-19T08:47:49","slug":"fer-se-creus-de-les-creus-de-sant-jordi","status":"publish","type":"post","link":"https:\/\/blogs.avui.cat\/botonier\/2010\/04\/22\/fer-se-creus-de-les-creus-de-sant-jordi\/","title":{"rendered":"Fer-se creus de les Creus de Sant Jordi"},"content":{"rendered":"<p><a href=\"https:\/\/i0.wp.com\/4.bp.blogspot.com\/_gS2A8TwyupA\/S9AB1vcPQqI\/AAAAAAAABF4\/3Y0yTAudhPI\/s1600\/images%5B5%5D.jpg\"><img data-recalc-dims=\"1\" decoding=\"async\" src=\"https:\/\/i0.wp.com\/4.bp.blogspot.com\/_gS2A8TwyupA\/S9AB1vcPQqI\/AAAAAAAABF4\/3Y0yTAudhPI\/s200\/images%5B5%5D.jpg\" border=\"0\" \/><\/a><\/p>\n<p>Com cada any el govern ha lliurat les Creus de Sant Jordi, guard\u00f3 creat l&#8217;any 1981 per distingir les persones naturals i jur\u00eddiques que defensin la seva identitat dins d&#8217;un pla cultural o c\u00edvic. <\/p>\n<p>Enguany s\u2019ha atorgat 45 Creus que cobreixen un ampli marge de persones o entitats. Com tot premi \u00e9s molt dif\u00edcil acontentar a tothom, i sempre podem trobar absents o intrusos a la llista dels distingits. <\/p>\n<p>Nom\u00e9s cal mirar (i \u00e9s un exemple sense \u00e0nim comparatiu) les llistes de guardonats amb el premi Nobel per adonar-nos que les mancances s\u00f3n grans i que alguns de cap manera es mereixien ser premiats. El Nobel de Literatura a Jos\u00e9 Echegaray o a Winston Churchill s\u00f3n per  oblidar, com tamb\u00e9 el de la Pau a Kissinger, per exemple. <\/p>\n<p>De les Creus de Sant Jordi d\u2019enguany especialment dues han sorpr\u00e8s i potser necessitaran d\u2019alguna explicaci\u00f3. Em refereixo a les Creus dels fiscals Jos\u00e9 Mar\u00eda de Mena \u00c1lvarez i Carlos Jim\u00e9nez Villarejo, recordats per les seves actuacions en el proc\u00e9s frustrat al President Jordi Pujol. <\/p>\n<p>No es tracta ara de defensar o acusar de nou a Jordi Pujol sin\u00f3 de saber ara, el 2010, quin s\u00f3 m\u00e8rits dels dos fiscals per rebre el guard\u00f3 de la Generalitat. Nom\u00e9s aix\u00f2, una explicaci\u00f3 convincent&#8230; i tots tan contents. \u00bfO no?.<\/p>\n","protected":false},"excerpt":{"rendered":"<p>Com cada any el govern ha lliurat les Creus de Sant Jordi, guard\u00f3 creat l&#8217;any 1981 per distingir les persones naturals i jur\u00eddiques que defensin la seva identitat dins d&#8217;un pla cultural o c\u00edvic. Enguany s\u2019ha atorgat 45 Creus que cobreixen un ampli marge de persones o entitats. Com tot premi \u00e9s molt dif\u00edcil acontentar [&hellip;]<\/p>\n","protected":false},"author":126,"featured_media":0,"comment_status":"closed","ping_status":"closed","sticky":false,"template":"","format":"standard","meta":{"jetpack_post_was_ever_published":false,"_jetpack_newsletter_access":"","_jetpack_dont_email_post_to_subs":false,"_jetpack_newsletter_tier_id":0,"_jetpack_memberships_contains_paywalled_content":false,"_jetpack_memberships_contains_paid_content":false,"footnotes":"","jetpack_publicize_message":"","jetpack_publicize_feature_enabled":true,"jetpack_social_post_already_shared":false,"jetpack_social_options":{"image_generator_settings":{"template":"highway","default_image_id":0,"font":"","enabled":false},"version":2}},"categories":[1],"tags":[],"class_list":["post-517","post","type-post","status-publish","format-standard","hentry","category-general"],"jetpack_publicize_connections":[],"jetpack_featured_media_url":"","jetpack-related-posts":[{"id":304,"url":"https:\/\/blogs.avui.cat\/botonier\/2009\/07\/09\/jordi-savall-un-premi-mes-que-merescut\/","url_meta":{"origin":517,"position":0},"title":"Jordi Savall: un premi m\u00e9s que merescut","author":"Ramon Boixet","date":"9 juliol 2009","format":false,"excerpt":"Jordi Savall ha estat distingit amb el Premi Nacional de M\u00fasica de la Generalitat de Catalunya, cosa que ha alegrat a tots els seus molts seguidors i molt principalment els de Su\u00efssa, que d\u2019alguna manera tamb\u00e9 ha fet una mica seva aquesta distinci\u00f3. Cap a l\u2019any 1968 va arribar Jordi\u2026","rel":"","context":"A &quot;General&quot;","block_context":{"text":"General","link":"https:\/\/blogs.avui.cat\/botonier\/category\/general\/"},"img":{"alt_text":"","src":"","width":0,"height":0},"classes":[]},{"id":76,"url":"https:\/\/blogs.avui.cat\/botonier\/2008\/10\/15\/lsd-i-la-bona-confitura\/","url_meta":{"origin":517,"position":1},"title":"LSD i la bona confitura","author":"Ramon Boixet","date":"15 octubre 2008","format":false,"excerpt":"Un lector d'aquest blog em suggereix que algun dia parli del Doctor Albert Hoffmann, ciutad\u00e0 il\u00b7lustre de la ciutat de Basilea. Encara que el seu nom no sigui massa conegut nom\u00e9s cal dir que \u00e9s el descobridor de la LSD, es a dir la dietilamida del \u00e0cid lis\u00e8rgic, que va\u2026","rel":"","context":"A &quot;General&quot;","block_context":{"text":"General","link":"https:\/\/blogs.avui.cat\/botonier\/category\/general\/"},"img":{"alt_text":"","src":"","width":0,"height":0},"classes":[]},{"id":22,"url":"https:\/\/blogs.avui.cat\/botonier\/2008\/04\/23\/el-roine-i-sant-jordi\/","url_meta":{"origin":517,"position":2},"title":"El Roine i Sant Jordi","author":"Ramon Boixet","date":"23 abril 2008","format":false,"excerpt":"Per diversos motius, entre ells un viatge, he estat allunyat bastants dies d\u2019aquest blog. Temes per tractar no n\u2019han mancat, tant pol\u00edtics com socials i incl\u00fas personals.Fins i tot el tema de l\u2019aigua i de les diverses solucions plantejades per abastir la ciutat de Barcelona pot tenir una \u00f2ptica su\u00efssa\u2026","rel":"","context":"A &quot;General&quot;","block_context":{"text":"General","link":"https:\/\/blogs.avui.cat\/botonier\/category\/general\/"},"img":{"alt_text":"","src":"","width":0,"height":0},"classes":[]},{"id":569,"url":"https:\/\/blogs.avui.cat\/botonier\/2010\/06\/19\/laeroport-de-barcelona-no-es-el-millor\/","url_meta":{"origin":517,"position":3},"title":"L&#8217;aeroport de Barcelona no \u00e9s el millor","author":"Ramon Boixet","date":"19 juny 2010","format":false,"excerpt":"El Consell Internacional d\u2019Aeroports d\u2019Europa ha distingit l\u2019aeroport de Barcelona com el millor de l\u2019any dins de la categoria d'aeroports amb m\u00e9s de 25 milions de passatgers. Sembla que el premi \u00e9s, en gran part, degut a la terminal T1 de la que el jurat ha valorat el disseny, l'agilitat\u2026","rel":"","context":"A &quot;General&quot;","block_context":{"text":"General","link":"https:\/\/blogs.avui.cat\/botonier\/category\/general\/"},"img":{"alt_text":"","src":"","width":0,"height":0},"classes":[]},{"id":741,"url":"https:\/\/blogs.avui.cat\/botonier\/2010\/06\/19\/laeroport-de-barcelona-no-es-el-millor-2\/","url_meta":{"origin":517,"position":4},"title":"L&#8217;aeroport de Barcelona no \u00e9s el millor","author":"Ramon Boixet","date":"19 juny 2010","format":false,"excerpt":"El Consell Internacional d\u2019Aeroports d\u2019Europa ha distingit l\u2019aeroport de Barcelona com el millor de l\u2019any dins de la categoria d'aeroports amb m\u00e9s de 25 milions de passatgers. Sembla que el premi \u00e9s, en gran part, degut a la terminal T1 de la que el jurat ha valorat el disseny, l'agilitat\u2026","rel":"","context":"A &quot;General&quot;","block_context":{"text":"General","link":"https:\/\/blogs.avui.cat\/botonier\/category\/general\/"},"img":{"alt_text":"","src":"","width":0,"height":0},"classes":[]},{"id":3854,"url":"https:\/\/blogs.avui.cat\/botonier\/2026\/03\/29\/el-nobel-que-em-va-avorrir-3\/","url_meta":{"origin":517,"position":5},"title":"El Nobel que em va avorrir","author":"Ramon Boixet","date":"29 mar\u00e7 2026","format":false,"excerpt":"El dissabte dia 28 de mars, l\u2019escriptor Mario Vargas Llosa hauria complert noranta anys. Va ser molt actiu i va publicar molts llibres amb gran \u00e8xit de lectors. Fins i tot va rebre el Premi Nobel de Literatura tot i que \u00e9s un premi molt discutit i discutible. Calgui recordar\u2026","rel":"","context":"A &quot;General&quot;","block_context":{"text":"General","link":"https:\/\/blogs.avui.cat\/botonier\/category\/general\/"},"img":{"alt_text":"","src":"https:\/\/i0.wp.com\/blogs.avui.cat\/botonier\/files\/2010\/10\/Vargas.jpg?resize=350%2C200","width":350,"height":200},"classes":[]}],"jetpack_sharing_enabled":true,"jetpack_likes_enabled":true,"_links":{"self":[{"href":"https:\/\/blogs.avui.cat\/botonier\/wp-json\/wp\/v2\/posts\/517","targetHints":{"allow":["GET"]}}],"collection":[{"href":"https:\/\/blogs.avui.cat\/botonier\/wp-json\/wp\/v2\/posts"}],"about":[{"href":"https:\/\/blogs.avui.cat\/botonier\/wp-json\/wp\/v2\/types\/post"}],"author":[{"embeddable":true,"href":"https:\/\/blogs.avui.cat\/botonier\/wp-json\/wp\/v2\/users\/126"}],"replies":[{"embeddable":true,"href":"https:\/\/blogs.avui.cat\/botonier\/wp-json\/wp\/v2\/comments?post=517"}],"version-history":[{"count":2,"href":"https:\/\/blogs.avui.cat\/botonier\/wp-json\/wp\/v2\/posts\/517\/revisions"}],"predecessor-version":[{"id":2571,"href":"https:\/\/blogs.avui.cat\/botonier\/wp-json\/wp\/v2\/posts\/517\/revisions\/2571"}],"wp:attachment":[{"href":"https:\/\/blogs.avui.cat\/botonier\/wp-json\/wp\/v2\/media?parent=517"}],"wp:term":[{"taxonomy":"category","embeddable":true,"href":"https:\/\/blogs.avui.cat\/botonier\/wp-json\/wp\/v2\/categories?post=517"},{"taxonomy":"post_tag","embeddable":true,"href":"https:\/\/blogs.avui.cat\/botonier\/wp-json\/wp\/v2\/tags?post=517"}],"curies":[{"name":"wp","href":"https:\/\/api.w.org\/{rel}","templated":true}]}}