{"id":490,"date":"2010-03-27T09:45:00","date_gmt":"2010-03-27T07:45:00","guid":{"rendered":"http:\/\/blogs.avui.cat\/botonier\/2010\/03\/27\/lamenaca-de-larmament-nuclear\/"},"modified":"2013-06-19T09:47:51","modified_gmt":"2013-06-19T08:47:51","slug":"lamenaca-de-larmament-nuclear","status":"publish","type":"post","link":"https:\/\/blogs.avui.cat\/botonier\/2010\/03\/27\/lamenaca-de-larmament-nuclear\/","title":{"rendered":"L&#8217;amena\u00e7a de l&#8217;armament nuclear"},"content":{"rendered":"<p><a href=\"https:\/\/i0.wp.com\/3.bp.blogspot.com\/_gS2A8TwyupA\/S624JeouqZI\/AAAAAAAABDo\/7ur6x_5LdMk\/s1600\/Nuklearwaffen.JPG\"><img data-recalc-dims=\"1\" decoding=\"async\" src=\"https:\/\/i0.wp.com\/3.bp.blogspot.com\/_gS2A8TwyupA\/S624JeouqZI\/AAAAAAAABDo\/7ur6x_5LdMk\/s200\/Nuklearwaffen.JPG\" border=\"0\" \/><\/a><br \/>La noticia disposa de tots els ingredients per tranquil\u2022litzar, i fins i tot alegrar, a tothom: els Estats Units i R\u00fassia han arribat a un acord per signar un tractat per a la reducci\u00f3 d&#8217;armament nuclear. Sembla que aquest tractat vol reduir fins a un ter\u00e7 les armes nuclears d&#8217;arreu del m\u00f3n, comen\u00e7ant per les seves. <\/p>\n<p>Si alguna cosa m\u2019han ensenyat els anys \u00e9s que les coses ni s\u00f3n com ens diuen ni s\u00f3n com sembla que s\u00f3n. Altrament dit, les explicacions que rebem sempre estan manipulades per no ofendre el dret a la informaci\u00f3, per\u00f2 mai s\u00f3n certes al cent per cent. Els que manen realment (que no s\u00f3n mai els que sembla que manen) no volen ensenyar les seves cartes marcades. <\/p>\n<p>A mi m\u2019agradaria saber els motius de la signatura del pacte de reducci\u00f3 d\u2019armes nuclears, ara que tants pa\u00efsos posseeixen aquest tipus d\u2019armament destructiu: Xina, India, Pakistan, Israel, Fran\u00e7a, Corea del Nord i alguns altres, i fins i tot l\u2019Iraq pot estar en condicions d\u2019entrar en aquest selecte club de potencials destructors de la Terra.<\/p>\n<p>Tant els Estats Units com R\u00fassia poden destruir la humanitat amb una petita part de l\u2019armament nuclear que diuen posseir. Reduir-lo fins a un ter\u00e7 no crec que ens permeti dormir m\u00e9s tranquils, encara que \u00e9s millor destruir les armes que construir-ne de noves. <\/p>\n<p>Aquest gest, que sembla fet pensant en benefici de la humanitat, no m\u2019acaba de conv\u00e8ncer. Dubto que ens expliquin el fons de l\u2019acord, si \u00e9s que s\u2019arriba a signar perqu\u00e8 encara ho han d\u2019aprovar ambd\u00f3s parlaments. <\/p>\n<p>Tindria d\u2019estar content, i estic amo\u00efnat. Seran coses meves.<\/p>\n","protected":false},"excerpt":{"rendered":"<p>La noticia disposa de tots els ingredients per tranquil\u2022litzar, i fins i tot alegrar, a tothom: els Estats Units i R\u00fassia han arribat a un acord per signar un tractat per a la reducci\u00f3 d&#8217;armament nuclear. Sembla que aquest tractat vol reduir fins a un ter\u00e7 les armes nuclears d&#8217;arreu del m\u00f3n, comen\u00e7ant per les [&hellip;]<\/p>\n","protected":false},"author":126,"featured_media":0,"comment_status":"closed","ping_status":"closed","sticky":false,"template":"","format":"standard","meta":{"jetpack_post_was_ever_published":false,"_jetpack_newsletter_access":"","_jetpack_dont_email_post_to_subs":false,"_jetpack_newsletter_tier_id":0,"_jetpack_memberships_contains_paywalled_content":false,"_jetpack_memberships_contains_paid_content":false,"footnotes":"","jetpack_publicize_message":"","jetpack_publicize_feature_enabled":true,"jetpack_social_post_already_shared":false,"jetpack_social_options":{"image_generator_settings":{"template":"highway","default_image_id":0,"font":"","enabled":false},"version":2}},"categories":[1],"tags":[],"class_list":["post-490","post","type-post","status-publish","format-standard","hentry","category-general"],"jetpack_publicize_connections":[],"jetpack_featured_media_url":"","jetpack-related-posts":[{"id":726,"url":"https:\/\/blogs.avui.cat\/botonier\/2010\/03\/27\/lamenaca-de-larmament-nuclear-2\/","url_meta":{"origin":490,"position":0},"title":"L&#8217;amena\u00e7a de l&#8217;armament nuclear","author":"Ramon Boixet","date":"27 mar\u00e7 2010","format":false,"excerpt":"La noticia disposa de tots els ingredients per tranquil\u2022litzar, i fins i tot alegrar, a tothom: els Estats Units i R\u00fassia han arribat a un acord per signar un tractat per a la reducci\u00f3 d'armament nuclear. Sembla que aquest tractat vol reduir fins a un ter\u00e7 les armes nuclears d'arreu\u2026","rel":"","context":"A &quot;General&quot;","block_context":{"text":"General","link":"https:\/\/blogs.avui.cat\/botonier\/category\/general\/"},"img":{"alt_text":"","src":"","width":0,"height":0},"classes":[]},{"id":333,"url":"https:\/\/blogs.avui.cat\/botonier\/2009\/08\/18\/%c2%a1ens-han-enganyat-a-tots\/","url_meta":{"origin":490,"position":1},"title":"\u00a1Ens han enganyat a tots!","author":"Ramon Boixet","date":"18 agost 2009","format":false,"excerpt":"La rocambolesca historia del vaixell de c\u00e0rrega finland\u00e8s Arctic Sea, perdut el 24 de juliol al B\u00e0ltic i que va reapar\u00e8ixer fa dos dies davant les costes d\u2019Africa demostra fins a quin punt malgrat l\u2019allau d\u2019informacions que rebem seguim estant desinformats.Potser no sabrem mai la veritat de l'aparent segrest perqu\u00e8\u2026","rel":"","context":"A &quot;General&quot;","block_context":{"text":"General","link":"https:\/\/blogs.avui.cat\/botonier\/category\/general\/"},"img":{"alt_text":"","src":"","width":0,"height":0},"classes":[]},{"id":168,"url":"https:\/\/blogs.avui.cat\/botonier\/2009\/02\/04\/el-formatge-de-mcdonald%e2%80%99s\/","url_meta":{"origin":490,"position":2},"title":"El formatge de McDonald\u2019s","author":"Ramon Boixet","date":"4 febrer 2009","format":false,"excerpt":"\u00c9s probable que no hi hagin solucions r\u00e0pides per reduir la crisi que moltes empreses pateixen. Si fem cas dels que sembla que manen, les solucions s\u00f3n escasses perqu\u00e8 tots van de b\u00f2lit.L\u2019iniciativa privada sempre ha semblat anar millor que la estatal, sigui quin sigui el pa\u00eds. En primer lloc\u2026","rel":"","context":"A &quot;General&quot;","block_context":{"text":"General","link":"https:\/\/blogs.avui.cat\/botonier\/category\/general\/"},"img":{"alt_text":"","src":"","width":0,"height":0},"classes":[]},{"id":385,"url":"https:\/\/blogs.avui.cat\/botonier\/2009\/11\/10\/locell-del-cern\/","url_meta":{"origin":490,"position":3},"title":"L&#8217;ocell del CERN","author":"Ramon Boixet","date":"10 novembre 2009","format":false,"excerpt":"La noticia, publicada discretament, ens d\u00f3na una lli\u00e7\u00f3 d\u2019humilitat i una advert\u00e8ncia davant la prepot\u00e8ncia de la ci\u00e8ncia.Recordem que a Ginebra es troba la seu del CERN (Centre Europeu de Recerca Nuclear), capdavanter en investigaci\u00f3 nuclear i on treballen cient\u00edfics de molts pa\u00edsos. Una de les peces m\u00e9s importants del\u2026","rel":"","context":"A &quot;General&quot;","block_context":{"text":"General","link":"https:\/\/blogs.avui.cat\/botonier\/category\/general\/"},"img":{"alt_text":"","src":"","width":0,"height":0},"classes":[]},{"id":699,"url":"https:\/\/blogs.avui.cat\/botonier\/2009\/11\/10\/locell-del-cern-2\/","url_meta":{"origin":490,"position":4},"title":"L&#8217;ocell del CERN","author":"Ramon Boixet","date":"10 novembre 2009","format":false,"excerpt":"La noticia, publicada discretament, ens d\u00f3na una lli\u00e7\u00f3 d\u2019humilitat i una advert\u00e8ncia davant la prepot\u00e8ncia de la ci\u00e8ncia.Recordem que a Ginebra es troba la seu del CERN (Centre Europeu de Recerca Nuclear), capdavanter en investigaci\u00f3 nuclear i on treballen cient\u00edfics de molts pa\u00edsos. Una de les peces m\u00e9s importants del\u2026","rel":"","context":"A &quot;General&quot;","block_context":{"text":"General","link":"https:\/\/blogs.avui.cat\/botonier\/category\/general\/"},"img":{"alt_text":"","src":"","width":0,"height":0},"classes":[]},{"id":267,"url":"https:\/\/blogs.avui.cat\/botonier\/2009\/05\/30\/el-nas-dels-politics\/","url_meta":{"origin":490,"position":5},"title":"El nas dels pol\u00edtics","author":"Ramon Boixet","date":"30 maig 2009","format":false,"excerpt":"Recordo un di\u00e0leg, crec que de Pitigrilli:- La culpa de tot \u00e9s dels pol\u00edtics.- Dels pol\u00edtics i dels futbolistes.- Perqu\u00e8 dels futbolistes?.- I perqu\u00e8 dels pol\u00edtics?. Aix\u00f2 que sembla un \u00ab Dialogo para besugos \u00bb del TBO de la meva inf\u00e0ncia \u00e9s el pa de cada dia: donar la culpa\u2026","rel":"","context":"A &quot;General&quot;","block_context":{"text":"General","link":"https:\/\/blogs.avui.cat\/botonier\/category\/general\/"},"img":{"alt_text":"","src":"","width":0,"height":0},"classes":[]}],"jetpack_sharing_enabled":true,"jetpack_likes_enabled":true,"_links":{"self":[{"href":"https:\/\/blogs.avui.cat\/botonier\/wp-json\/wp\/v2\/posts\/490","targetHints":{"allow":["GET"]}}],"collection":[{"href":"https:\/\/blogs.avui.cat\/botonier\/wp-json\/wp\/v2\/posts"}],"about":[{"href":"https:\/\/blogs.avui.cat\/botonier\/wp-json\/wp\/v2\/types\/post"}],"author":[{"embeddable":true,"href":"https:\/\/blogs.avui.cat\/botonier\/wp-json\/wp\/v2\/users\/126"}],"replies":[{"embeddable":true,"href":"https:\/\/blogs.avui.cat\/botonier\/wp-json\/wp\/v2\/comments?post=490"}],"version-history":[{"count":2,"href":"https:\/\/blogs.avui.cat\/botonier\/wp-json\/wp\/v2\/posts\/490\/revisions"}],"predecessor-version":[{"id":2591,"href":"https:\/\/blogs.avui.cat\/botonier\/wp-json\/wp\/v2\/posts\/490\/revisions\/2591"}],"wp:attachment":[{"href":"https:\/\/blogs.avui.cat\/botonier\/wp-json\/wp\/v2\/media?parent=490"}],"wp:term":[{"taxonomy":"category","embeddable":true,"href":"https:\/\/blogs.avui.cat\/botonier\/wp-json\/wp\/v2\/categories?post=490"},{"taxonomy":"post_tag","embeddable":true,"href":"https:\/\/blogs.avui.cat\/botonier\/wp-json\/wp\/v2\/tags?post=490"}],"curies":[{"name":"wp","href":"https:\/\/api.w.org\/{rel}","templated":true}]}}