{"id":46,"date":"2008-06-16T07:52:00","date_gmt":"2008-06-16T05:52:00","guid":{"rendered":"http:\/\/blogs.avui.cat\/botonier\/2008\/06\/16\/tornem-hi-amb-la-uefa\/"},"modified":"2013-06-19T09:50:48","modified_gmt":"2013-06-19T08:50:48","slug":"tornem-hi-amb-la-uefa","status":"publish","type":"post","link":"https:\/\/blogs.avui.cat\/botonier\/2008\/06\/16\/tornem-hi-amb-la-uefa\/","title":{"rendered":"Tornem-hi amb la UEFA !"},"content":{"rendered":"<p><a href=\"https:\/\/i0.wp.com\/bp2.blogger.com\/_gS2A8TwyupA\/SFYArH0i8jI\/AAAAAAAAAFs\/gMlgbEl8IQI\/s1600-h\/UEFA%2B3.JPG\"><img data-recalc-dims=\"1\" decoding=\"async\" src=\"https:\/\/i0.wp.com\/bp2.blogger.com\/_gS2A8TwyupA\/SFYArH0i8jI\/AAAAAAAAAFs\/gMlgbEl8IQI\/s200\/UEFA%2B3.JPG\" border=\"0\" \/><\/a><br \/>Em sap molt greu, per\u00f2 encara que no soc massa \u201cfutbolero\u201d certes noticies em revolten i una vegada m\u00e9s toca a la UEFA la vergonya de ser acusada de prendre el p\u00e8l a tots els que permeten que s&#8217;embutxaqui molts milions.<\/p>\n<p>Aquest cap de setmana, la premsa su\u00efssa ha demostrat que les imatges que la televisi\u00f3 retransmet sobre els partits de Campionat d&#8217;Europa de Futbol  han estat manipulades, \u00e9s a dir censurades, per la UEFA. <\/p>\n<p>Resulta que per contracte la UEFA te els drets de captaci\u00f3 i retransmissi\u00f3 d&#8217;imatges de televisi\u00f3 en tots els camps del campionat. Les televisions estatals o privades de Su\u00efssa i Austria no tenen altre dret que el de comprar les imatges a la UEFA, que \u00e9s la que contracta material  i t\u00e9cnics i la que decideix quines imarges surten a la xarxa i quines no. <\/p>\n<p>Qualsevol incident, cartell, actitud del p\u00fablic o similar que no agradi a la totpoderosa UEFA, no es retransmet i ning\u00fa arreu del mon ho veu fora dels que estan al camp.  El Director General de la Televisi\u00f3 Su\u00efssa ja ha fet una protesta formal perque considera inadmissible aquesta censura. <\/p>\n<p>Lamentablement, no crec que passi res. Per\u00f3 ens conv\u00e9 no oblidar que el \u201cprofeta\u201d Orwell tenia molta ra\u00f3 i que fins i tot en mat\u00e8ries diguem-ne de segona l\u00ednia, estem manipulats i poques vegades ens en donem compte. <\/p>\n","protected":false},"excerpt":{"rendered":"<p>Em sap molt greu, per\u00f2 encara que no soc massa \u201cfutbolero\u201d certes noticies em revolten i una vegada m\u00e9s toca a la UEFA la vergonya de ser acusada de prendre el p\u00e8l a tots els que permeten que s&#8217;embutxaqui molts milions. Aquest cap de setmana, la premsa su\u00efssa ha demostrat que les imatges que la [&hellip;]<\/p>\n","protected":false},"author":126,"featured_media":0,"comment_status":"closed","ping_status":"closed","sticky":false,"template":"","format":"standard","meta":{"jetpack_post_was_ever_published":false,"_jetpack_newsletter_access":"","_jetpack_dont_email_post_to_subs":false,"_jetpack_newsletter_tier_id":0,"_jetpack_memberships_contains_paywalled_content":false,"_jetpack_memberships_contains_paid_content":false,"footnotes":"","jetpack_publicize_message":"","jetpack_publicize_feature_enabled":true,"jetpack_social_post_already_shared":false,"jetpack_social_options":{"image_generator_settings":{"template":"highway","default_image_id":0,"font":"","enabled":false},"version":2}},"categories":[1],"tags":[],"class_list":["post-46","post","type-post","status-publish","format-standard","hentry","category-general"],"jetpack_publicize_connections":[],"jetpack_featured_media_url":"","jetpack-related-posts":[{"id":45,"url":"https:\/\/blogs.avui.cat\/botonier\/2008\/06\/09\/la-uefa-i-la-mercedes-benz-comedia-en-cinc-actes\/","url_meta":{"origin":46,"position":0},"title":"La UEFA i la Mercedes-Benz (Comedia en cinc actes)","author":"Ramon Boixet","date":"9 juny 2008","format":false,"excerpt":"Primer acteLa UEFA va signar amb la Federaci\u00f3 de Futbol de Su\u00efssa (i amb la de Austria), amb les ciutats seu dels partits del Campionat de Europa acabat de comen\u00e7ar i amb els propietaris del estadis elegits una serie de contractes per assegurar un bon Campionat. Naturalment la UEFA va\u2026","rel":"","context":"A &quot;General&quot;","block_context":{"text":"General","link":"https:\/\/blogs.avui.cat\/botonier\/category\/general\/"},"img":{"alt_text":"","src":"","width":0,"height":0},"classes":[]},{"id":563,"url":"https:\/\/blogs.avui.cat\/botonier\/2010\/06\/12\/futbol-fins-a-les-sopes\/","url_meta":{"origin":46,"position":1},"title":"Futbol fins a les sopes","author":"Ramon Boixet","date":"12 juny 2010","format":false,"excerpt":"Ja est\u00e0vem avisats. Tots sab\u00edem que l\u2019inici del Campionat del M\u00f3n de Futbol a Sud-\u00e0frica, apart el fet estrictament esportiu, permetria de fer de cortina de fum i tapar per uns dies fets i dits amb m\u00e9s transcend\u00e8ncia real. Per uns dies, el circ passar\u00e0 per davant del pa, capgirant\u2026","rel":"","context":"A &quot;General&quot;","block_context":{"text":"General","link":"https:\/\/blogs.avui.cat\/botonier\/category\/general\/"},"img":{"alt_text":"","src":"","width":0,"height":0},"classes":[]},{"id":536,"url":"https:\/\/blogs.avui.cat\/botonier\/2010\/05\/13\/la-generalitat-valenciana-i-la-llibertat-dinformacio\/","url_meta":{"origin":46,"position":2},"title":"La Generalitat Valenciana i la llibertat d&#8217;informaci\u00f3","author":"Ramon Boixet","date":"13 maig 2010","format":false,"excerpt":"Ara resulta que el govern del PP liderat per Francisco Camps vol fer tancar els repetidors que permeten que Catalunya Radio s\u2019escolti al Pa\u00eds Valenci\u00e0, en un acte que s\u2019uneix al decretat silenci de les emissions de TV3. Diu el govern valenci\u00e0 que es tracta d\u2019una mesura administrativa i no\u2026","rel":"","context":"A &quot;General&quot;","block_context":{"text":"General","link":"https:\/\/blogs.avui.cat\/botonier\/category\/general\/"},"img":{"alt_text":"","src":"","width":0,"height":0},"classes":[]},{"id":734,"url":"https:\/\/blogs.avui.cat\/botonier\/2010\/05\/13\/la-generalitat-valenciana-i-la-llibertat-dinformacio-2\/","url_meta":{"origin":46,"position":3},"title":"La Generalitat Valenciana i la llibertat d&#8217;informaci\u00f3","author":"Ramon Boixet","date":"13 maig 2010","format":false,"excerpt":"Ara resulta que el govern del PP liderat per Francisco Camps vol fer tancar els repetidors que permeten que Catalunya Radio s\u2019escolti al Pa\u00eds Valenci\u00e0, en un acte que s\u2019uneix al decretat silenci de les emissions de TV3. Diu el govern valenci\u00e0 que es tracta d\u2019una mesura administrativa i no\u2026","rel":"","context":"A &quot;General&quot;","block_context":{"text":"General","link":"https:\/\/blogs.avui.cat\/botonier\/category\/general\/"},"img":{"alt_text":"","src":"","width":0,"height":0},"classes":[]},{"id":13,"url":"https:\/\/blogs.avui.cat\/botonier\/2008\/02\/29\/catalunya-grisa\/","url_meta":{"origin":46,"position":4},"title":"Catalunya grisa?","author":"Ramon Boixet","date":"29 febrer 2008","format":false,"excerpt":"Gaireb\u00e9 fa 40 anys que visc a Su\u00efssa. Mai he deixat de seguir les incid\u00e8ncies que tant a Manresa con a Catalunya han anat succeint. Gr\u00e0cies a Internet, les possibilitats d\u2019estar informat per premsa, radio i televisi\u00f3 han augmentat considerablement fins a donar la falsa sensaci\u00f3 de participar a certs\u2026","rel":"","context":"A &quot;General&quot;","block_context":{"text":"General","link":"https:\/\/blogs.avui.cat\/botonier\/category\/general\/"},"img":{"alt_text":"","src":"","width":0,"height":0},"classes":[]},{"id":348,"url":"https:\/\/blogs.avui.cat\/botonier\/2009\/09\/07\/les-vacances-dels-politics\/","url_meta":{"origin":46,"position":5},"title":"Les vacances dels pol\u00edtics","author":"Ramon Boixet","date":"7 setembre 2009","format":false,"excerpt":"\u00c9s encara una de les poques coses no legislades per\u00f2 avui per a molta gent, la normalitat ha tornat a les cases i les vacances es donen per acabades. Els que vivim a l\u2019Europa Central ja fa alguns dies que aquest fet sociol\u00f2gic ens va arribar, de manera que malgrat\u2026","rel":"","context":"A &quot;General&quot;","block_context":{"text":"General","link":"https:\/\/blogs.avui.cat\/botonier\/category\/general\/"},"img":{"alt_text":"","src":"","width":0,"height":0},"classes":[]}],"jetpack_sharing_enabled":true,"jetpack_likes_enabled":true,"_links":{"self":[{"href":"https:\/\/blogs.avui.cat\/botonier\/wp-json\/wp\/v2\/posts\/46","targetHints":{"allow":["GET"]}}],"collection":[{"href":"https:\/\/blogs.avui.cat\/botonier\/wp-json\/wp\/v2\/posts"}],"about":[{"href":"https:\/\/blogs.avui.cat\/botonier\/wp-json\/wp\/v2\/types\/post"}],"author":[{"embeddable":true,"href":"https:\/\/blogs.avui.cat\/botonier\/wp-json\/wp\/v2\/users\/126"}],"replies":[{"embeddable":true,"href":"https:\/\/blogs.avui.cat\/botonier\/wp-json\/wp\/v2\/comments?post=46"}],"version-history":[{"count":2,"href":"https:\/\/blogs.avui.cat\/botonier\/wp-json\/wp\/v2\/posts\/46\/revisions"}],"predecessor-version":[{"id":3285,"href":"https:\/\/blogs.avui.cat\/botonier\/wp-json\/wp\/v2\/posts\/46\/revisions\/3285"}],"wp:attachment":[{"href":"https:\/\/blogs.avui.cat\/botonier\/wp-json\/wp\/v2\/media?parent=46"}],"wp:term":[{"taxonomy":"category","embeddable":true,"href":"https:\/\/blogs.avui.cat\/botonier\/wp-json\/wp\/v2\/categories?post=46"},{"taxonomy":"post_tag","embeddable":true,"href":"https:\/\/blogs.avui.cat\/botonier\/wp-json\/wp\/v2\/tags?post=46"}],"curies":[{"name":"wp","href":"https:\/\/api.w.org\/{rel}","templated":true}]}}