{"id":45,"date":"2008-06-09T09:12:00","date_gmt":"2008-06-09T07:12:00","guid":{"rendered":"http:\/\/blogs.avui.cat\/botonier\/2008\/06\/09\/la-uefa-i-la-mercedes-benz-comedia-en-cinc-actes\/"},"modified":"2013-06-19T09:50:48","modified_gmt":"2013-06-19T08:50:48","slug":"la-uefa-i-la-mercedes-benz-comedia-en-cinc-actes","status":"publish","type":"post","link":"https:\/\/blogs.avui.cat\/botonier\/2008\/06\/09\/la-uefa-i-la-mercedes-benz-comedia-en-cinc-actes\/","title":{"rendered":"La UEFA i la Mercedes-Benz (Comedia en cinc actes)"},"content":{"rendered":"<p><a href=\"https:\/\/i0.wp.com\/bp3.blogger.com\/_gS2A8TwyupA\/SEza-BDBUYI\/AAAAAAAAAFk\/qdlIx6Vwclk\/s1600-h\/UEFA2.jpg\"><img data-recalc-dims=\"1\" decoding=\"async\" src=\"https:\/\/i0.wp.com\/bp3.blogger.com\/_gS2A8TwyupA\/SEza-BDBUYI\/AAAAAAAAAFk\/qdlIx6Vwclk\/s200\/UEFA2.jpg\" border=\"0\" \/><\/a><br \/>Primer acte<\/p>\n<p>La UEFA va signar amb la Federaci\u00f3 de Futbol de Su\u00efssa (i amb la de Austria), amb les ciutats seu dels partits del Campionat de Europa acabat de comen\u00e7ar i amb els propietaris del estadis elegits una serie de contractes per assegurar un bon Campionat. Naturalment la UEFA va adoptar la posici\u00f3 del fort, ja que \u00e9s la que disposa dels drets sobre el Campionat, i per tant va exigir molt i va donar poc. <\/p>\n<p>Segon acte<\/p>\n<p>La UEFA va signar amb empreses de gran nivell uns contractes com a patrocinadors, o sponsors com \u00e9s diu ara. En els contractes (molt substanciosos per la UEFA) els patrocinadors tenien assegurat que  dins dels estadis, en tota la propaganda oficial, en els espais acotats per fer retransmissions massives i en la denominada Zona 1 ( els voltants dels estadis) no es permetria cap propaganda o consum de productes que no fossin dels patrocinadors.<\/p>\n<p>Tercer acte<\/p>\n<p>Prop del Estadi St.Jakob de Basilea fa poc que es va obrir una distribu\u00efdora d&#8217;autom\u00f2bils Mercedes-Benz. Tan la zona d&#8217;exhibici\u00f3 com la part administrativa estan dins d&#8217;un magnific edifici dissenyat per els arquitectes su\u00efssos  Herzog i de Meuron, coneguts mundialment i que han dissenyat l&#8217;estadi ol\u00edmpic de Beijing i el F\u00f2rum de Barcelona entre altres moltes obres. <\/p>\n<p>Quart acte<\/p>\n<p>La UEFA ha obligat a la distribu\u00efdora a cobrir la fa\u00e7ana i naturalment el signet i el nom de l&#8217;empresa durant el campionat de futbol ja que  el fabricant asiatic Hyundai te un contracte de patrocinador i no es pot tolerar competencia tan prop de l&#8217;estadi.  <\/p>\n<p>Els dies de partit, la Mercedes-Benz ha donat lliure als seus empleats. Els altres dies, treballen amb llum artificial ja que tota la fa\u00e7ana de vidre est\u00e0 tapada per no mostrar els cotxes exposats a l&#8217;interior. <\/p>\n<p>Cinqu\u00e8 acte<\/p>\n<p>El director de la distribu\u00efdora Mercedes-Benz diu que, en el fons, est\u00e0 content de la decisi\u00f3 de la UEFA perqu\u00e8 han tingut i tenen una molt bona propaganda, que no costa ni un ral, ja que tots els mitjans de comunicaci\u00f3 parlen d&#8217;aquest fet. <\/p>\n<p>Conclusi\u00f3<\/p>\n<p>La conclusi\u00f3 \u00e9s que no hi ha conclusi\u00f3. Per una part molesta la prepot\u00e8ncia de la UEFA, que s&#8217;embutxaca molts milions i que ve  amb exig\u00e8ncies que contradiuen la pol\u00edtica de lliure mercat ja que aqu\u00ed parlem d&#8217;un espai fora de l&#8217;estadi, de domini public, d&#8217;una empresa amb tots els permisos per treballar i que paga els seus impostos. Per altre part, el distribu\u00efdor Mercedes-Benz que aprofita de la situaci\u00f3 (injusta) per fer propaganda gratu\u00efta del seu negoci. <\/p>\n<p>En el fons, arribem al mateix punt de sempre, i que en catal\u00e0 vulgar s&#8217;expressa com \u201cla pela \u00e9s la pela\u201d.<\/p>\n","protected":false},"excerpt":{"rendered":"<p>Primer acte La UEFA va signar amb la Federaci\u00f3 de Futbol de Su\u00efssa (i amb la de Austria), amb les ciutats seu dels partits del Campionat de Europa acabat de comen\u00e7ar i amb els propietaris del estadis elegits una serie de contractes per assegurar un bon Campionat. Naturalment la UEFA va adoptar la posici\u00f3 del [&hellip;]<\/p>\n","protected":false},"author":126,"featured_media":0,"comment_status":"closed","ping_status":"closed","sticky":false,"template":"","format":"standard","meta":{"jetpack_post_was_ever_published":false,"_jetpack_newsletter_access":"","_jetpack_dont_email_post_to_subs":false,"_jetpack_newsletter_tier_id":0,"_jetpack_memberships_contains_paywalled_content":false,"_jetpack_memberships_contains_paid_content":false,"footnotes":"","jetpack_publicize_message":"","jetpack_publicize_feature_enabled":true,"jetpack_social_post_already_shared":false,"jetpack_social_options":{"image_generator_settings":{"template":"highway","default_image_id":0,"font":"","enabled":false},"version":2}},"categories":[1],"tags":[],"class_list":["post-45","post","type-post","status-publish","format-standard","hentry","category-general"],"jetpack_publicize_connections":[],"jetpack_featured_media_url":"","jetpack-related-posts":[{"id":46,"url":"https:\/\/blogs.avui.cat\/botonier\/2008\/06\/16\/tornem-hi-amb-la-uefa\/","url_meta":{"origin":45,"position":0},"title":"Tornem-hi amb la UEFA !","author":"Ramon Boixet","date":"16 juny 2008","format":false,"excerpt":"Em sap molt greu, per\u00f2 encara que no soc massa \u201cfutbolero\u201d certes noticies em revolten i una vegada m\u00e9s toca a la UEFA la vergonya de ser acusada de prendre el p\u00e8l a tots els que permeten que s'embutxaqui molts milions.Aquest cap de setmana, la premsa su\u00efssa ha demostrat que\u2026","rel":"","context":"A &quot;General&quot;","block_context":{"text":"General","link":"https:\/\/blogs.avui.cat\/botonier\/category\/general\/"},"img":{"alt_text":"","src":"","width":0,"height":0},"classes":[]},{"id":558,"url":"https:\/\/blogs.avui.cat\/botonier\/2010\/06\/03\/els-privilegis-dels-futbolistes\/","url_meta":{"origin":45,"position":1},"title":"Els privilegis dels futbolistes","author":"Ramon Boixet","date":"3 juny 2010","format":false,"excerpt":"Llegint els diaris avui dia ens trobem amb coses curioses. Una d\u2019elles \u00e9s el diferent tractament de les noticies econ\u00f2miques si es refereixen a la gent \u00abnormal\u00bb o si s\u00f3n sobre els futbolistes. Ara que ja est\u00e0 oberta la veda i clubs, intermediaris i derivats entren en la fren\u00e8tica cursa\u2026","rel":"","context":"A &quot;General&quot;","block_context":{"text":"General","link":"https:\/\/blogs.avui.cat\/botonier\/category\/general\/"},"img":{"alt_text":"","src":"","width":0,"height":0},"classes":[]},{"id":553,"url":"https:\/\/blogs.avui.cat\/botonier\/2010\/05\/29\/sud-africa-guanyar-sense-jugar\/","url_meta":{"origin":45,"position":2},"title":"Sud-\u00c0frica: guanyar sense jugar","author":"Ramon Boixet","date":"29 maig 2010","format":false,"excerpt":"Ja falten pocs dies per qu\u00e8 comenci la Copa del M\u00f3n de Futbol a Sud-\u00c0frica i segurament una allau d\u2019informacions ens obligar\u00e0, per moments, a mirar-ho tot de re\u00fcll. Fins i tot a Su\u00efssa, pa\u00eds on el futbol no fa anar de cap i on la majoria de clubs de\u2026","rel":"","context":"A &quot;General&quot;","block_context":{"text":"General","link":"https:\/\/blogs.avui.cat\/botonier\/category\/general\/"},"img":{"alt_text":"","src":"","width":0,"height":0},"classes":[]},{"id":26,"url":"https:\/\/blogs.avui.cat\/botonier\/2008\/05\/09\/no-tocar-pilota\/","url_meta":{"origin":45,"position":3},"title":"No tocar pilota","author":"Ramon Boixet","date":"9 maig 2008","format":false,"excerpt":"La davallada del Bar\u00e7a segurament donar\u00e0 molts temes de conversa les properes setmanes. Un grup de jugadors amb salaris de faula ha demostrat molt poc inter\u00e8s en justificar el sou i els responsables directius i t\u00e8cnics no han sabut, pogut o volgut posar els jugadors \u201c de cara a la\u2026","rel":"","context":"A &quot;General&quot;","block_context":{"text":"General","link":"https:\/\/blogs.avui.cat\/botonier\/category\/general\/"},"img":{"alt_text":"","src":"","width":0,"height":0},"classes":[]},{"id":391,"url":"https:\/\/blogs.avui.cat\/botonier\/2009\/11\/17\/%c2%bfes-lestat-una-empresa\/","url_meta":{"origin":45,"position":4},"title":"\u00bf\u00c9s l&#8217;Estat una empresa?","author":"Ramon Boixet","date":"17 novembre 2009","format":false,"excerpt":"Imagineu-vos una empresa gran, molt gran, amb un ample equip directiu. Al capdavant de l\u2019empresa, col\u2022locat per raons familiars, s\u2019hi troba un senyor que no ha necessitat demostrar cap qualitat per arribar on \u00e9s. El capdavanter no t\u00e9 cap funci\u00f3 especial excepte la de fer un tomb per l\u2019empresa un\u2026","rel":"","context":"A &quot;General&quot;","block_context":{"text":"General","link":"https:\/\/blogs.avui.cat\/botonier\/category\/general\/"},"img":{"alt_text":"","src":"","width":0,"height":0},"classes":[]},{"id":703,"url":"https:\/\/blogs.avui.cat\/botonier\/2009\/11\/17\/%c2%bfes-lestat-una-empresa-2\/","url_meta":{"origin":45,"position":5},"title":"\u00bf\u00c9s l&#8217;Estat una empresa?","author":"Ramon Boixet","date":"17 novembre 2009","format":false,"excerpt":"Imagineu-vos una empresa gran, molt gran, amb un ample equip directiu. Al capdavant de l\u2019empresa, col\u2022locat per raons familiars, s\u2019hi troba un senyor que no ha necessitat demostrar cap qualitat per arribar on \u00e9s. El capdavanter no t\u00e9 cap funci\u00f3 especial excepte la de fer un tomb per l\u2019empresa un\u2026","rel":"","context":"A &quot;General&quot;","block_context":{"text":"General","link":"https:\/\/blogs.avui.cat\/botonier\/category\/general\/"},"img":{"alt_text":"","src":"","width":0,"height":0},"classes":[]}],"jetpack_sharing_enabled":true,"jetpack_likes_enabled":true,"_links":{"self":[{"href":"https:\/\/blogs.avui.cat\/botonier\/wp-json\/wp\/v2\/posts\/45","targetHints":{"allow":["GET"]}}],"collection":[{"href":"https:\/\/blogs.avui.cat\/botonier\/wp-json\/wp\/v2\/posts"}],"about":[{"href":"https:\/\/blogs.avui.cat\/botonier\/wp-json\/wp\/v2\/types\/post"}],"author":[{"embeddable":true,"href":"https:\/\/blogs.avui.cat\/botonier\/wp-json\/wp\/v2\/users\/126"}],"replies":[{"embeddable":true,"href":"https:\/\/blogs.avui.cat\/botonier\/wp-json\/wp\/v2\/comments?post=45"}],"version-history":[{"count":2,"href":"https:\/\/blogs.avui.cat\/botonier\/wp-json\/wp\/v2\/posts\/45\/revisions"}],"predecessor-version":[{"id":3286,"href":"https:\/\/blogs.avui.cat\/botonier\/wp-json\/wp\/v2\/posts\/45\/revisions\/3286"}],"wp:attachment":[{"href":"https:\/\/blogs.avui.cat\/botonier\/wp-json\/wp\/v2\/media?parent=45"}],"wp:term":[{"taxonomy":"category","embeddable":true,"href":"https:\/\/blogs.avui.cat\/botonier\/wp-json\/wp\/v2\/categories?post=45"},{"taxonomy":"post_tag","embeddable":true,"href":"https:\/\/blogs.avui.cat\/botonier\/wp-json\/wp\/v2\/tags?post=45"}],"curies":[{"name":"wp","href":"https:\/\/api.w.org\/{rel}","templated":true}]}}