{"id":3800,"date":"2023-02-10T08:54:22","date_gmt":"2023-02-10T07:54:22","guid":{"rendered":"https:\/\/blogs.avui.cat\/botonier\/?p=3800"},"modified":"2023-02-10T08:54:51","modified_gmt":"2023-02-10T07:54:51","slug":"vargas-llosa-rebaixa-lacademia-francesa","status":"publish","type":"post","link":"https:\/\/blogs.avui.cat\/botonier\/2023\/02\/10\/vargas-llosa-rebaixa-lacademia-francesa\/","title":{"rendered":"Vargas Llosa rebaixa l&#8217;Acad\u00e8mia Francesa"},"content":{"rendered":"<p><img data-recalc-dims=\"1\" loading=\"lazy\" decoding=\"async\" class=\"alignnone wp-image-3801\" src=\"https:\/\/i0.wp.com\/blogs.avui.cat\/botonier\/files\/2023\/02\/Unknown.jpeg?resize=176%2C176\" alt=\"\" width=\"176\" height=\"176\" srcset=\"https:\/\/i0.wp.com\/blogs.avui.cat\/botonier\/files\/2023\/02\/Unknown.jpeg?w=225&amp;ssl=1 225w, https:\/\/i0.wp.com\/blogs.avui.cat\/botonier\/files\/2023\/02\/Unknown.jpeg?resize=150%2C150&amp;ssl=1 150w\" sizes=\"auto, (max-width: 176px) 100vw, 176px\" \/><\/p>\n<p>Saber que l&#8217;Acad\u00e8mia Francesa donava a Mario Vargas Llosa el dret a fer part d&#8217;ella, sense que mai hagi escrit res originalment en franc\u00e8s, ja va fer sospitar que l&#8217;Acad\u00e8mia anava de baixa.<\/p>\n<p>No cal dir que el sopor\u00edfer discurs que va pronunciar en l&#8217;acte d&#8217;admissi\u00f3 va en perfecta companyia amb totes les activitats que el peru\u00e0 mostra\u00a0p\u00fablicament, sobretot en les anomenades revistes del cor.<\/p>\n<p>Un personatge amb les seves\u00a0caracter\u00edstiques\u00a0humanes i socials no\u00a0mereix\u00a0massa atenci\u00f3. De totes maneres en\u00a0permeto\u00a0de repetir el blog que vaig publicar l&#8217;any 2010, i del que no eliminaria cap lletra.<\/p>\n<p><em>\u00abQuan vaig llegir que Mario Vargas Llosa havia rebut el Premi Nobel de Literatura 2010, em vaig recordar d&#8217;un llibre d&#8217;ell que tenia oblidat en un rac\u00f3 de la meva biblioteca.<\/em><br \/>\n<em>L&#8217;any 1993, un amic de Lima em va regalar &#8220;El\u00a0pez\u00a0en\u00a0el agua&#8221;,\u00a0sots titulat\u00a0&#8220;Memorias&#8221;.<\/em>\u2028\u2028<em>Una cosa em van sorprendre del llibre: vaig trobar un punt de lectura entre les p\u00e0gines 78 i 79 \u00e9s a dir molt al comen\u00e7ament de les 538 totals.<\/em><br \/>\n<em>La veritat \u00e9s que la meva extensa biblioteca no \u00e9s per fer bonic sin\u00f3 per omplir-la amb llibres que llegeixo i rellegeixo. El de Vargas Llosa em va avorrir i el vaig deixar abans de martiritzar-me amb una lectura feixuga, orientada a dissimular el seu mal humor pel frac\u00e0s de la seva candidatura a la presid\u00e8ncia del Per\u00fa i de l&#8217;esc\u00e0s ress\u00f2 del seu\u00a0Movimiento\u00a0Libertad.<\/em><br \/>\n<em>No tinc cap dubte que Vargas Llosa sap escriure, que \u00e9s molt prol\u00edfic i que fins i tot mereix el Premi Nobel de Literatura que altres m\u00e9s poc dotats que ell ja havien obtingut abans. Tampoc necessito combregar amb les seves idees per acceptar el seu ofici. Per\u00f2 algunes de les seves posicions, que hem pogut llegir en el molts articles i ressenyes period\u00edstiques dels darrers anys, m&#8217;han creat un rebuig a la seva persona que nom\u00e9s puc demostrar ignorant la seva obra.<\/em><br \/>\n<em>El senyor Vargas Llosa podria tenir un millor record de Barcelona i Catalunya del que demostra, ja que va ser aqu\u00ed on va tenir de la m\u00e0 de Barral les seves primeres oportunitats. Vargas est\u00e0 radicalment contra els nacionalismes (excepte el seu, naturalment) i contra tota acci\u00f3 que permeti a la llengua catalana obtenir el paper que li correspon.<\/em><br \/>\n<em>Al Per\u00fa, una gran part de la poblaci\u00f3 t\u00e9 unes arrels molt anteriors a les arribades dels Vargas i dels Llosa, i mantenen una llengua, el qu\u00edtxua, que els elitistes com Vargas Llosa han ignorat i sovint menyspreat. Vargas Llosa viu en un exili daurat i voluntari, i no s&#8217;apropa al seu Per\u00fa per mala digesti\u00f3 dels seus fracassos pol\u00edtics. El dia que decideixi tornar a Lima o a la seva ciutat Arequipa, potser el tornar\u00e9 a llegir si \u00e9s que la realitat del seu pa\u00eds li obre els ulls.<\/em>\u2028\u2028<em>A l&#8217;espera d&#8217;aquest moment, el punt de lectura continuar\u00e0 entre les p\u00e0gines 78 i 79.<\/em><em>\u00bb<\/em><\/p>\n<p>&nbsp;<\/p>\n<p>&nbsp;<\/p>\n","protected":false},"excerpt":{"rendered":"<p>Saber que l&#8217;Acad\u00e8mia Francesa donava a Mario Vargas Llosa el dret a fer part d&#8217;ella, sense que mai hagi escrit res originalment en franc\u00e8s, ja va fer sospitar que l&#8217;Acad\u00e8mia anava de baixa. No cal dir que el sopor\u00edfer discurs que va pronunciar en l&#8217;acte d&#8217;admissi\u00f3 va en perfecta companyia amb totes les activitats que [&hellip;]<\/p>\n","protected":false},"author":126,"featured_media":0,"comment_status":"closed","ping_status":"closed","sticky":false,"template":"","format":"standard","meta":{"jetpack_post_was_ever_published":false,"_jetpack_newsletter_access":"","_jetpack_dont_email_post_to_subs":false,"_jetpack_newsletter_tier_id":0,"_jetpack_memberships_contains_paywalled_content":false,"_jetpack_memberships_contains_paid_content":false,"footnotes":"","jetpack_publicize_message":"","jetpack_publicize_feature_enabled":true,"jetpack_social_post_already_shared":false,"jetpack_social_options":{"image_generator_settings":{"template":"highway","default_image_id":0,"font":"","enabled":false},"version":2}},"categories":[1],"tags":[],"class_list":["post-3800","post","type-post","status-publish","format-standard","hentry","category-general"],"jetpack_publicize_connections":[],"jetpack_featured_media_url":"","jetpack-related-posts":[{"id":3854,"url":"https:\/\/blogs.avui.cat\/botonier\/2026\/03\/29\/el-nobel-que-em-va-avorrir-3\/","url_meta":{"origin":3800,"position":0},"title":"El Nobel que em va avorrir","author":"Ramon Boixet","date":"29 mar\u00e7 2026","format":false,"excerpt":"El dissabte dia 28 de mars, l\u2019escriptor Mario Vargas Llosa hauria complert noranta anys. Va ser molt actiu i va publicar molts llibres amb gran \u00e8xit de lectors. Fins i tot va rebre el Premi Nobel de Literatura tot i que \u00e9s un premi molt discutit i discutible. Calgui recordar\u2026","rel":"","context":"A &quot;General&quot;","block_context":{"text":"General","link":"https:\/\/blogs.avui.cat\/botonier\/category\/general\/"},"img":{"alt_text":"","src":"https:\/\/i0.wp.com\/blogs.avui.cat\/botonier\/files\/2010\/10\/Vargas.jpg?resize=350%2C200","width":350,"height":200},"classes":[]},{"id":3699,"url":"https:\/\/blogs.avui.cat\/botonier\/2021\/09\/30\/vargas-llosa-desagrait-i-vergonyos\/","url_meta":{"origin":3800,"position":1},"title":"Vargas Llosa : desagra\u012bt i vergony\u00f3s","author":"Ramon Boixet","date":"30 setembre 2021","format":false,"excerpt":"El senyor Mario Vargas Llosa, marqu\u00e8s de Vargas Llosa, molt habitual a les revistes del cor, ha aprofitat una entrevista que li ha fet el diari ABC per atacar el catal\u00e0 i els catalanoparlants. No \u00e9s la primera vegada i, fracassat pol\u00edticament i poc brillant darrerament per la seva obra\u2026","rel":"","context":"A &quot;General&quot;","block_context":{"text":"General","link":"https:\/\/blogs.avui.cat\/botonier\/category\/general\/"},"img":{"alt_text":"","src":"https:\/\/i0.wp.com\/blogs.avui.cat\/botonier\/files\/2021\/09\/images-150x125.jpeg?resize=350%2C200","width":350,"height":200},"classes":[]},{"id":3572,"url":"https:\/\/blogs.avui.cat\/botonier\/2021\/01\/18\/el-nobel-que-em-va-avorrir-2\/","url_meta":{"origin":3800,"position":2},"title":"El Nobel que em va avorrir","author":"Ramon Boixet","date":"18 gener 2021","format":false,"excerpt":"El senyor Mario Vargas Llosa ha concedit una entrevista al diari ABC, cosa que ha perm\u00e8s al diari d'omplir la seva portada amb una foto de l'escriptor i amb una frase de l'entrevista: \u201c\u00a0El\u00a0nacionalismo\u00a0es\u00a0la\u00a0desgracia\u00a0de este\u00a0pa\u00eds\". Avui far\u00e9 una cosa poc habitual per no dir gens: copiar\u00e9 el blog que vaig\u2026","rel":"","context":"A &quot;General&quot;","block_context":{"text":"General","link":"https:\/\/blogs.avui.cat\/botonier\/category\/general\/"},"img":{"alt_text":"","src":"https:\/\/i0.wp.com\/blogs.avui.cat\/botonier\/files\/2021\/01\/Unknown.jpeg?resize=350%2C200","width":350,"height":200},"classes":[]},{"id":779,"url":"https:\/\/blogs.avui.cat\/botonier\/2010\/10\/09\/el-nobel-que-em-va-avorrir\/","url_meta":{"origin":3800,"position":3},"title":"El Nobel que em va avorrir","author":"Ramon Boixet","date":"9 octubre 2010","format":false,"excerpt":"Quan vaig llegir que Mario Vargas Llosa havia rebut el Premi Nobel de Literatura 2010, em vaig recordar d\u2019un llibre d\u2019ell que tenia oblidat en un rac\u00f3 de la meva biblioteca. L\u2019any 1993, un amic de Lima em va regalar \u201eEl pez en el agua\u201csots-titulat \u201eMemorias\u201c. Una cosa em van\u2026","rel":"","context":"A &quot;General&quot;","block_context":{"text":"General","link":"https:\/\/blogs.avui.cat\/botonier\/category\/general\/"},"img":{"alt_text":"","src":"https:\/\/i0.wp.com\/blogs.avui.cat\/botonier\/files\/2010\/10\/Vargas.jpg?resize=350%2C200","width":350,"height":200},"classes":[]},{"id":73,"url":"https:\/\/blogs.avui.cat\/botonier\/2008\/10\/04\/la-tolerancia-i-el-lleo-de-la-metro\/","url_meta":{"origin":3800,"position":4},"title":"La toler\u00e0ncia i el lle\u00f3 de la Metro","author":"Ramon Boixet","date":"4 octubre 2008","format":false,"excerpt":"Als diaris per internet (que s\u00f3n els que tinc a l'abast a Su\u00efssa) excepte a e-noticies no he vist cap ressenya sobre l'entrega ahir divendres del \u201c XIV Premio a la Tolerancia\u201d atorgat per l'Associaci\u00f3 per la Toler\u00e0ncia, faltaria m\u00e9s!. L'afortunat ha estat el periodista d'Onda Cero Carlos Herrera. En\u2026","rel":"","context":"A &quot;General&quot;","block_context":{"text":"General","link":"https:\/\/blogs.avui.cat\/botonier\/category\/general\/"},"img":{"alt_text":"","src":"","width":0,"height":0},"classes":[]},{"id":206,"url":"https:\/\/blogs.avui.cat\/botonier\/2009\/03\/19\/recordant-els-mestres\/","url_meta":{"origin":3800,"position":5},"title":"Recordant els mestres","author":"Ramon Boixet","date":"19 mar\u00e7 2009","format":false,"excerpt":"Ahir, remenant papers vaig trobar una capsa, la capsa que tots tenim arraconada i que nom\u00e9s obrim cada quinze o vint anys. A l'interior, entre altres coses oblidades, vaig trobar un quadern amb notes de l'escola. Es tracta d'un quadern no massa gran, folrat amb paper de color blau fosc\u2026","rel":"","context":"A &quot;General&quot;","block_context":{"text":"General","link":"https:\/\/blogs.avui.cat\/botonier\/category\/general\/"},"img":{"alt_text":"","src":"","width":0,"height":0},"classes":[]}],"jetpack_sharing_enabled":true,"jetpack_likes_enabled":true,"_links":{"self":[{"href":"https:\/\/blogs.avui.cat\/botonier\/wp-json\/wp\/v2\/posts\/3800","targetHints":{"allow":["GET"]}}],"collection":[{"href":"https:\/\/blogs.avui.cat\/botonier\/wp-json\/wp\/v2\/posts"}],"about":[{"href":"https:\/\/blogs.avui.cat\/botonier\/wp-json\/wp\/v2\/types\/post"}],"author":[{"embeddable":true,"href":"https:\/\/blogs.avui.cat\/botonier\/wp-json\/wp\/v2\/users\/126"}],"replies":[{"embeddable":true,"href":"https:\/\/blogs.avui.cat\/botonier\/wp-json\/wp\/v2\/comments?post=3800"}],"version-history":[{"count":3,"href":"https:\/\/blogs.avui.cat\/botonier\/wp-json\/wp\/v2\/posts\/3800\/revisions"}],"predecessor-version":[{"id":3804,"href":"https:\/\/blogs.avui.cat\/botonier\/wp-json\/wp\/v2\/posts\/3800\/revisions\/3804"}],"wp:attachment":[{"href":"https:\/\/blogs.avui.cat\/botonier\/wp-json\/wp\/v2\/media?parent=3800"}],"wp:term":[{"taxonomy":"category","embeddable":true,"href":"https:\/\/blogs.avui.cat\/botonier\/wp-json\/wp\/v2\/categories?post=3800"},{"taxonomy":"post_tag","embeddable":true,"href":"https:\/\/blogs.avui.cat\/botonier\/wp-json\/wp\/v2\/tags?post=3800"}],"curies":[{"name":"wp","href":"https:\/\/api.w.org\/{rel}","templated":true}]}}