{"id":38,"date":"2008-05-21T09:38:00","date_gmt":"2008-05-21T07:38:00","guid":{"rendered":"http:\/\/blogs.avui.cat\/botonier\/2008\/05\/21\/el-federalisme-com-a-solucio-2\/"},"modified":"2013-06-19T09:50:50","modified_gmt":"2013-06-19T08:50:50","slug":"el-federalisme-com-a-solucio-2","status":"publish","type":"post","link":"https:\/\/blogs.avui.cat\/botonier\/2008\/05\/21\/el-federalisme-com-a-solucio-2\/","title":{"rendered":"El Federalisme com a soluci\u00f3 (2)"},"content":{"rendered":"<p><a href=\"https:\/\/i0.wp.com\/bp3.blogger.com\/_gS2A8TwyupA\/SDPSVaGp-BI\/AAAAAAAAAEk\/aaeEJQ7rs6I\/s1600-h\/CH.jpg\"><img data-recalc-dims=\"1\" decoding=\"async\" src=\"https:\/\/i0.wp.com\/bp3.blogger.com\/_gS2A8TwyupA\/SDPSVaGp-BI\/AAAAAAAAAEk\/aaeEJQ7rs6I\/s200\/CH.jpg\" border=\"0\" \/><\/a><br \/>Continuant amb algunes consideracions sobre el federalisme i una possible aplicaci\u00f3 a Espanya\/Catalunya, veurem una curta llista de les caracter\u00edstiques del federalisme su\u00efs que poden servir per determinar el grau de probabilitats que tindria la seva aplicaci\u00f3 a l&#8217;Estat Espanyol.<\/p>\n<p>Hist\u00f2ricament, la Confederaci\u00f3 Su\u00efssa va comen\u00e7ar el 1291 amb un jurament de ajuda m\u00fatua entre tres caps de districte, per tal de fer front com\u00fa contra els atacs dels senyors feudals. A partir del 1350 ja \u00e9s pot parlar de Confederaci\u00f3 estable, amb vuit cantons amb plens drets. Aquest primer sistema era comunal i republic\u00e0, \u00e9s a dir que la comuna (el municipi) era la base i encara ho \u00e9s avui. Com que era un front contra el feudalisme, els principis federatius eren republicans. <\/p>\n<p>Aquest sistema va evolucionar i fins i tot es va &#8220;revolucionar&#8221; sobretot entre els anys 1798 i 1848 fins a arribar a l&#8217;estat federal modern que encara tenim avui. Amb anterioritat al 1848 els cantons tenien el dret de separar-se de la Confederaci\u00f3 si aix\u00ed ho decidien. La Constituci\u00f3 del 1848 va crear una autoritat central per certes compet\u00e8ncies, com per exemple la pol\u00edtica exterior, i es va eliminar el dret dels cantons a sortir de la federaci\u00f3. Tamb\u00e9 es van abolir la duanes interiors i uniformitzar les monedes els pesos i les mesures. Aquesta Constituci\u00f3 va establir un equilibri entre els interessos de l&#8217;Estat com a conjunt i els interessos del Estats membres, es a dir dels cantons.<\/p>\n<p>Continuar\u00e9 en un seg\u00fcent article, per\u00f2 vull acabar aquest amb dues curiositats sobre Su\u00efssa.<br \/>El nom oficial, de arrels hist\u00f2riques, \u00e9s el de Confederaci\u00f3 Su\u00efssa que en llat\u00ed \u00e9s Confederatio Helvetica, que dona lloc a la coneguda sigla  CH que portem en els cotxes.<\/p>\n<p>El nom de Su\u00efssa en les lleng\u00fces oficials \u00e9s :<\/p>\n<p>En alemany : Schweizerische Eidgenossenschaft. Genossenschaft vol dir associaci\u00f3 i el prefixe Eid prov\u00e9 de l&#8217;antic alemany i vol dir jurament, de manera que el nom oficial en alemany recorda el jurament entre els membres confederats.<br \/>En franc\u00e9s, itali\u00e0 i romanx : Conf\u00e9d\u00e9ration suisse, Confederatione svizzera i Confederaziun svizra, totes tres expressions basades en el mot llat\u00ed foedus, que vol dir alian\u00e7a.<\/p>\n<p>(Il-lustraci\u00f3 de Xavier Ruscalleda 1944-2008)<\/p>\n","protected":false},"excerpt":{"rendered":"<p>Continuant amb algunes consideracions sobre el federalisme i una possible aplicaci\u00f3 a Espanya\/Catalunya, veurem una curta llista de les caracter\u00edstiques del federalisme su\u00efs que poden servir per determinar el grau de probabilitats que tindria la seva aplicaci\u00f3 a l&#8217;Estat Espanyol. Hist\u00f2ricament, la Confederaci\u00f3 Su\u00efssa va comen\u00e7ar el 1291 amb un jurament de ajuda m\u00fatua entre [&hellip;]<\/p>\n","protected":false},"author":126,"featured_media":0,"comment_status":"closed","ping_status":"closed","sticky":false,"template":"","format":"standard","meta":{"jetpack_post_was_ever_published":false,"_jetpack_newsletter_access":"","_jetpack_dont_email_post_to_subs":false,"_jetpack_newsletter_tier_id":0,"_jetpack_memberships_contains_paywalled_content":false,"_jetpack_memberships_contains_paid_content":false,"footnotes":"","jetpack_publicize_message":"","jetpack_publicize_feature_enabled":true,"jetpack_social_post_already_shared":false,"jetpack_social_options":{"image_generator_settings":{"template":"highway","default_image_id":0,"font":"","enabled":false},"version":2}},"categories":[1],"tags":[],"class_list":["post-38","post","type-post","status-publish","format-standard","hentry","category-general"],"jetpack_publicize_connections":[],"jetpack_featured_media_url":"","jetpack-related-posts":[{"id":320,"url":"https:\/\/blogs.avui.cat\/botonier\/2009\/08\/01\/celebrant-el-federalisme\/","url_meta":{"origin":38,"position":0},"title":"Celebrant el federalisme","author":"Ramon Boixet","date":"1 agost 2009","format":false,"excerpt":"Millor seria dir el confederalisme, per\u00f2 deixem-ho en la forma m\u00e9s senzilla. Avui Su\u00efssa celebra els seus or\u00edgens com a confederaci\u00f3. L\u2019any 1291, tres comunitats de les valls dels Alps centrals signaren un pacte federal per assegurar la pau i l\u2019estabilitat en les rutes comercials alpines i defensar interessos comuns.\u2026","rel":"","context":"A &quot;General&quot;","block_context":{"text":"General","link":"https:\/\/blogs.avui.cat\/botonier\/category\/general\/"},"img":{"alt_text":"","src":"","width":0,"height":0},"classes":[]},{"id":39,"url":"https:\/\/blogs.avui.cat\/botonier\/2008\/05\/23\/el-federalisme-com-a-solucio-i-3\/","url_meta":{"origin":38,"position":1},"title":"El Federalisme com a soluci\u00f3 ( i 3)","author":"Ramon Boixet","date":"23 maig 2008","format":false,"excerpt":"Acabarem avui amb la descripci\u00f3 del federalisme \u201c a la su\u00efssa\u201d i amb algunes conclusions sobre la seva aplicaci\u00f3. L'estructura pol\u00edtica su\u00efssa es basa en la comuna o municipi integrat en un cant\u00f3. Totes les decisions es prenen per votaci\u00f3 popular, tant si \u00e9s el pressupost per fer una vorera\u2026","rel":"","context":"A &quot;General&quot;","block_context":{"text":"General","link":"https:\/\/blogs.avui.cat\/botonier\/category\/general\/"},"img":{"alt_text":"","src":"","width":0,"height":0},"classes":[]},{"id":51,"url":"https:\/\/blogs.avui.cat\/botonier\/2008\/07\/22\/federalisme\/","url_meta":{"origin":38,"position":2},"title":"Federalisme?","author":"Ramon Boixet","date":"22 juliol 2008","format":false,"excerpt":"Ara que es torna a parlar c\u00edclicament de federalisme com a una bona soluci\u00f3 perqu\u00e8 Catalunya tingui unes possibilitats d'autogovern que s'assemblin el m\u00e0xim a les que es creuen justes, voldria fer un parell de consideracions, segurament intranscendents. Su\u00efssa ha portat el federalisme a un nivell molt alt i, tot\u2026","rel":"","context":"A &quot;General&quot;","block_context":{"text":"General","link":"https:\/\/blogs.avui.cat\/botonier\/category\/general\/"},"img":{"alt_text":"","src":"","width":0,"height":0},"classes":[]},{"id":363,"url":"https:\/\/blogs.avui.cat\/botonier\/2009\/09\/28\/una-constitucio-viva\/","url_meta":{"origin":38,"position":3},"title":"Una Constituci\u00f3 viva","author":"Ramon Boixet","date":"28 setembre 2009","format":false,"excerpt":"Amb una visi\u00f3 europea, les eleccions d\u2019ahir a Alemanya i en menor mesura las de Portugal tenen una import\u00e0ncia que supera les fronteres d'ambd\u00f3s pa\u00efsos. Amb una visi\u00f3 estrictament d'exercici pol\u00edtic, la votaci\u00f3 del cap de setmana a Su\u00efssa representa un exemple que es podria aprofitar tant a Espanya com\u2026","rel":"","context":"A &quot;General&quot;","block_context":{"text":"General","link":"https:\/\/blogs.avui.cat\/botonier\/category\/general\/"},"img":{"alt_text":"","src":"","width":0,"height":0},"classes":[]},{"id":1026,"url":"https:\/\/blogs.avui.cat\/botonier\/2012\/01\/17\/monarquia-versus-republica\/","url_meta":{"origin":38,"position":4},"title":"Monarquia &#8220;versus&#8221; Rep\u00fablica","author":"Ramon Boixet","date":"17 gener 2012","format":false,"excerpt":"Les activitats sospitosament il\u00b7legals d'un membre de la fam\u00edlia reial espanyola ha tornat a disparar la pol\u00e8mica \"monarquia versus rep\u00fablica\" que apareix i desapareix cada dos per tres. Catalunya tolera passivament la monarquia espanyola, encara que cada vegada menys, degut a una manca de moviments continuats i efectius que portin\u2026","rel":"","context":"A &quot;General&quot;","block_context":{"text":"General","link":"https:\/\/blogs.avui.cat\/botonier\/category\/general\/"},"img":{"alt_text":"","src":"https:\/\/i0.wp.com\/blogs.avui.cat\/botonier\/files\/2012\/01\/koenig-pik.jpg-150x150.png?resize=350%2C200","width":350,"height":200},"classes":[]},{"id":37,"url":"https:\/\/blogs.avui.cat\/botonier\/2008\/05\/19\/el-federalisme-com-a-solucio-1\/","url_meta":{"origin":38,"position":5},"title":"El Federalisme com a soluci\u00f3 (1)","author":"Ramon Boixet","date":"19 maig 2008","format":false,"excerpt":"Els que manen de veritat, que no solen ser gaireb\u00e9 mai els que sembla que manen, fan apar\u00e8ixer de tant en tant en els mitjans de comunicaci\u00f3 paraules i conceptes que no son altre cosa que sondejos per saber la possible reacci\u00f3 de la gent de manera que ells puguin\u2026","rel":"","context":"A &quot;General&quot;","block_context":{"text":"General","link":"https:\/\/blogs.avui.cat\/botonier\/category\/general\/"},"img":{"alt_text":"","src":"","width":0,"height":0},"classes":[]}],"jetpack_sharing_enabled":true,"jetpack_likes_enabled":true,"_links":{"self":[{"href":"https:\/\/blogs.avui.cat\/botonier\/wp-json\/wp\/v2\/posts\/38","targetHints":{"allow":["GET"]}}],"collection":[{"href":"https:\/\/blogs.avui.cat\/botonier\/wp-json\/wp\/v2\/posts"}],"about":[{"href":"https:\/\/blogs.avui.cat\/botonier\/wp-json\/wp\/v2\/types\/post"}],"author":[{"embeddable":true,"href":"https:\/\/blogs.avui.cat\/botonier\/wp-json\/wp\/v2\/users\/126"}],"replies":[{"embeddable":true,"href":"https:\/\/blogs.avui.cat\/botonier\/wp-json\/wp\/v2\/comments?post=38"}],"version-history":[{"count":2,"href":"https:\/\/blogs.avui.cat\/botonier\/wp-json\/wp\/v2\/posts\/38\/revisions"}],"predecessor-version":[{"id":3293,"href":"https:\/\/blogs.avui.cat\/botonier\/wp-json\/wp\/v2\/posts\/38\/revisions\/3293"}],"wp:attachment":[{"href":"https:\/\/blogs.avui.cat\/botonier\/wp-json\/wp\/v2\/media?parent=38"}],"wp:term":[{"taxonomy":"category","embeddable":true,"href":"https:\/\/blogs.avui.cat\/botonier\/wp-json\/wp\/v2\/categories?post=38"},{"taxonomy":"post_tag","embeddable":true,"href":"https:\/\/blogs.avui.cat\/botonier\/wp-json\/wp\/v2\/tags?post=38"}],"curies":[{"name":"wp","href":"https:\/\/api.w.org\/{rel}","templated":true}]}}