{"id":378,"date":"2009-10-26T09:20:00","date_gmt":"2009-10-26T07:20:00","guid":{"rendered":"http:\/\/blogs.avui.cat\/botonier\/2009\/10\/26\/la-grisor-de-catalunya\/"},"modified":"2013-06-19T09:48:08","modified_gmt":"2013-06-19T08:48:08","slug":"la-grisor-de-catalunya","status":"publish","type":"post","link":"https:\/\/blogs.avui.cat\/botonier\/2009\/10\/26\/la-grisor-de-catalunya\/","title":{"rendered":"La grisor de Catalunya"},"content":{"rendered":"<p><a href=\"https:\/\/i0.wp.com\/2.bp.blogspot.com\/_gS2A8TwyupA\/SuVOmCr6YuI\/AAAAAAAAA1Y\/ngMoO5LkuuI\/s1600-h\/grisor.JPG\"><img data-recalc-dims=\"1\" decoding=\"async\" src=\"https:\/\/i0.wp.com\/2.bp.blogspot.com\/_gS2A8TwyupA\/SuVOmCr6YuI\/AAAAAAAAA1Y\/ngMoO5LkuuI\/s200\/grisor.JPG\" border=\"0\" \/><\/a><br \/>\n\u00bfRecordeu la can\u00e7\u00f3 \u201eTot \u00e9s gris \u201c?. La va adaptar al catal\u00e0 Jaume Picas i enregistrar N\u00faria Feliu l\u2019any 1965. Despr\u00e9s d\u2019altres, com Serrat, l\u2019ha mantingut present de manera que molts la recorden.<\/p>\n<p>Tot \u00e9s gris.<br \/>\nHo \u00e9s el temps.<br \/>\nHo \u00e9s el meu cor<br \/>\ntan indec\u00eds.<br \/>\nI darrere els vidres<br \/>\nho \u00e9s el m\u00f3n<br \/>\nque es perd<br \/>\nqui sap on<br \/>\ndins la boira,<br \/>\naquest m\u00f3n incert.<\/p>\n<p>Mirem Catalunya avui. Els que manen, el que volen manar, els que han cobrat i s\u2019amaguen, els que voldrien haver cobrat, els que esperen els errors del altres per donar la cara i dir que s\u00f3n millors, els que han tra\u00eft els seus ideals per un tros de poder, el que estan disposats a fer-ho, els&#8230;<\/p>\n<p>Tot \u00e9s gris en aquest m\u00f3n incert. Per\u00f2 potser de la grisor en sorgir\u00e0 una real selecci\u00f3 de valors, i al final hi sortirem guanyant. Potser.<\/p>\n","protected":false},"excerpt":{"rendered":"<p>\u00bfRecordeu la can\u00e7\u00f3 \u201eTot \u00e9s gris \u201c?. La va adaptar al catal\u00e0 Jaume Picas i enregistrar N\u00faria Feliu l\u2019any 1965. Despr\u00e9s d\u2019altres, com Serrat, l\u2019ha mantingut present de manera que molts la recorden. Tot \u00e9s gris. Ho \u00e9s el temps. Ho \u00e9s el meu cor tan indec\u00eds. I darrere els vidres ho \u00e9s el m\u00f3n [&hellip;]<\/p>\n","protected":false},"author":126,"featured_media":0,"comment_status":"closed","ping_status":"closed","sticky":false,"template":"","format":"standard","meta":{"jetpack_post_was_ever_published":false,"_jetpack_newsletter_access":"","_jetpack_dont_email_post_to_subs":false,"_jetpack_newsletter_tier_id":0,"_jetpack_memberships_contains_paywalled_content":false,"_jetpack_memberships_contains_paid_content":false,"footnotes":"","jetpack_publicize_message":"","jetpack_publicize_feature_enabled":true,"jetpack_social_post_already_shared":false,"jetpack_social_options":{"image_generator_settings":{"template":"highway","default_image_id":0,"font":"","enabled":false},"version":2}},"categories":[1],"tags":[],"class_list":["post-378","post","type-post","status-publish","format-standard","hentry","category-general"],"jetpack_publicize_connections":[],"jetpack_featured_media_url":"","jetpack-related-posts":[{"id":13,"url":"https:\/\/blogs.avui.cat\/botonier\/2008\/02\/29\/catalunya-grisa\/","url_meta":{"origin":378,"position":0},"title":"Catalunya grisa?","author":"Ramon Boixet","date":"29 febrer 2008","format":false,"excerpt":"Gaireb\u00e9 fa 40 anys que visc a Su\u00efssa. Mai he deixat de seguir les incid\u00e8ncies que tant a Manresa con a Catalunya han anat succeint. Gr\u00e0cies a Internet, les possibilitats d\u2019estar informat per premsa, radio i televisi\u00f3 han augmentat considerablement fins a donar la falsa sensaci\u00f3 de participar a certs\u2026","rel":"","context":"A &quot;General&quot;","block_context":{"text":"General","link":"https:\/\/blogs.avui.cat\/botonier\/category\/general\/"},"img":{"alt_text":"","src":"","width":0,"height":0},"classes":[]},{"id":372,"url":"https:\/\/blogs.avui.cat\/botonier\/2009\/10\/17\/quin-fastic\/","url_meta":{"origin":378,"position":1},"title":"Quin f\u00e0stic !","author":"Ramon Boixet","date":"17 octubre 2009","format":false,"excerpt":"Una r\u00e0pida ullada a les primeres p\u00e0gines dels diaris de paper o d'internet d\u2019ahir, o d\u2019avui i segurament de dem\u00e0, fa que inevitablement diguem: Quin f\u00e0stic!. Estem a Catalunya en un moment delicat ja que a la sensaci\u00f3 d\u2019haver perdut for\u00e7a de cara a fora s\u2019uneix la desil\u2022lusi\u00f3, la r\u00e0bia,\u2026","rel":"","context":"A &quot;General&quot;","block_context":{"text":"General","link":"https:\/\/blogs.avui.cat\/botonier\/category\/general\/"},"img":{"alt_text":"","src":"","width":0,"height":0},"classes":[]},{"id":214,"url":"https:\/\/blogs.avui.cat\/botonier\/2009\/03\/28\/el-debat-sobre-el-pla-bolonya\/","url_meta":{"origin":378,"position":2},"title":"El debat sobre el Pla Bolonya","author":"Ramon Boixet","date":"28 mar\u00e7 2009","format":false,"excerpt":"El meu post d'ahir va donar motiu a una serie de comentaris que m'han arribat p\u00fablica i privadament i que sincerament agraeixo. Com que estic sotm\u00e8s (degut a la dist\u00e0ncia) a les informacions dels diaris i les r\u00e0dios per Internet i no tinc altres fons de noticies ( com molts\u2026","rel":"","context":"A &quot;General&quot;","block_context":{"text":"General","link":"https:\/\/blogs.avui.cat\/botonier\/category\/general\/"},"img":{"alt_text":"","src":"","width":0,"height":0},"classes":[]},{"id":3539,"url":"https:\/\/blogs.avui.cat\/botonier\/2020\/10\/29\/triar-monarquia\/","url_meta":{"origin":378,"position":3},"title":"Triar monarquia ?","author":"Ramon Boixet","date":"29 octubre 2020","format":false,"excerpt":"\u00a0 Ara que es viuen moments dif\u00edcils i desconeguts amb el virus, han gaireb\u00e9 desaparegut dels mitjans de comunicaci\u00f3 les critiques m\u00e9s o menys clares a la monarquia, com a instituci\u00f3, i al rei actual i al seu pare.\u2028\u2028Si ho mirem sense \"bilis\" i amb un cert bon humor, trobem\u2026","rel":"","context":"A &quot;General&quot;","block_context":{"text":"General","link":"https:\/\/blogs.avui.cat\/botonier\/category\/general\/"},"img":{"alt_text":"","src":"https:\/\/i0.wp.com\/blogs.avui.cat\/botonier\/files\/2020\/10\/fullsizeoutput_2b8e.jpeg?resize=350%2C200","width":350,"height":200},"classes":[]},{"id":151,"url":"https:\/\/blogs.avui.cat\/botonier\/2009\/01\/16\/estem-narcotitzats\/","url_meta":{"origin":378,"position":4},"title":"Estem narcotitzats","author":"Ramon Boixet","date":"16 gener 2009","format":false,"excerpt":"No acabo de saber exactament que provoca l\u2019estat de narcosi en el que es troba la societat catalana. Potser \u00e9s un derivat desconegut produ\u00eft per la contaminaci\u00f3 ambiental, o \u00e9s un producte que subtilment ens han anat introduint al cos. El fet \u00e9s que l\u2019estat de sopor i fins i\u2026","rel":"","context":"A &quot;General&quot;","block_context":{"text":"General","link":"https:\/\/blogs.avui.cat\/botonier\/category\/general\/"},"img":{"alt_text":"","src":"","width":0,"height":0},"classes":[]},{"id":208,"url":"https:\/\/blogs.avui.cat\/botonier\/2009\/03\/21\/politics-catalans-desperteu\/","url_meta":{"origin":378,"position":5},"title":"Politics catalans : desperteu !","author":"Ramon Boixet","date":"21 mar\u00e7 2009","format":false,"excerpt":"Els que vivim fora de Catalunya tenim, sobretot gracies a Internet, la possibilitat d'estar informats de les coses que succeeixen al nostre pa\u00eds. Malgrat la velocitat de la xarxa, de la radio i de la televisi\u00f3, no estem en condicions de copsar totes les coses tal com s\u00f3n, essencialment perqu\u00e8\u2026","rel":"","context":"A &quot;General&quot;","block_context":{"text":"General","link":"https:\/\/blogs.avui.cat\/botonier\/category\/general\/"},"img":{"alt_text":"","src":"","width":0,"height":0},"classes":[]}],"jetpack_sharing_enabled":true,"jetpack_likes_enabled":true,"_links":{"self":[{"href":"https:\/\/blogs.avui.cat\/botonier\/wp-json\/wp\/v2\/posts\/378","targetHints":{"allow":["GET"]}}],"collection":[{"href":"https:\/\/blogs.avui.cat\/botonier\/wp-json\/wp\/v2\/posts"}],"about":[{"href":"https:\/\/blogs.avui.cat\/botonier\/wp-json\/wp\/v2\/types\/post"}],"author":[{"embeddable":true,"href":"https:\/\/blogs.avui.cat\/botonier\/wp-json\/wp\/v2\/users\/126"}],"replies":[{"embeddable":true,"href":"https:\/\/blogs.avui.cat\/botonier\/wp-json\/wp\/v2\/comments?post=378"}],"version-history":[{"count":2,"href":"https:\/\/blogs.avui.cat\/botonier\/wp-json\/wp\/v2\/posts\/378\/revisions"}],"predecessor-version":[{"id":2731,"href":"https:\/\/blogs.avui.cat\/botonier\/wp-json\/wp\/v2\/posts\/378\/revisions\/2731"}],"wp:attachment":[{"href":"https:\/\/blogs.avui.cat\/botonier\/wp-json\/wp\/v2\/media?parent=378"}],"wp:term":[{"taxonomy":"category","embeddable":true,"href":"https:\/\/blogs.avui.cat\/botonier\/wp-json\/wp\/v2\/categories?post=378"},{"taxonomy":"post_tag","embeddable":true,"href":"https:\/\/blogs.avui.cat\/botonier\/wp-json\/wp\/v2\/tags?post=378"}],"curies":[{"name":"wp","href":"https:\/\/api.w.org\/{rel}","templated":true}]}}