{"id":375,"date":"2009-10-21T08:53:00","date_gmt":"2009-10-21T06:53:00","guid":{"rendered":"http:\/\/blogs.avui.cat\/botonier\/2009\/10\/21\/maillol-el-catala-de-franca\/"},"modified":"2013-06-19T09:48:08","modified_gmt":"2013-06-19T08:48:08","slug":"maillol-el-catala-de-franca","status":"publish","type":"post","link":"https:\/\/blogs.avui.cat\/botonier\/2009\/10\/21\/maillol-el-catala-de-franca\/","title":{"rendered":"Maillol, el catal\u00e0 de Fran\u00e7a"},"content":{"rendered":"<p><a href=\"https:\/\/i0.wp.com\/1.bp.blogspot.com\/_gS2A8TwyupA\/St6wWRtvIMI\/AAAAAAAAA1A\/cgWis5SPfPc\/s1600-h\/2498.jpg\"><img data-recalc-dims=\"1\" decoding=\"async\" src=\"https:\/\/i0.wp.com\/1.bp.blogspot.com\/_gS2A8TwyupA\/St6wWRtvIMI\/AAAAAAAAA1A\/cgWis5SPfPc\/s200\/2498.jpg\" border=\"0\" \/><\/a><br \/>A La Pedrera de Barcelona s\u2019ha obert una exposici\u00f3 amb un centenar d\u2019obres del gran artista Ar\u00edstides Maillol, nascut i mort a Banyuls de la Marenda. Vergonyosament absent dels museus de Catalunya, sempre va demostrar la seva catalanitat amb el seu arrelament al Rossell\u00f3, amb els seus viatges a Barcelona, Girona i altres indrets de Catalunya, i amb la seva amistat amb gent com Sunyer, Pla, Casals, Clar\u00e0, Hugu\u00e9 i molts d\u2019altres. <\/p>\n<p>Fa uns vint anys vaig poder adquirir en una subhasta d\u2019art a Su\u00efssa una litografia original de Maillol, que il\u2022lustra aquest article. Maillol, conegut sobretot com escultor, no va abandonar mai la pintura, el dibuix i el gravat i fins i tot la tapisseria. <\/p>\n<p>Les seves obres tenen com a tema principal el cos femen\u00ed, que ell expressa amb una gran delicadesa, m\u00e9s interessat per la sintetitzaci\u00f3 de les formes que pel realisme absolut. Aquesta difer\u00e8ncia amb altres escultors com Rodin (per cert un gran admirador de Maillol), fa que sigui considerat com l\u2019artista que va fer de pont entre el classicisme i les avantguardes. <\/p>\n<p>Les seves obres respiren tranquil\u2022litat, silenci i ens permeten concentrar-nos en l\u2019admiraci\u00f3 de la bellesa sense distraccions de cap mena. Fins el 31 de gener del 2010 tindrem tots l\u2019oportunitat d\u2019apropar-nos a l&#8217;obra i sobretot al sentiment i a la manera discreta i suau que Maillol, el catal\u00e0 de Fran\u00e7a, va llegar-nos amb la seves obres.<\/p>\n","protected":false},"excerpt":{"rendered":"<p>A La Pedrera de Barcelona s\u2019ha obert una exposici\u00f3 amb un centenar d\u2019obres del gran artista Ar\u00edstides Maillol, nascut i mort a Banyuls de la Marenda. Vergonyosament absent dels museus de Catalunya, sempre va demostrar la seva catalanitat amb el seu arrelament al Rossell\u00f3, amb els seus viatges a Barcelona, Girona i altres indrets de [&hellip;]<\/p>\n","protected":false},"author":126,"featured_media":0,"comment_status":"closed","ping_status":"closed","sticky":false,"template":"","format":"standard","meta":{"jetpack_post_was_ever_published":false,"_jetpack_newsletter_access":"","_jetpack_dont_email_post_to_subs":false,"_jetpack_newsletter_tier_id":0,"_jetpack_memberships_contains_paywalled_content":false,"_jetpack_memberships_contains_paid_content":false,"footnotes":"","jetpack_publicize_message":"","jetpack_publicize_feature_enabled":true,"jetpack_social_post_already_shared":false,"jetpack_social_options":{"image_generator_settings":{"template":"highway","default_image_id":0,"font":"","enabled":false},"version":2}},"categories":[1],"tags":[],"class_list":["post-375","post","type-post","status-publish","format-standard","hentry","category-general"],"jetpack_publicize_connections":[],"jetpack_featured_media_url":"","jetpack-related-posts":[{"id":101,"url":"https:\/\/blogs.avui.cat\/botonier\/2008\/11\/30\/miro-tambe-miro\/","url_meta":{"origin":375,"position":0},"title":"Mir\u00f3, tamb\u00e9 Mir\u00f3","author":"Ramon Boixet","date":"30 novembre 2008","format":false,"excerpt":"El dilluns 24 vaig escriure sobre Klee i el seu museu a Berna. No voldria que algun lector pens\u00e9s que la meva admiraci\u00f3 per el centre bern\u00e8s deixa de fer just\u00edcia a Mir\u00f3 i la seva Fundaci\u00f3 a Barcelona. Mai he tingut actitud excloents , i molt menys en l'art.\u2026","rel":"","context":"A &quot;General&quot;","block_context":{"text":"General","link":"https:\/\/blogs.avui.cat\/botonier\/category\/general\/"},"img":{"alt_text":"","src":"","width":0,"height":0},"classes":[]},{"id":167,"url":"https:\/\/blogs.avui.cat\/botonier\/2009\/02\/03\/la-cultura-catalana-a-l%e2%80%99exterior\/","url_meta":{"origin":375,"position":1},"title":"La cultura catalana a l\u2019exterior","author":"Ramon Boixet","date":"3 febrer 2009","format":false,"excerpt":"Molt es comenta darrerament la decisi\u00f3 de la Generalitat d\u2019obrir les dites ambaixades a diverses ciutats del m\u00f3n. Em suposo que la finalitat \u00e9s la de promocionar Catalunya com a dest\u00ed d\u2019inversions, cultural i tur\u00edstic ja que altres possibilitats d\u2019ordre pol\u00edtic estan fora del dret que l\u2019estat espanyol i l\u2019\u2026","rel":"","context":"A &quot;General&quot;","block_context":{"text":"General","link":"https:\/\/blogs.avui.cat\/botonier\/category\/general\/"},"img":{"alt_text":"","src":"","width":0,"height":0},"classes":[]},{"id":3359,"url":"https:\/\/blogs.avui.cat\/botonier\/2014\/04\/08\/subirachs-positiu-negatiu\/","url_meta":{"origin":375,"position":2},"title":"Subirachs: Positiu-Negatiu","author":"Ramon Boixet","date":"8 abril 2014","format":false,"excerpt":"La mort de Josep M. Subirachs m'ha fet recordar moments molt interessants. Tinc dues escultures de Subirachs. Una d'elles, la que il\u00b7lustra aquest blog d'avui, la va titular \"Positiu-Negatiu\". Crec que serveix per recordar, ara que ens ha deixat, la forta personalitat de Subirachs, la seva for\u00e7a per mantenir-se fidel\u2026","rel":"","context":"A &quot;General&quot;","block_context":{"text":"General","link":"https:\/\/blogs.avui.cat\/botonier\/category\/general\/"},"img":{"alt_text":"Subirachs","src":"https:\/\/i0.wp.com\/blogs.avui.cat\/botonier\/files\/2014\/04\/Subirachs-150x150.jpeg?resize=350%2C200","width":350,"height":200},"classes":[]},{"id":132,"url":"https:\/\/blogs.avui.cat\/botonier\/2008\/12\/28\/miro-l%e2%80%99home\/","url_meta":{"origin":375,"position":3},"title":"Mir\u00f3, l\u2019home","author":"Ramon Boixet","date":"28 desembre 2008","format":false,"excerpt":"Els vint-i-cinc anys de la mort de Joan Mir\u00f3 han estat celebrats de moltes maneres encara que certament no ha estat mai un artista oblidat .La seva obra \u00e9s de gran import\u00e0ncia dins de l\u2019art del segle XX i malgrat el rebuig que encara obt\u00e9 per part dels que prefereixen\u2026","rel":"","context":"A &quot;General&quot;","block_context":{"text":"General","link":"https:\/\/blogs.avui.cat\/botonier\/category\/general\/"},"img":{"alt_text":"","src":"","width":0,"height":0},"classes":[]},{"id":257,"url":"https:\/\/blogs.avui.cat\/botonier\/2009\/05\/18\/picasso-el-pau-de-gosol\/","url_meta":{"origin":375,"position":4},"title":"Picasso, el Pau de G\u00f3sol","author":"Ramon Boixet","date":"18 maig 2009","format":false,"excerpt":"Picasso va arribar a Barcelona, com molts immigrants, sense escollir-ho ja que el seu pare que va rebre per permuta el c\u00e0rrec de professor de dibuix a l\u2019Escola de Belles Arts de la Llotja. Tenia tretze anys i ja era un bon dibuixant i pintor. \u00c9s un bon exemple d\u2019integraci\u00f3\u2026","rel":"","context":"A &quot;General&quot;","block_context":{"text":"General","link":"https:\/\/blogs.avui.cat\/botonier\/category\/general\/"},"img":{"alt_text":"","src":"","width":0,"height":0},"classes":[]},{"id":3437,"url":"https:\/\/blogs.avui.cat\/botonier\/2020\/04\/18\/leixample-font-dinspiracio\/","url_meta":{"origin":375,"position":5},"title":"L&#8217;Eixample, font d&#8217;inspiraci\u00f3","author":"Ramon Boixet","date":"18 abril 2020","format":false,"excerpt":"Un dels grups de diaris m\u00e9s importants de Su\u00efssa ha publicat una llarga entrevista amb dos dels millors arquitectes su\u00efssos: Jacques Herzog i Pierre de Meuron. El seu prestigi mundial, confirmat amb el Premi Pritzker que equival al Nobel d'arquitectura a part de moltes altres distincions,\u00a0els \u00a0ha perm\u00e8s de treballar\u2026","rel":"","context":"A &quot;General&quot;","block_context":{"text":"General","link":"https:\/\/blogs.avui.cat\/botonier\/category\/general\/"},"img":{"alt_text":"","src":"https:\/\/i0.wp.com\/blogs.avui.cat\/botonier\/files\/2020\/04\/Eixample-150x150.jpg?resize=350%2C200","width":350,"height":200},"classes":[]}],"jetpack_sharing_enabled":true,"jetpack_likes_enabled":true,"_links":{"self":[{"href":"https:\/\/blogs.avui.cat\/botonier\/wp-json\/wp\/v2\/posts\/375","targetHints":{"allow":["GET"]}}],"collection":[{"href":"https:\/\/blogs.avui.cat\/botonier\/wp-json\/wp\/v2\/posts"}],"about":[{"href":"https:\/\/blogs.avui.cat\/botonier\/wp-json\/wp\/v2\/types\/post"}],"author":[{"embeddable":true,"href":"https:\/\/blogs.avui.cat\/botonier\/wp-json\/wp\/v2\/users\/126"}],"replies":[{"embeddable":true,"href":"https:\/\/blogs.avui.cat\/botonier\/wp-json\/wp\/v2\/comments?post=375"}],"version-history":[{"count":2,"href":"https:\/\/blogs.avui.cat\/botonier\/wp-json\/wp\/v2\/posts\/375\/revisions"}],"predecessor-version":[{"id":2736,"href":"https:\/\/blogs.avui.cat\/botonier\/wp-json\/wp\/v2\/posts\/375\/revisions\/2736"}],"wp:attachment":[{"href":"https:\/\/blogs.avui.cat\/botonier\/wp-json\/wp\/v2\/media?parent=375"}],"wp:term":[{"taxonomy":"category","embeddable":true,"href":"https:\/\/blogs.avui.cat\/botonier\/wp-json\/wp\/v2\/categories?post=375"},{"taxonomy":"post_tag","embeddable":true,"href":"https:\/\/blogs.avui.cat\/botonier\/wp-json\/wp\/v2\/tags?post=375"}],"curies":[{"name":"wp","href":"https:\/\/api.w.org\/{rel}","templated":true}]}}