{"id":3740,"date":"2022-01-26T09:23:30","date_gmt":"2022-01-26T08:23:30","guid":{"rendered":"https:\/\/blogs.avui.cat\/botonier\/?p=3740"},"modified":"2022-01-26T14:29:51","modified_gmt":"2022-01-26T13:29:51","slug":"un-problema-ecologic-els-pollastres-de-suissa","status":"publish","type":"post","link":"https:\/\/blogs.avui.cat\/botonier\/2022\/01\/26\/un-problema-ecologic-els-pollastres-de-suissa\/","title":{"rendered":"Un problema ecol\u00f2gic: els pollastres de Su\u00efssa"},"content":{"rendered":"<p><a href=\"https:\/\/i0.wp.com\/blogs.avui.cat\/botonier\/files\/2022\/01\/images.jpeg\"><img data-recalc-dims=\"1\" loading=\"lazy\" decoding=\"async\" class=\"alignnone size-full wp-image-3741\" src=\"https:\/\/i0.wp.com\/blogs.avui.cat\/botonier\/files\/2022\/01\/images.jpeg?resize=300%2C168\" alt=\"\" width=\"300\" height=\"168\" \/><\/a><br \/>\nResulta que a Su\u00efssa avui dia es menja el doble de carn de\u00a0pollastre que fa quaranta anys, i menys de porc o de vedella.<br \/>\nConcretament, 50 quilos de pollastre per habitant i any, i uns 50 quilos d&#8217;altres carns. I la cosa va en augment.<br \/>\nAix\u00f2, que sembla nom\u00e9s un assumpte estad\u00edstic, \u00e9s en realitat una q\u00fcesti\u00f3 ecol\u00f2gica.<\/p>\n<p>A la tardor s&#8217;anir\u00e0 a votar una iniciativa popular que proposa limitar les granges d&#8217;animals de tal manera que nom\u00e9s existeixin les que alimentin el bestiar amb all\u00f2 que es produeix als voltants del lloc on es troben. El motiu \u00e9s evitar que cada vegada m\u00e9s es perdin espais de producci\u00f3 agr\u00edcola general, per passar a dedicar-los a pinso per granges i \u00e9s que, aix\u00ed i tot, s&#8217;importen grans quantitats de pinso, principalment del Brasil.<\/p>\n<p>Per\u00f2 aix\u00f2 no \u00e9s tot: m\u00e9s del 70% dels pinsos per a aus venen a Su\u00efssa de l&#8217;exterior i per augmentar els arguments ecol\u00f2gics, els fems que produeixen les aus s&#8217;exporten, per culpa de la manca a Su\u00efssa de camps on es puguin escampar tots els fems que es produeixen. Milers de tones surten anualment cap a Alemanya i \u00c0ustria amb un transport que dona m\u00e9s motius de protesta\u00a0als ecologistes.<\/p>\n<p>I molts fems vol dir molt nitrogen a l&#8217;atmosfera i a les aig\u00fces de manera que s&#8217;imposa repensar totes les activitats av\u00edcoles, i per extensi\u00f3 d&#8217;altres animals, per tal de no perjudicar massa l&#8217;ambient que ens toca viure.<\/p>\n<p>Els pollastres: un problema ecol\u00f2gic que, sumat amb molts d&#8217;altres, ens ha de fer pensar i fer canviar h\u00e0bits i costums, per no perjudicar-nos deixant un m\u00f3n pitjor\u00a0del que\u00a0nosaltres v\u00e0rem trobar.<\/p>\n<p>&nbsp;<\/p>\n<p>&nbsp;<\/p>\n","protected":false},"excerpt":{"rendered":"<p>Resulta que a Su\u00efssa avui dia es menja el doble de carn de\u00a0pollastre que fa quaranta anys, i menys de porc o de vedella. Concretament, 50 quilos de pollastre per habitant i any, i uns 50 quilos d&#8217;altres carns. I la cosa va en augment. Aix\u00f2, que sembla nom\u00e9s un assumpte estad\u00edstic, \u00e9s en realitat [&hellip;]<\/p>\n","protected":false},"author":126,"featured_media":0,"comment_status":"closed","ping_status":"closed","sticky":false,"template":"","format":"standard","meta":{"jetpack_post_was_ever_published":false,"_jetpack_newsletter_access":"","_jetpack_dont_email_post_to_subs":false,"_jetpack_newsletter_tier_id":0,"_jetpack_memberships_contains_paywalled_content":false,"_jetpack_memberships_contains_paid_content":false,"footnotes":"","jetpack_publicize_message":"","jetpack_publicize_feature_enabled":true,"jetpack_social_post_already_shared":false,"jetpack_social_options":{"image_generator_settings":{"template":"highway","default_image_id":0,"font":"","enabled":false},"version":2}},"categories":[1],"tags":[],"class_list":["post-3740","post","type-post","status-publish","format-standard","hentry","category-general"],"jetpack_publicize_connections":[],"jetpack_featured_media_url":"","jetpack-related-posts":[{"id":510,"url":"https:\/\/blogs.avui.cat\/botonier\/2010\/04\/12\/els-vehicles-electrics-que-tothom-paga\/","url_meta":{"origin":3740,"position":0},"title":"Els vehicles el\u00e8ctrics que tothom paga","author":"Ramon Boixet","date":"12 abril 2010","format":false,"excerpt":"La darrera setmana, el president ZP va presentar un pla i una estrat\u00e8gia per impulsar la introducci\u00f3 dels vehicles el\u00e8ctrics a Espanya. El pressupost del projecte \u00e9s de 590 milions d'Euros amb unes vendes previstes fins a l\u2019any 2012 de 70.000 unitats, de manera que fent el compte de la\u2026","rel":"","context":"A &quot;General&quot;","block_context":{"text":"General","link":"https:\/\/blogs.avui.cat\/botonier\/category\/general\/"},"img":{"alt_text":"","src":"","width":0,"height":0},"classes":[]},{"id":426,"url":"https:\/\/blogs.avui.cat\/botonier\/2010\/01\/09\/inflacio-negativa\/","url_meta":{"origin":3740,"position":1},"title":"Inflaci\u00f3 negativa&#8230;","author":"Ramon Boixet","date":"9 gener 2010","format":false,"excerpt":"... a Su\u00efssa. Per primera vegada en els darrers 50 anys, l \u2018inflaci\u00f3 anual a Su\u00efssa ha estat negativa. D\u2019unes d\u00e8cimes, per\u00f2 negativa. Els c\u00e0lculs de la inflaci\u00f3 s\u00f3n complicats i els factors que intervenen en el c\u00e0lcul, i amb quin percentatge hi s\u00f3n presents, pot ser incl\u00fas motiu de\u2026","rel":"","context":"A &quot;General&quot;","block_context":{"text":"General","link":"https:\/\/blogs.avui.cat\/botonier\/category\/general\/"},"img":{"alt_text":"","src":"","width":0,"height":0},"classes":[]},{"id":713,"url":"https:\/\/blogs.avui.cat\/botonier\/2010\/01\/09\/inflacio-negativa-2\/","url_meta":{"origin":3740,"position":2},"title":"Inflaci\u00f3 negativa&#8230;","author":"Ramon Boixet","date":"9 gener 2010","format":false,"excerpt":"... a Su\u00efssa. Per primera vegada en els darrers 50 anys, l \u2018inflaci\u00f3 anual a Su\u00efssa ha estat negativa. D\u2019unes d\u00e8cimes, per\u00f2 negativa. Els c\u00e0lculs de la inflaci\u00f3 s\u00f3n complicats i els factors que intervenen en el c\u00e0lcul, i amb quin percentatge hi s\u00f3n presents, pot ser incl\u00fas motiu de\u2026","rel":"","context":"A &quot;General&quot;","block_context":{"text":"General","link":"https:\/\/blogs.avui.cat\/botonier\/category\/general\/"},"img":{"alt_text":"","src":"","width":0,"height":0},"classes":[]},{"id":147,"url":"https:\/\/blogs.avui.cat\/botonier\/2009\/01\/12\/ens-hem-tornat-bojos\/","url_meta":{"origin":3740,"position":3},"title":"Ens hem tornat bojos!","author":"Ramon Boixet","date":"12 gener 2009","format":false,"excerpt":"Que en el m\u00f3n les coses estan mal repartides, \u00e9s de domini p\u00fablic. Parlo de la riquesa i del recursos indispensables per viure. El que est\u00e0 succeint a Su\u00efssa amb la llet \u00e9s per preguntar-nos si realment ens hem tornat bojos o ens hem equivocat de planeta. Donar\u00e9 les dades\u2026","rel":"","context":"A &quot;General&quot;","block_context":{"text":"General","link":"https:\/\/blogs.avui.cat\/botonier\/category\/general\/"},"img":{"alt_text":"","src":"","width":0,"height":0},"classes":[]},{"id":88,"url":"https:\/\/blogs.avui.cat\/botonier\/2008\/11\/17\/ens-han-ensarronat\/","url_meta":{"origin":3740,"position":4},"title":"Ens han ensarronat?","author":"Ramon Boixet","date":"17 novembre 2008","format":false,"excerpt":"Dia si i dia tamb\u00e9 rebem alguna informaci\u00f3 -generalment negativa- sobre el canvi clim\u00e0tic, l'efecte hivernacle, el desgla\u00e7 dels pols i la quantitat de CO2 de l'atmosfera. Deixant a part la postura cient\u00edfica o pol\u00edtica de cadasc\u00fa, \u00e9s evident que la nostra generaci\u00f3 no ha ajudat massa a fer que\u2026","rel":"","context":"A &quot;General&quot;","block_context":{"text":"General","link":"https:\/\/blogs.avui.cat\/botonier\/category\/general\/"},"img":{"alt_text":"","src":"","width":0,"height":0},"classes":[]},{"id":925,"url":"https:\/\/blogs.avui.cat\/botonier\/2011\/03\/08\/estalviar-energia-veritats-i-mentides\/","url_meta":{"origin":3740,"position":5},"title":"Estalviar energia: veritats i mentides","author":"Ramon Boixet","date":"8 mar\u00e7 2011","format":false,"excerpt":"La primera manera d\u2019estalviar combustible \u00e9s la de no fer quilometres in\u00fatils. Una segona manera \u00e9s la de facilitar la disminuci\u00f3 del tr\u00e0fic urb\u00e0 que obliga a anar amb marxes curtes, a frenar i accelerar a cada cantonada, amb un gran consum de combustible i un alt desgast dels motors.\u2026","rel":"","context":"A &quot;General&quot;","block_context":{"text":"General","link":"https:\/\/blogs.avui.cat\/botonier\/category\/general\/"},"img":{"alt_text":"","src":"https:\/\/i0.wp.com\/blogs.avui.cat\/botonier\/files\/2011\/03\/CO2.jpg?resize=350%2C200","width":350,"height":200},"classes":[]}],"jetpack_sharing_enabled":true,"jetpack_likes_enabled":true,"_links":{"self":[{"href":"https:\/\/blogs.avui.cat\/botonier\/wp-json\/wp\/v2\/posts\/3740","targetHints":{"allow":["GET"]}}],"collection":[{"href":"https:\/\/blogs.avui.cat\/botonier\/wp-json\/wp\/v2\/posts"}],"about":[{"href":"https:\/\/blogs.avui.cat\/botonier\/wp-json\/wp\/v2\/types\/post"}],"author":[{"embeddable":true,"href":"https:\/\/blogs.avui.cat\/botonier\/wp-json\/wp\/v2\/users\/126"}],"replies":[{"embeddable":true,"href":"https:\/\/blogs.avui.cat\/botonier\/wp-json\/wp\/v2\/comments?post=3740"}],"version-history":[{"count":2,"href":"https:\/\/blogs.avui.cat\/botonier\/wp-json\/wp\/v2\/posts\/3740\/revisions"}],"predecessor-version":[{"id":3743,"href":"https:\/\/blogs.avui.cat\/botonier\/wp-json\/wp\/v2\/posts\/3740\/revisions\/3743"}],"wp:attachment":[{"href":"https:\/\/blogs.avui.cat\/botonier\/wp-json\/wp\/v2\/media?parent=3740"}],"wp:term":[{"taxonomy":"category","embeddable":true,"href":"https:\/\/blogs.avui.cat\/botonier\/wp-json\/wp\/v2\/categories?post=3740"},{"taxonomy":"post_tag","embeddable":true,"href":"https:\/\/blogs.avui.cat\/botonier\/wp-json\/wp\/v2\/tags?post=3740"}],"curies":[{"name":"wp","href":"https:\/\/api.w.org\/{rel}","templated":true}]}}