{"id":373,"date":"2009-10-19T09:01:00","date_gmt":"2009-10-19T07:01:00","guid":{"rendered":"http:\/\/blogs.avui.cat\/botonier\/2009\/10\/19\/%c2%bfesta-lestatut-kaputt\/"},"modified":"2013-06-19T09:48:09","modified_gmt":"2013-06-19T08:48:09","slug":"%c2%bfesta-lestatut-kaputt","status":"publish","type":"post","link":"https:\/\/blogs.avui.cat\/botonier\/2009\/10\/19\/%c2%bfesta-lestatut-kaputt\/","title":{"rendered":"\u00bfEst\u00e0 l&#8217;Estatut &quot;kaputt&quot;?"},"content":{"rendered":"<p><a href=\"https:\/\/i0.wp.com\/3.bp.blogspot.com\/_gS2A8TwyupA\/StwPGSGLsXI\/AAAAAAAAA0o\/IqgdRv1O9WM\/s1600-h\/Estatut2.JPG\"><img data-recalc-dims=\"1\" decoding=\"async\" src=\"https:\/\/i0.wp.com\/3.bp.blogspot.com\/_gS2A8TwyupA\/StwPGSGLsXI\/AAAAAAAAA0o\/IqgdRv1O9WM\/s200\/Estatut2.JPG\" border=\"0\" \/><\/a><br \/>\nUna de les paraules de l\u2019idioma alemany m\u00e9s coneguda fins i tot pels que no el parlen \u00e9s \u00abkaputt\u00bb. El mot permet moltes aplicacions ja que significa trencat, cansat, espatllat, rendit, mort&#8230; Els or\u00edgens no s\u00f3n molt clars encara que sempre porten al llat\u00ed <em>caput<\/em> encara que no amb el significat de cap sin\u00f3 de <em>caput essere<\/em> = no ser necessari, no ser \u00fatil. \u00c9s una expressi\u00f3 molt emprada en textos jur\u00eddics medievals en el sentit de \u201ctornar a comen\u00e7ar\u201d o dit d\u2019altre manera \u201ctornar a l\u2019origen, al cap\u201d.<\/p>\n<p>El f\u00e0cil joc de paraules del t\u00edtol sorgeix del fet ins\u00f3lit d\u2019un Estatut aprovat pel poble i les inst\u00e0ncies parlament\u00e0ries legals i que porta m\u00e9s de tres anys \u201caparcat\u201d al Tribunal Constitucional espanyol, sense data prevista de resoluci\u00f3.<\/p>\n<p>Ara es parla de l\u2019estiu o fins i tot la tardor de l\u2019any 2010 com a data de la resoluci\u00f3 del TC. El govern espanyol ens consola dient que, amb sentencia o sense, l\u2019Estatut s\u2019est\u00e0 aplicant de manera que no cal trencar-se el cap.<\/p>\n<p>Estic amb l\u2019ai al cor. O l\u2019Estatut \u00e9s necessari pel desenvolupament pol\u00edtic i social de Catalunya o en podem prescindir. En el primer cas, no s\u2019ent\u00e9n l\u2019endarreriment de la sentencia i en el segon val m\u00e9s que pleguem els farcells i anem all\u00e0 on es tingui m\u00e9s respecte per les decisions del poble.<\/p>\n<p>Jo no vull pensar que l\u2019Estatut est\u00e0 \u00abkaputt\u00bb. M\u00e9s aviat em permeto desconfiar dels pol\u00edtics espanyols i dels tribunals que semblen massa dependents dels primers. I, com sempre, Raimon em ve a la mem\u00f2ria:<br \/>\n<em><strong>No,<br \/>\njo dic no,<br \/>\ndiguem no.<br \/>\nNosaltres no som d&#8217;eixe m\u00f3n.<\/strong><\/em><\/p>\n","protected":false},"excerpt":{"rendered":"<p>Una de les paraules de l\u2019idioma alemany m\u00e9s coneguda fins i tot pels que no el parlen \u00e9s \u00abkaputt\u00bb. El mot permet moltes aplicacions ja que significa trencat, cansat, espatllat, rendit, mort&#8230; Els or\u00edgens no s\u00f3n molt clars encara que sempre porten al llat\u00ed caput encara que no amb el significat de cap sin\u00f3 de [&hellip;]<\/p>\n","protected":false},"author":126,"featured_media":0,"comment_status":"closed","ping_status":"closed","sticky":false,"template":"","format":"standard","meta":{"jetpack_post_was_ever_published":false,"_jetpack_newsletter_access":"","_jetpack_dont_email_post_to_subs":false,"_jetpack_newsletter_tier_id":0,"_jetpack_memberships_contains_paywalled_content":false,"_jetpack_memberships_contains_paid_content":false,"footnotes":"","jetpack_publicize_message":"","jetpack_publicize_feature_enabled":true,"jetpack_social_post_already_shared":false,"jetpack_social_options":{"image_generator_settings":{"template":"highway","default_image_id":0,"font":"","enabled":false},"version":2}},"categories":[1],"tags":[],"class_list":["post-373","post","type-post","status-publish","format-standard","hentry","category-general"],"jetpack_publicize_connections":[],"jetpack_featured_media_url":"","jetpack-related-posts":[{"id":695,"url":"https:\/\/blogs.avui.cat\/botonier\/2009\/10\/19\/%c2%bfesta-lestatut-kaputt-2\/","url_meta":{"origin":373,"position":0},"title":"\u00bfEst\u00e0 l&#8217;Estatut &#034;kaputt&#034;?","author":"Ramon Boixet","date":"19 octubre 2009","format":false,"excerpt":"Una de les paraules de l\u2019idioma alemany m\u00e9s coneguda fins i tot pels que no el parlen \u00e9s \u00abkaputt\u00bb. El mot permet moltes aplicacions ja que significa trencat, cansat, espatllat, rendit, mort... Els or\u00edgens no s\u00f3n molt clars encara que sempre porten al llat\u00ed caput encara que no amb el\u2026","rel":"","context":"A &quot;General&quot;","block_context":{"text":"General","link":"https:\/\/blogs.avui.cat\/botonier\/category\/general\/"},"img":{"alt_text":"","src":"","width":0,"height":0},"classes":[]},{"id":160,"url":"https:\/\/blogs.avui.cat\/botonier\/2009\/01\/25\/sentencia-humanitaria\/","url_meta":{"origin":373,"position":1},"title":"Sent\u00e8ncia humanit\u00e0ria","author":"Ramon Boixet","date":"25 gener 2009","format":false,"excerpt":"Que Su\u00efssa es dedica amb molta discreci\u00f3 i efici\u00e8ncia a activitats humanit\u00e0ries arreu del m\u00f3n \u00e9s de tothom conegut a partir de la fundaci\u00f3 de la Creu Roja pel su\u00efs Henri Dunant l\u2019any 1863. Aquesta vocaci\u00f3 no ha parat des la primera guerra mundial, i tant al Irak com a\u2026","rel":"","context":"A &quot;General&quot;","block_context":{"text":"General","link":"https:\/\/blogs.avui.cat\/botonier\/category\/general\/"},"img":{"alt_text":"","src":"","width":0,"height":0},"classes":[]},{"id":363,"url":"https:\/\/blogs.avui.cat\/botonier\/2009\/09\/28\/una-constitucio-viva\/","url_meta":{"origin":373,"position":2},"title":"Una Constituci\u00f3 viva","author":"Ramon Boixet","date":"28 setembre 2009","format":false,"excerpt":"Amb una visi\u00f3 europea, les eleccions d\u2019ahir a Alemanya i en menor mesura las de Portugal tenen una import\u00e0ncia que supera les fronteres d'ambd\u00f3s pa\u00efsos. Amb una visi\u00f3 estrictament d'exercici pol\u00edtic, la votaci\u00f3 del cap de setmana a Su\u00efssa representa un exemple que es podria aprofitar tant a Espanya com\u2026","rel":"","context":"A &quot;General&quot;","block_context":{"text":"General","link":"https:\/\/blogs.avui.cat\/botonier\/category\/general\/"},"img":{"alt_text":"","src":"","width":0,"height":0},"classes":[]},{"id":287,"url":"https:\/\/blogs.avui.cat\/botonier\/2009\/06\/19\/riure%e2%80%99s-del-mort-i-del-qui-el-vetlla\/","url_meta":{"origin":373,"position":3},"title":"Riure\u2019s del mort i del qui el vetlla","author":"Ramon Boixet","date":"19 juny 2009","format":false,"excerpt":"Ahir va fer 3 anys que el poble de Catalunya va refrendar l\u2019Estatut d\u2019Autonom\u00eda, un aniversari que mereix ser recordat encara que per altres motius que l\u2019alegria.Un mes abans les Corts Generals d\u2019Espanya l\u2019havien aprovat amb els vots en contra del PP i algunes abst\u00e8ncions com per exemple ERC. El\u2026","rel":"","context":"A &quot;General&quot;","block_context":{"text":"General","link":"https:\/\/blogs.avui.cat\/botonier\/category\/general\/"},"img":{"alt_text":"","src":"","width":0,"height":0},"classes":[]},{"id":313,"url":"https:\/\/blogs.avui.cat\/botonier\/2009\/07\/22\/tragedia-i-reflexio\/","url_meta":{"origin":373,"position":4},"title":"Trag\u00e8dia i reflexi\u00f3","author":"Ramon Boixet","date":"22 juliol 2009","format":false,"excerpt":"La mort dels quatre bombers ahir a Horta de Sant Joan \u00e9s una gran trag\u00e8dia i el nostre record ha d\u2019anar a les seves fam\u00edlies, amics i companys.La vida pol\u00edtica, que no \u00e9s insensible a fets humans tan importants, ha quedat en certa manera paralitzada un parell de dies, amb\u2026","rel":"","context":"A &quot;General&quot;","block_context":{"text":"General","link":"https:\/\/blogs.avui.cat\/botonier\/category\/general\/"},"img":{"alt_text":"","src":"","width":0,"height":0},"classes":[]},{"id":3764,"url":"https:\/\/blogs.avui.cat\/botonier\/2022\/03\/21\/politics-impresentables-2\/","url_meta":{"origin":373,"position":5},"title":"Pol\u00edtics impresentables","author":"Ramon Boixet","date":"21 mar\u00e7 2022","format":false,"excerpt":"Seguir la pol\u00edtica d\u2019arreu del m\u00f3n permet comprovar que la majoria d'alts\u00a0c\u00e0rrecs, una vegada\u00a0a dalt, es comporten d'una manera molt diferent de la que els electors els hi suposaven. Manar significa servir, escoltar i portar a terme els principis exhibits durant les campanyes electorals. La\u00a0pr\u00e0ctica\u00a0ens\u00a0demostra\u00a0que la majoria es comporta de\u2026","rel":"","context":"A &quot;General&quot;","block_context":{"text":"General","link":"https:\/\/blogs.avui.cat\/botonier\/category\/general\/"},"img":{"alt_text":"","src":"https:\/\/i0.wp.com\/blogs.avui.cat\/botonier\/files\/2022\/03\/Toc-Dibuix-2.jpeg?resize=350%2C200","width":350,"height":200},"classes":[]}],"jetpack_sharing_enabled":true,"jetpack_likes_enabled":true,"_links":{"self":[{"href":"https:\/\/blogs.avui.cat\/botonier\/wp-json\/wp\/v2\/posts\/373","targetHints":{"allow":["GET"]}}],"collection":[{"href":"https:\/\/blogs.avui.cat\/botonier\/wp-json\/wp\/v2\/posts"}],"about":[{"href":"https:\/\/blogs.avui.cat\/botonier\/wp-json\/wp\/v2\/types\/post"}],"author":[{"embeddable":true,"href":"https:\/\/blogs.avui.cat\/botonier\/wp-json\/wp\/v2\/users\/126"}],"replies":[{"embeddable":true,"href":"https:\/\/blogs.avui.cat\/botonier\/wp-json\/wp\/v2\/comments?post=373"}],"version-history":[{"count":2,"href":"https:\/\/blogs.avui.cat\/botonier\/wp-json\/wp\/v2\/posts\/373\/revisions"}],"predecessor-version":[{"id":2738,"href":"https:\/\/blogs.avui.cat\/botonier\/wp-json\/wp\/v2\/posts\/373\/revisions\/2738"}],"wp:attachment":[{"href":"https:\/\/blogs.avui.cat\/botonier\/wp-json\/wp\/v2\/media?parent=373"}],"wp:term":[{"taxonomy":"category","embeddable":true,"href":"https:\/\/blogs.avui.cat\/botonier\/wp-json\/wp\/v2\/categories?post=373"},{"taxonomy":"post_tag","embeddable":true,"href":"https:\/\/blogs.avui.cat\/botonier\/wp-json\/wp\/v2\/tags?post=373"}],"curies":[{"name":"wp","href":"https:\/\/api.w.org\/{rel}","templated":true}]}}