{"id":367,"date":"2009-10-09T08:15:00","date_gmt":"2009-10-09T06:15:00","guid":{"rendered":"http:\/\/blogs.avui.cat\/botonier\/2009\/10\/09\/el-ministre-barrut\/"},"modified":"2013-06-19T09:48:10","modified_gmt":"2013-06-19T08:48:10","slug":"el-ministre-barrut","status":"publish","type":"post","link":"https:\/\/blogs.avui.cat\/botonier\/2009\/10\/09\/el-ministre-barrut\/","title":{"rendered":"El ministre barrut"},"content":{"rendered":"<p><a href=\"https:\/\/i0.wp.com\/1.bp.blogspot.com\/_gS2A8TwyupA\/Ss7VcOk0uNI\/AAAAAAAAAz4\/0e0tnYWHcYI\/s1600-h\/Mitterrand.JPG\"><img data-recalc-dims=\"1\" decoding=\"async\" src=\"https:\/\/i0.wp.com\/1.bp.blogspot.com\/_gS2A8TwyupA\/Ss7VcOk0uNI\/AAAAAAAAAz4\/0e0tnYWHcYI\/s200\/Mitterrand.JPG\" border=\"0\" \/><\/a><br \/>Una de les veus m\u00e9s fortes que es van fer sentir despr\u00e9s de la detenci\u00f3 de Roman Polanski a Zuric va ser la de Fr\u00e9d\u00e9ric Mitterrand, Ministre de la Cultura franc\u00e9s.<\/p>\n<p>D\u2019entrada sembla normal que un ministre de cultura defensi un home de cultura i amb m\u00e9s motiu si ambd\u00f3s tenen la mateixa nacionalitat.  Per\u00f3 les coses s\u2019han complicat.<br \/>La lectura a la televisi\u00f3 d\u2019uns passatges del llibre \u00ab La mauvaise vie\u00bb ( La mala vida), publicat l\u2019any 2005 per Fr\u00e9d\u00e9ric Mitterrand a les edicions Robert Laffont, ha obert una pol\u00e9mica que no sabem com acabar\u00e0.<\/p>\n<p>En el llibre en questi\u00f3 Mitterrand escriu sobre viatges a Thailandia per practicar el turisme sexual, concretament amb \u00ab gar\u00e7ons \u00bb, \u00e9s a dir nois. L\u2019homosexualitat de Mitterrand \u00e9s coneguda i per tant ning\u00fa va extranyar la tem\u00e0tica. El llibre parla de compra de favors sexuals i per tant per molts lectors \u00e9s una apolog\u00eda del turisme sexual i fins i tot potser de la pedofilia.<\/p>\n<p>El tema \u00e9s molt delicat i ahir al vespre Mitterrand va dir a la televisi\u00f3 francesa que de cap manera accepta el turisme sexual i la pedofilia i que mai va tenir sexe amb menors d\u2019edat. <\/p>\n<p>Tot l\u2019escandol que ara ha comen\u00e7at potser portar\u00e0 a la dimissi\u00f3 de Mitterrand, encara que ell diu que compte amb el suport del president Sarkozy. La seva entrada al govern va ser un cop d\u2019efecte molt gran vist el cognom del ministre i la seva apartenen\u00e7a al partit socialista.<\/p>\n<p>El que no necessita Polanski s\u00f3n advocats del tipus Mitterrand que no tan sols no apaguen la pol\u00e9mica sino que l\u2019encenen per un altre costat. <\/p>\n<p>Un lector em comenta que Polanski va fugir dels Estats Units perque despr\u00e9s d\u2019arribar a un acord amb l\u2019acusaci\u00f3, un jutge volia una detenci\u00f3 de tres mesos pr\u00e8via al judici. L\u2019acord amb l\u2019acusaci\u00f3 , que segurament era pagar per callar, \u00e9s perfectament legal. Per\u00f3 si els advocats de Polanski no han sabut portar el cas a bon terme despr\u00e9s de 30 anys, no ser\u00e0 ara culpa de Su\u00efssa l\u2019extradici\u00f3 estrictament conforme als convenis intrenacionals. Tot \u00e9s molt pen\u00f3s i es trist que la justicia, als Estats Units i arreu, sigui tant lenta.<\/p>\n","protected":false},"excerpt":{"rendered":"<p>Una de les veus m\u00e9s fortes que es van fer sentir despr\u00e9s de la detenci\u00f3 de Roman Polanski a Zuric va ser la de Fr\u00e9d\u00e9ric Mitterrand, Ministre de la Cultura franc\u00e9s. D\u2019entrada sembla normal que un ministre de cultura defensi un home de cultura i amb m\u00e9s motiu si ambd\u00f3s tenen la mateixa nacionalitat. Per\u00f3 [&hellip;]<\/p>\n","protected":false},"author":126,"featured_media":0,"comment_status":"closed","ping_status":"closed","sticky":false,"template":"","format":"standard","meta":{"jetpack_post_was_ever_published":false,"_jetpack_newsletter_access":"","_jetpack_dont_email_post_to_subs":false,"_jetpack_newsletter_tier_id":0,"_jetpack_memberships_contains_paywalled_content":false,"_jetpack_memberships_contains_paid_content":false,"footnotes":"","jetpack_publicize_message":"","jetpack_publicize_feature_enabled":true,"jetpack_social_post_already_shared":false,"jetpack_social_options":{"image_generator_settings":{"template":"highway","default_image_id":0,"font":"","enabled":false},"version":2}},"categories":[1],"tags":[],"class_list":["post-367","post","type-post","status-publish","format-standard","hentry","category-general"],"jetpack_publicize_connections":[],"jetpack_featured_media_url":"","jetpack-related-posts":[{"id":675,"url":"https:\/\/blogs.avui.cat\/botonier\/2009\/06\/16\/la-cultura-de-lescriptor-falcones-2\/","url_meta":{"origin":367,"position":0},"title":"La cultura de l&#8217;escriptor Falcones","author":"Ramon Boixet","date":"16 juny 2009","format":false,"excerpt":"A TV3 van entrevistar l\u2019escriptor Ildefonso Falcones, autor de \u201eLa Catedral del Mar \u201c, amb motiu de la sortida del seu nou llibre \u201cLa mano de F\u00e1tima\u201d. El senyor Falcones va n\u00e9ixer a Barcelona l\u2019any 1958 i \u00e9s segurament un dels autors amb m\u00e9s vendes ja que de La Catedral\u2026","rel":"","context":"A &quot;General&quot;","block_context":{"text":"General","link":"https:\/\/blogs.avui.cat\/botonier\/category\/general\/"},"img":{"alt_text":"","src":"","width":0,"height":0},"classes":[]},{"id":284,"url":"https:\/\/blogs.avui.cat\/botonier\/2009\/06\/16\/la-cultura-de-lescriptor-falcones\/","url_meta":{"origin":367,"position":1},"title":"La cultura de l&#8217;escriptor Falcones","author":"Ramon Boixet","date":"16 juny 2009","format":false,"excerpt":"A TV3 van entrevistar l\u2019escriptor Ildefonso Falcones, autor de \u201eLa Catedral del Mar \u201c, amb motiu de la sortida del seu nou llibre \u201cLa mano de F\u00e1tima\u201d. El senyor Falcones va n\u00e9ixer a Barcelona l\u2019any 1958 i \u00e9s segurament un dels autors amb m\u00e9s vendes ja que de La Catedral\u2026","rel":"","context":"A &quot;General&quot;","block_context":{"text":"General","link":"https:\/\/blogs.avui.cat\/botonier\/category\/general\/"},"img":{"alt_text":"","src":"","width":0,"height":0},"classes":[]},{"id":80,"url":"https:\/\/blogs.avui.cat\/botonier\/2008\/11\/03\/el-ministre-i-els-contes\/","url_meta":{"origin":367,"position":2},"title":"El Ministre i els contes","author":"Ramon Boixet","date":"3 novembre 2008","format":false,"excerpt":"El Festival m\u00e9s conegut entre els que es fan a Berl\u00edn \u00e9s, sens dubte, la Berlinale que junt amb Cannes fa part dels \u201cimprescindibles\u201d en el m\u00f3n del cinema. Un Festival menys conegut \u00e9s el Festival de Contes ( Berliner M\u00e4rchentage) que s'obre dijous i que aquest any es celebra\u2026","rel":"","context":"A &quot;General&quot;","block_context":{"text":"General","link":"https:\/\/blogs.avui.cat\/botonier\/category\/general\/"},"img":{"alt_text":"","src":"","width":0,"height":0},"classes":[]},{"id":393,"url":"https:\/\/blogs.avui.cat\/botonier\/2009\/11\/20\/les-veus-del-jaume-cabre\/","url_meta":{"origin":367,"position":3},"title":"Les veus del Jaume Cabr\u00e9","author":"Ramon Boixet","date":"20 novembre 2009","format":false,"excerpt":"He vist la minis\u00e8rie televisiva basada en la novel\u2022la \"Les veus del Pamano\" de Jaume Cabr\u00e9. Abans havia llegit el llibre i fins i tot escoltat una traducci\u00f3 a l\u2019alemany que s\u2019ha publicat com a \u00e0lbum amb 6 CD\u2019s.Jaume Cabr\u00e9 no \u00e9s cap desconegut en els ambients literaris de llengua\u2026","rel":"","context":"A &quot;General&quot;","block_context":{"text":"General","link":"https:\/\/blogs.avui.cat\/botonier\/category\/general\/"},"img":{"alt_text":"","src":"","width":0,"height":0},"classes":[]},{"id":862,"url":"https:\/\/blogs.avui.cat\/botonier\/2010\/12\/22\/la-destruccio-de-les-cultures-lexemple-de-franca\/","url_meta":{"origin":367,"position":4},"title":"La destrucci\u00f3 de les cultures: l&#8217;exemple de Fran\u00e7a","author":"Ramon Boixet","date":"22 desembre 2010","format":false,"excerpt":"Entre els documents que ha fet p\u00fablics Wikileaks es poden trobar informacions interessants que, sense ser grans descobriments o secrets d\u2019estat, ens permeten ratificar posicions cada vegada m\u00e9s esteses a l\u2019hora de parlar del futur de Catalunya. Un document que transcriu la conversa que l\u2019ambaixador americ\u00e0 a Paris va mantenir\u2026","rel":"","context":"A &quot;General&quot;","block_context":{"text":"General","link":"https:\/\/blogs.avui.cat\/botonier\/category\/general\/"},"img":{"alt_text":"","src":"https:\/\/i0.wp.com\/blogs.avui.cat\/botonier\/files\/2010\/12\/Rocard.jpg?resize=350%2C200","width":350,"height":200},"classes":[]},{"id":131,"url":"https:\/\/blogs.avui.cat\/botonier\/2008\/12\/27\/roma-capital-de-xauxa\/","url_meta":{"origin":367,"position":5},"title":"Roma capital de Xauxa ?","author":"Ramon Boixet","date":"27 desembre 2008","format":false,"excerpt":"Haig de comen\u00e7ar dient que soc un enamorat d\u2019Italia, tan per la seva historia i cultura com per els paisatges i per els seus defectes, que ens permeten sentir-nos membres d\u2019una mateixa arrel.He rellegit el meu escrit del 4 de setembre (It\u00e0lia sorpr\u00e8n) per lligar conceptes amb la noticia que\u2026","rel":"","context":"A &quot;General&quot;","block_context":{"text":"General","link":"https:\/\/blogs.avui.cat\/botonier\/category\/general\/"},"img":{"alt_text":"","src":"","width":0,"height":0},"classes":[]}],"jetpack_sharing_enabled":true,"jetpack_likes_enabled":true,"_links":{"self":[{"href":"https:\/\/blogs.avui.cat\/botonier\/wp-json\/wp\/v2\/posts\/367","targetHints":{"allow":["GET"]}}],"collection":[{"href":"https:\/\/blogs.avui.cat\/botonier\/wp-json\/wp\/v2\/posts"}],"about":[{"href":"https:\/\/blogs.avui.cat\/botonier\/wp-json\/wp\/v2\/types\/post"}],"author":[{"embeddable":true,"href":"https:\/\/blogs.avui.cat\/botonier\/wp-json\/wp\/v2\/users\/126"}],"replies":[{"embeddable":true,"href":"https:\/\/blogs.avui.cat\/botonier\/wp-json\/wp\/v2\/comments?post=367"}],"version-history":[{"count":2,"href":"https:\/\/blogs.avui.cat\/botonier\/wp-json\/wp\/v2\/posts\/367\/revisions"}],"predecessor-version":[{"id":2746,"href":"https:\/\/blogs.avui.cat\/botonier\/wp-json\/wp\/v2\/posts\/367\/revisions\/2746"}],"wp:attachment":[{"href":"https:\/\/blogs.avui.cat\/botonier\/wp-json\/wp\/v2\/media?parent=367"}],"wp:term":[{"taxonomy":"category","embeddable":true,"href":"https:\/\/blogs.avui.cat\/botonier\/wp-json\/wp\/v2\/categories?post=367"},{"taxonomy":"post_tag","embeddable":true,"href":"https:\/\/blogs.avui.cat\/botonier\/wp-json\/wp\/v2\/tags?post=367"}],"curies":[{"name":"wp","href":"https:\/\/api.w.org\/{rel}","templated":true}]}}