{"id":362,"date":"2009-09-25T09:06:00","date_gmt":"2009-09-25T07:06:00","guid":{"rendered":"http:\/\/blogs.avui.cat\/botonier\/2009\/09\/25\/el-fracas-de-les-nostres-institucions\/"},"modified":"2013-06-19T09:48:10","modified_gmt":"2013-06-19T08:48:10","slug":"el-fracas-de-les-nostres-institucions","status":"publish","type":"post","link":"https:\/\/blogs.avui.cat\/botonier\/2009\/09\/25\/el-fracas-de-les-nostres-institucions\/","title":{"rendered":"El frac\u00e0s de les nostres institucions"},"content":{"rendered":"<p><a href=\"https:\/\/i0.wp.com\/1.bp.blogspot.com\/_gS2A8TwyupA\/SrxsQTDF7-I\/AAAAAAAAAzQ\/vUgRBiyMp08\/s1600-h\/institucions.JPG\"><img data-recalc-dims=\"1\" decoding=\"async\" src=\"https:\/\/i0.wp.com\/1.bp.blogspot.com\/_gS2A8TwyupA\/SrxsQTDF7-I\/AAAAAAAAAzQ\/vUgRBiyMp08\/s200\/institucions.JPG\" border=\"0\" \/><\/a><\/p>\n<p>Els ensurts ens arriben pr\u00e0cticament cada dia, com si el dest\u00ed decid\u00eds endegar una campanya contra les institucions tradicionals de Catalunya. <\/p>\n<p>Primer va ser el cas del presumpte lladre (no trobo cap qualificatiu m\u00e9s prec\u00eds) F\u00e8lix Millet, amb el corresponent trasbals que afecta l\u2019Orfe\u00f3 Catal\u00e0 i el Palau de la M\u00fasica Catalana.<\/p>\n<p>Seguidament, ens varem assabentar que la Generalitat ha encomanat i pagat diversos informes absolutament in\u00fatils dins d\u2019una impressi\u00f3 de \u00abfeu el que vulgueu mentre em recolzeu\u00bb. Potser no \u00e9s una gran suma de diners la que s\u2019ha llen\u00e7at claveguera avall amb els informes per\u00f2 \u00e9s simptom\u00e0tic d\u2019una manera de governar a tres bandes on sovint falla la conjunci\u00f3.<\/p>\n<p>Per arranjar el pati, el Bar\u00e7a ha fet de manera sibilina un \u201cseguiment de protecci\u00f3\u201d a quatre vicepresidents que, quina casualitat, eren possibles candidats a president a les properes eleccions. El seguiment, ordenat pel director general Joan Oliver sense aparent coneixement del president Laporta, demostra que el poder \u00e9s essencialment corrupte i injust, i que els que manen amb netedat i just\u00edcia s\u00f3n l\u2019excepci\u00f3, a Catalunya i fora d\u2019ella.<\/p>\n<p>Tres institucions tradicionals del nostre pa\u00eds, Orfe\u00f3\/Palau de la M\u00fasica, Generalitat i el Bar\u00e7a, han donat una p\u00e8ssima imatge a la gent que les estima i finan\u00e7a. Ara nom\u00e9s falta que es descobreixi alguna irregularitat a l\u2019Escolania de Montserrat (D\u00e9u no ho vulgui!) i ja no tindrem cap instituci\u00f3 per animar el nostre vell i cansat esperit catal\u00e0.<\/p>\n","protected":false},"excerpt":{"rendered":"<p>Els ensurts ens arriben pr\u00e0cticament cada dia, com si el dest\u00ed decid\u00eds endegar una campanya contra les institucions tradicionals de Catalunya. Primer va ser el cas del presumpte lladre (no trobo cap qualificatiu m\u00e9s prec\u00eds) F\u00e8lix Millet, amb el corresponent trasbals que afecta l\u2019Orfe\u00f3 Catal\u00e0 i el Palau de la M\u00fasica Catalana. Seguidament, ens varem [&hellip;]<\/p>\n","protected":false},"author":126,"featured_media":0,"comment_status":"closed","ping_status":"closed","sticky":false,"template":"","format":"standard","meta":{"jetpack_post_was_ever_published":false,"_jetpack_newsletter_access":"","_jetpack_dont_email_post_to_subs":false,"_jetpack_newsletter_tier_id":0,"_jetpack_memberships_contains_paywalled_content":false,"_jetpack_memberships_contains_paid_content":false,"footnotes":"","jetpack_publicize_message":"","jetpack_publicize_feature_enabled":true,"jetpack_social_post_already_shared":false,"jetpack_social_options":{"image_generator_settings":{"template":"highway","default_image_id":0,"font":"","enabled":false},"version":2}},"categories":[1],"tags":[],"class_list":["post-362","post","type-post","status-publish","format-standard","hentry","category-general"],"jetpack_publicize_connections":[],"jetpack_featured_media_url":"","jetpack-related-posts":[{"id":372,"url":"https:\/\/blogs.avui.cat\/botonier\/2009\/10\/17\/quin-fastic\/","url_meta":{"origin":362,"position":0},"title":"Quin f\u00e0stic !","author":"Ramon Boixet","date":"17 octubre 2009","format":false,"excerpt":"Una r\u00e0pida ullada a les primeres p\u00e0gines dels diaris de paper o d'internet d\u2019ahir, o d\u2019avui i segurament de dem\u00e0, fa que inevitablement diguem: Quin f\u00e0stic!. Estem a Catalunya en un moment delicat ja que a la sensaci\u00f3 d\u2019haver perdut for\u00e7a de cara a fora s\u2019uneix la desil\u2022lusi\u00f3, la r\u00e0bia,\u2026","rel":"","context":"A &quot;General&quot;","block_context":{"text":"General","link":"https:\/\/blogs.avui.cat\/botonier\/category\/general\/"},"img":{"alt_text":"","src":"","width":0,"height":0},"classes":[]},{"id":3562,"url":"https:\/\/blogs.avui.cat\/botonier\/2020\/12\/26\/bla-bla-bla-monarquic\/","url_meta":{"origin":362,"position":1},"title":"\u201cBla-bla-bla&#8221;\u00a0mon\u00e0rquic","author":"Ramon Boixet","date":"26 desembre 2020","format":false,"excerpt":"El discurs de Nadal de\u00a0Felipe\u00a0VI havia despertat en alguns somiadors la possibilitat que l'Em\u00e8rit fos criticat de manera clara. La realitat ha demostrat que la xarxa financera del seu pare ha tocat molt de prop a la seva fam\u00edlia de manera que ha evitat entrar en conceptes clars i s'ha\u2026","rel":"","context":"A &quot;General&quot;","block_context":{"text":"General","link":"https:\/\/blogs.avui.cat\/botonier\/category\/general\/"},"img":{"alt_text":"","src":"https:\/\/i0.wp.com\/blogs.avui.cat\/botonier\/files\/2020\/12\/bla-bla-bla-150x150.jpg?resize=350%2C200","width":350,"height":200},"classes":[]},{"id":3395,"url":"https:\/\/blogs.avui.cat\/botonier\/2019\/04\/26\/quan-votar-es-una-practica-habitual\/","url_meta":{"origin":362,"position":2},"title":"Quan votar \u00e9s una pr\u00e0ctica habitual","author":"Ramon Boixet","date":"26 abril 2019","format":false,"excerpt":"El fet\u00a0que\u00a0a Catalunya aquest diumenge es vagi a votar, m'ha\u00a0perm\u00e8s, amb totes les grans\u00a0difer\u00e8ncies, fer una petita comparaci\u00f3 amb la pr\u00e0ctica de votar de Su\u00efssa. Aquesta setmana hem rebut per correu les paperetes i les informacions sobre el que anirem a votar el dia 19 de maig. Votarem sobre onze\u00a0assumptes:\u2026","rel":"","context":"A &quot;General&quot;","block_context":{"text":"General","link":"https:\/\/blogs.avui.cat\/botonier\/category\/general\/"},"img":{"alt_text":"","src":"https:\/\/i0.wp.com\/blogs.avui.cat\/botonier\/files\/2019\/04\/IMG_4018-150x150.jpg?resize=350%2C200","width":350,"height":200},"classes":[]},{"id":1015,"url":"https:\/\/blogs.avui.cat\/botonier\/2011\/12\/31\/frases-dedicades\/","url_meta":{"origin":362,"position":3},"title":"Frases dedicades","author":"Ramon Boixet","date":"31 desembre 2011","format":false,"excerpt":"Quan l'any acaba, \u00e9s un costum molt arrelat fer balan\u00e7 del passat i fer pron\u00f2stics pel futur. Temes per discutir no en manquen i entre els favorits trobem la crisi econ\u00f2mica, la crisi de govern i la manca de idees que puguin tranquil\u00b7litzar als ciutadans corrents, que s\u00f3n els que\u2026","rel":"","context":"A &quot;General&quot;","block_context":{"text":"General","link":"https:\/\/blogs.avui.cat\/botonier\/category\/general\/"},"img":{"alt_text":"","src":"https:\/\/i0.wp.com\/blogs.avui.cat\/botonier\/files\/2011\/12\/images-150x150.jpg?resize=350%2C200","width":350,"height":200},"classes":[]},{"id":638,"url":"https:\/\/blogs.avui.cat\/botonier\/2010\/09\/11\/lendema-de-la-diada\/","url_meta":{"origin":362,"position":4},"title":"L&#8217;endem\u00e0 de la Diada","author":"Ramon Boixet","date":"11 setembre 2010","format":false,"excerpt":"Celebrar la Diada ha de demostrar, per damunt d'opinions i conviccions politiques, un acte de solidaritat on tothom manifesta estar content de fer part del pa\u00eds. Les celebracions oficials de les autoritats, els partits i les institucions segueixen un esquema protocol\u2022lari una mica encarcarat, amb un no sempre demostrat convenciment\u2026","rel":"","context":"A &quot;General&quot;","block_context":{"text":"General","link":"https:\/\/blogs.avui.cat\/botonier\/category\/general\/"},"img":{"alt_text":"","src":"","width":0,"height":0},"classes":[]},{"id":750,"url":"https:\/\/blogs.avui.cat\/botonier\/2010\/09\/11\/lendema-de-la-diada-2\/","url_meta":{"origin":362,"position":5},"title":"L&#8217;endem\u00e0 de la Diada","author":"Ramon Boixet","date":"11 setembre 2010","format":false,"excerpt":"Celebrar la Diada ha de demostrar, per damunt d'opinions i conviccions politiques, un acte de solidaritat on tothom manifesta estar content de fer part del pa\u00eds. Les celebracions oficials de les autoritats, els partits i les institucions segueixen un esquema protocol\u2022lari una mica encarcarat, amb un no sempre demostrat convenciment\u2026","rel":"","context":"A &quot;General&quot;","block_context":{"text":"General","link":"https:\/\/blogs.avui.cat\/botonier\/category\/general\/"},"img":{"alt_text":"","src":"","width":0,"height":0},"classes":[]}],"jetpack_sharing_enabled":true,"jetpack_likes_enabled":true,"_links":{"self":[{"href":"https:\/\/blogs.avui.cat\/botonier\/wp-json\/wp\/v2\/posts\/362","targetHints":{"allow":["GET"]}}],"collection":[{"href":"https:\/\/blogs.avui.cat\/botonier\/wp-json\/wp\/v2\/posts"}],"about":[{"href":"https:\/\/blogs.avui.cat\/botonier\/wp-json\/wp\/v2\/types\/post"}],"author":[{"embeddable":true,"href":"https:\/\/blogs.avui.cat\/botonier\/wp-json\/wp\/v2\/users\/126"}],"replies":[{"embeddable":true,"href":"https:\/\/blogs.avui.cat\/botonier\/wp-json\/wp\/v2\/comments?post=362"}],"version-history":[{"count":2,"href":"https:\/\/blogs.avui.cat\/botonier\/wp-json\/wp\/v2\/posts\/362\/revisions"}],"predecessor-version":[{"id":2751,"href":"https:\/\/blogs.avui.cat\/botonier\/wp-json\/wp\/v2\/posts\/362\/revisions\/2751"}],"wp:attachment":[{"href":"https:\/\/blogs.avui.cat\/botonier\/wp-json\/wp\/v2\/media?parent=362"}],"wp:term":[{"taxonomy":"category","embeddable":true,"href":"https:\/\/blogs.avui.cat\/botonier\/wp-json\/wp\/v2\/categories?post=362"},{"taxonomy":"post_tag","embeddable":true,"href":"https:\/\/blogs.avui.cat\/botonier\/wp-json\/wp\/v2\/tags?post=362"}],"curies":[{"name":"wp","href":"https:\/\/api.w.org\/{rel}","templated":true}]}}