{"id":3594,"date":"2021-02-28T10:49:27","date_gmt":"2021-02-28T09:49:27","guid":{"rendered":"http:\/\/blogs.avui.cat\/botonier\/?p=3594"},"modified":"2021-02-28T15:29:34","modified_gmt":"2021-02-28T14:29:34","slug":"la-millor-propaganda-per-la-republica","status":"publish","type":"post","link":"https:\/\/blogs.avui.cat\/botonier\/2021\/02\/28\/la-millor-propaganda-per-la-republica\/","title":{"rendered":"La millor propaganda per la Rep\u00fablica"},"content":{"rendered":"<p><img data-recalc-dims=\"1\" loading=\"lazy\" decoding=\"async\" class=\"alignleft size-thumbnail wp-image-3596\" src=\"https:\/\/i0.wp.com\/blogs.avui.cat\/botonier\/files\/2021\/02\/Labyrinth-1.png?resize=150%2C150\" alt=\"\" width=\"150\" height=\"150\" srcset=\"https:\/\/i0.wp.com\/blogs.avui.cat\/botonier\/files\/2021\/02\/Labyrinth-1.png?resize=150%2C150&amp;ssl=1 150w, https:\/\/i0.wp.com\/blogs.avui.cat\/botonier\/files\/2021\/02\/Labyrinth-1.png?zoom=2&amp;resize=150%2C150 300w, https:\/\/i0.wp.com\/blogs.avui.cat\/botonier\/files\/2021\/02\/Labyrinth-1.png?zoom=3&amp;resize=150%2C150 450w\" sizes=\"auto, (max-width: 150px) 100vw, 150px\" \/><\/p>\n<p>Sembla un acudit\u00a0ir\u00f2nic\u00a0per\u00f2\u00a0la\u00a0Monarquia\u00a0espanyola ajuda cada dia m\u00e9s\u00a0a qu\u00e8\u00a0molts s&#8217;apuntin a la\u00a0Rep\u00fablica\u00a0(catalana o espanyola).<\/p>\n<p>Totes les activitats que s&#8217;han anat descobrint\u00a0del senyor\u00a0Juan Carlos de\u00a0Borb\u00f3n, amb el nom professional de Juan Carlos I, \u00a0han\u00a0sorpr\u00e8s\u00a0i decebut a bona part de la gent que,\u00a0potser sense\u00a0masses\u00a0ganes\u00a0d&#8217;anar\u00a0al fons de tot,\u00a0havien\u00a0acceptat el paper\u00a0del qui\u00a0ara anomenen em\u00e8rit.<\/p>\n<p>La monarquia no\u00a0\u00e9s\u00a0una cosa que es basi en raons\u00a0s\u00f2lides\u00a0sin\u00f3\u00a0en sentiments sovint tradicionals, com els que dominen les revistes anomenades\u00a0\u201c\u00a0del cor&#8221;. Si partim de la base que la monarquia espanyola comen\u00e7a per no complir\u00a0la\u00a0Constituci\u00f3\u00a0que diu que tothom\u00a0\u00e9s\u00a0igual davant la llei, ja tenim una\u00a0primera\u00a0explicaci\u00f3 del\u00a0rebuig\u00a0cada vegada\u00a0m\u00e9s\u00a0clar.\u00a0Felipe\u00a0VI \u00e9s rei per ser el primer mascle de l&#8217;anterior rei i no per ser el primer nat o el millor qualificat. Passar a ser rei per una\u00a0\u00fanica\u00a0ra\u00f3\u00a0de naixement, oblidant qualificacions, germanes i tot el que es vulgui, no\u00a0d\u00f3na\u00a0una bona base d&#8217;admiraci\u00f3.<\/p>\n<p>Si a tot\u00a0aix\u00f2\u00a0afegim\u00a0el comportament del\u00a0\u201cem\u00e8rit&#8221; ja ho tenim explicat.\u00a0Els milions\u00a0que ara, una vegada s&#8217;ha vist vigilat, ha fet efectius a Hisenda ,\u00a0demostren\u00a0el poc nivell\u00a0patriotic\u00a0i l&#8217;instint d&#8217;estar per damunt de tot de qui sempre ha viscut per fer un paper que no ha sabut interpretar com se li demanava.<\/p>\n<p>Un poeta\u00a0angl\u00e8s\u00a0del segle XVIII,\u00a0Alexander\u00a0Pope, va dir que els reis tenen el dret div\u00ed de governar errats. Era fa gaireb\u00e9\u00a0quatre-cents\u00a0anys, de manera que ara ja sabem que era el senyor Pope el que estava errat. I tamb\u00e9 ho sap l'&#8221;em\u00e8rit&#8221;.<\/p>\n<p>&nbsp;<\/p>\n<p>&nbsp;<\/p>\n","protected":false},"excerpt":{"rendered":"<p>Sembla un acudit\u00a0ir\u00f2nic\u00a0per\u00f2\u00a0la\u00a0Monarquia\u00a0espanyola ajuda cada dia m\u00e9s\u00a0a qu\u00e8\u00a0molts s&#8217;apuntin a la\u00a0Rep\u00fablica\u00a0(catalana o espanyola). Totes les activitats que s&#8217;han anat descobrint\u00a0del senyor\u00a0Juan Carlos de\u00a0Borb\u00f3n, amb el nom professional de Juan Carlos I, \u00a0han\u00a0sorpr\u00e8s\u00a0i decebut a bona part de la gent que,\u00a0potser sense\u00a0masses\u00a0ganes\u00a0d&#8217;anar\u00a0al fons de tot,\u00a0havien\u00a0acceptat el paper\u00a0del qui\u00a0ara anomenen em\u00e8rit. La monarquia no\u00a0\u00e9s\u00a0una cosa que es [&hellip;]<\/p>\n","protected":false},"author":126,"featured_media":0,"comment_status":"open","ping_status":"closed","sticky":false,"template":"","format":"standard","meta":{"jetpack_post_was_ever_published":false,"_jetpack_newsletter_access":"","_jetpack_dont_email_post_to_subs":false,"_jetpack_newsletter_tier_id":0,"_jetpack_memberships_contains_paywalled_content":false,"_jetpack_memberships_contains_paid_content":false,"footnotes":"","jetpack_publicize_message":"","jetpack_publicize_feature_enabled":true,"jetpack_social_post_already_shared":false,"jetpack_social_options":{"image_generator_settings":{"template":"highway","default_image_id":0,"font":"","enabled":false},"version":2}},"categories":[1],"tags":[],"class_list":["post-3594","post","type-post","status-publish","format-standard","hentry","category-general"],"jetpack_publicize_connections":[],"jetpack_featured_media_url":"","jetpack-related-posts":[{"id":801,"url":"https:\/\/blogs.avui.cat\/botonier\/2010\/10\/23\/el-segon-marit-de-letizia-ortiz\/","url_meta":{"origin":3594,"position":0},"title":"El segon marit de Letizia Ort\u00edz","author":"Ramon Boixet","date":"23 octubre 2010","format":false,"excerpt":"\ufeff\ufeff\ufeff Viure en un pa\u00eds federalista amb democr\u00e0cia directa, i per tant republic\u00e0 per principis, em permet observar les institucions mon\u00e0rquiques des d'una certa dist\u00e0ncia f\u00edsica i de sentiment, com mirar\u00eda un torneig medieval: coses de l\u2019historia r\u00e0ncia. Els espanyols disposen d\u2019un sistema mon\u00e0rquic no del tot escollit lliurement i\u2026","rel":"","context":"A &quot;General&quot;","block_context":{"text":"General","link":"https:\/\/blogs.avui.cat\/botonier\/category\/general\/"},"img":{"alt_text":"","src":"https:\/\/i0.wp.com\/blogs.avui.cat\/botonier\/files\/2010\/10\/Felipe1.jpg?resize=350%2C200","width":350,"height":200},"classes":[]},{"id":3491,"url":"https:\/\/blogs.avui.cat\/botonier\/2020\/06\/19\/algu-vol-la-republica\/","url_meta":{"origin":3594,"position":1},"title":"Alg\u00fa vol la Rep\u00fablica ?","author":"Ramon Boixet","date":"19 juny 2020","format":false,"excerpt":"\u00a0 \u00a0 O alternativament:\u00a0\u201c Alg\u00fa\u00a0vol la\u00a0Monarqu\u00eda?\". La veritat \u00e9s que les dues preguntes fan part d'unes inquietuds que van en augment, gr\u00e0cies a la\u00a0\u201ecol\u00b7laboraci\u00f3\" de la fam\u00edlia Borb\u00f3. Catalunya, ara per ara dins de la naci\u00f3 espanyola, ha intentat en algun moment desmarcar-se de Madrid, i anar per lliure, com\u2026","rel":"","context":"A &quot;General&quot;","block_context":{"text":"General","link":"https:\/\/blogs.avui.cat\/botonier\/category\/general\/"},"img":{"alt_text":"","src":"https:\/\/i0.wp.com\/blogs.avui.cat\/botonier\/files\/2020\/06\/Nov.5.jpg?resize=350%2C200","width":350,"height":200},"classes":[]},{"id":3670,"url":"https:\/\/blogs.avui.cat\/botonier\/2021\/07\/30\/intocable-monarquia\/","url_meta":{"origin":3594,"position":2},"title":"Intocable monarquia","author":"Ramon Boixet","date":"30 juliol 2021","format":false,"excerpt":"\u00a0 \u00a0Cada dos per tres alguns (pocs) diaris, principalment els que es llegeixen per internet, donen not\u00edcies sobre les investigacions que un fiscal su\u00eds porta a terme sobre els milions amagats per l'anomenat rei em\u00e8rit, Juan Carlos de Borb\u00f3. Que molts altres diaris no en parlin, i tampoc el govern,\u2026","rel":"","context":"A &quot;General&quot;","block_context":{"text":"General","link":"https:\/\/blogs.avui.cat\/botonier\/category\/general\/"},"img":{"alt_text":"","src":"https:\/\/i0.wp.com\/blogs.avui.cat\/botonier\/files\/2021\/07\/fullsizeoutput_2e28.jpeg?resize=350%2C200","width":350,"height":200},"classes":[]},{"id":1026,"url":"https:\/\/blogs.avui.cat\/botonier\/2012\/01\/17\/monarquia-versus-republica\/","url_meta":{"origin":3594,"position":3},"title":"Monarquia &#8220;versus&#8221; Rep\u00fablica","author":"Ramon Boixet","date":"17 gener 2012","format":false,"excerpt":"Les activitats sospitosament il\u00b7legals d'un membre de la fam\u00edlia reial espanyola ha tornat a disparar la pol\u00e8mica \"monarquia versus rep\u00fablica\" que apareix i desapareix cada dos per tres. Catalunya tolera passivament la monarquia espanyola, encara que cada vegada menys, degut a una manca de moviments continuats i efectius que portin\u2026","rel":"","context":"A &quot;General&quot;","block_context":{"text":"General","link":"https:\/\/blogs.avui.cat\/botonier\/category\/general\/"},"img":{"alt_text":"","src":"https:\/\/i0.wp.com\/blogs.avui.cat\/botonier\/files\/2012\/01\/koenig-pik.jpg-150x150.png?resize=350%2C200","width":350,"height":200},"classes":[]},{"id":41,"url":"https:\/\/blogs.avui.cat\/botonier\/2008\/05\/30\/la-relliscada\/","url_meta":{"origin":3594,"position":4},"title":"La relliscada","author":"Ramon Boixet","date":"30 maig 2008","format":false,"excerpt":"Considero la monarquia espanyola una instituci\u00f3 innecess\u00e0ria avui dia, antidemocr\u00e0tica pel fet de privilegiar l'home davant la dona en la successi\u00f3, per\u00f3 amb exist\u00e9ncia legal ja que fa part de la Constituci\u00f3 vigent. Dit aix\u00f2, no tinc cap intenci\u00f3 de fer \u201cconyeta\u201d amb la relliscada del Rei Juan Carlos I\u2026","rel":"","context":"A &quot;General&quot;","block_context":{"text":"General","link":"https:\/\/blogs.avui.cat\/botonier\/category\/general\/"},"img":{"alt_text":"","src":"","width":0,"height":0},"classes":[]},{"id":218,"url":"https:\/\/blogs.avui.cat\/botonier\/2009\/04\/01\/les-regles-de-la-monarquia\/","url_meta":{"origin":3594,"position":5},"title":"Les regles de la monarquia","author":"Ramon Boixet","date":"1 abril 2009","format":false,"excerpt":"El Primer Ministre brit\u00e0nic Gordon Brown ha parlat, una vegada m\u00e9s, de les previstes modificacions de les normes de successi\u00f3 de la monaquia brit\u00e0nica. Una d'elles pot interessar a Espanya, per\u00f2 aqu\u00ed muts i la g\u00e0bia. El senyor Brown, amb la condescend\u00e8ncia de Palau vol portar a discussi\u00f3 en una\u2026","rel":"","context":"A &quot;General&quot;","block_context":{"text":"General","link":"https:\/\/blogs.avui.cat\/botonier\/category\/general\/"},"img":{"alt_text":"","src":"","width":0,"height":0},"classes":[]}],"jetpack_sharing_enabled":true,"jetpack_likes_enabled":true,"_links":{"self":[{"href":"https:\/\/blogs.avui.cat\/botonier\/wp-json\/wp\/v2\/posts\/3594","targetHints":{"allow":["GET"]}}],"collection":[{"href":"https:\/\/blogs.avui.cat\/botonier\/wp-json\/wp\/v2\/posts"}],"about":[{"href":"https:\/\/blogs.avui.cat\/botonier\/wp-json\/wp\/v2\/types\/post"}],"author":[{"embeddable":true,"href":"https:\/\/blogs.avui.cat\/botonier\/wp-json\/wp\/v2\/users\/126"}],"replies":[{"embeddable":true,"href":"https:\/\/blogs.avui.cat\/botonier\/wp-json\/wp\/v2\/comments?post=3594"}],"version-history":[{"count":4,"href":"https:\/\/blogs.avui.cat\/botonier\/wp-json\/wp\/v2\/posts\/3594\/revisions"}],"predecessor-version":[{"id":3600,"href":"https:\/\/blogs.avui.cat\/botonier\/wp-json\/wp\/v2\/posts\/3594\/revisions\/3600"}],"wp:attachment":[{"href":"https:\/\/blogs.avui.cat\/botonier\/wp-json\/wp\/v2\/media?parent=3594"}],"wp:term":[{"taxonomy":"category","embeddable":true,"href":"https:\/\/blogs.avui.cat\/botonier\/wp-json\/wp\/v2\/categories?post=3594"},{"taxonomy":"post_tag","embeddable":true,"href":"https:\/\/blogs.avui.cat\/botonier\/wp-json\/wp\/v2\/tags?post=3594"}],"curies":[{"name":"wp","href":"https:\/\/api.w.org\/{rel}","templated":true}]}}