{"id":3497,"date":"2020-07-03T08:33:59","date_gmt":"2020-07-03T07:33:59","guid":{"rendered":"http:\/\/blogs.avui.cat\/botonier\/?p=3497"},"modified":"2020-07-03T08:33:59","modified_gmt":"2020-07-03T07:33:59","slug":"els-noms-dels-partis-politics","status":"publish","type":"post","link":"https:\/\/blogs.avui.cat\/botonier\/2020\/07\/03\/els-noms-dels-partis-politics\/","title":{"rendered":"Els noms dels partis pol\u00edtics"},"content":{"rendered":"<p><img data-recalc-dims=\"1\" loading=\"lazy\" decoding=\"async\" class=\"alignleft  wp-image-3498\" src=\"https:\/\/i0.wp.com\/blogs.avui.cat\/botonier\/files\/2020\/07\/politics-1310x400-1.jpg?resize=246%2C75\" alt=\"\" width=\"246\" height=\"75\" srcset=\"https:\/\/i0.wp.com\/blogs.avui.cat\/botonier\/files\/2020\/07\/politics-1310x400-1.jpg?w=1310&amp;ssl=1 1310w, https:\/\/i0.wp.com\/blogs.avui.cat\/botonier\/files\/2020\/07\/politics-1310x400-1.jpg?resize=300%2C92&amp;ssl=1 300w, https:\/\/i0.wp.com\/blogs.avui.cat\/botonier\/files\/2020\/07\/politics-1310x400-1.jpg?resize=1024%2C313&amp;ssl=1 1024w, https:\/\/i0.wp.com\/blogs.avui.cat\/botonier\/files\/2020\/07\/politics-1310x400-1.jpg?resize=768%2C235&amp;ssl=1 768w\" sizes=\"auto, (max-width: 246px) 100vw, 246px\" \/><\/p>\n<p>En principi, el nom d&#8217;un partit\u00a0pol\u00edtic\u00a0ha de tenir com a\u00a0m\u00ednim\u00a0dues\u00a0qualitats:\u00a0definir la\u00a0posici\u00f3\u00a0del partit dins de l&#8217;espai\u00a0pol\u00edtic, i tamb\u00e9 tenir un nom\u00a0f\u00e0cil\u00a0d&#8217;identificar i de recordar.<\/p>\n<p>Un senzill cop d&#8217;ull als partits\u00a0pol\u00edtics\u00a0actuals de Catalunya permet de constatar que cap de les dues qualitats s&#8217;ha arrelat. Potser amb l&#8217;excepci\u00f3 de\u00a0ERC, ja que\u00a0dir-se Esquerra, Republicana i de Catalunya permet definir bastant clarament la seva\u00a0posici\u00f3\u00a0dins del panorama dels partits. El PSC, com a Partit,\u00a0Socialista\u00a0i de Catalunya tampoc posa\u00a0massa dubtes.<\/p>\n<p>Ara\u00a0b\u00e9, els altres partits no deixen que la majoria de la\u00a0poblaci\u00f3, que\u00a0s\u00f3n\u00a0la majoria de votants, reconegui el que volen fer i predicar, si ens basem en els noms. Mirem-ho de\u00a0prop:\u00a0PDeCAT, Junts per Catalunya, Units per Avan\u00e7ar, el nou partit del grup de Poblet\u00a0PNC\u00a0(Partit Nacionalista de Catalunya), Ciutadans, Catalunya en Com\u00fa \u2013 Podem, Partit Popular i alguns m\u00e9s.<\/p>\n<p>L&#8217;anomenat\u00a0\u201cciutad\u00e0\u00a0corrent&#8221;\u00a0dif\u00edcilment\u00a0sap clarament qui\u00a0compon, per exemple,\u00a0el Units\u00a0per Avan\u00e7ar, si\u00a0s\u00f3n\u00a0d&#8217;esquerra, de dreta o del mig, \u00a0a menys que no destini part del seu temps a llegir i escoltar certs mitjans, cosa que tots sabem que la majoria no fa. A l&#8217;hora de votar es pensa m\u00e9s en certes persones que no pas en els partits, ni amb els noms d&#8217;aquestes\u00a0associacions\u00a0pol\u00edtiques\u00a0que no ho diuen clar.<\/p>\n<p>&nbsp;<\/p>\n<p>&nbsp;<\/p>\n","protected":false},"excerpt":{"rendered":"<p>En principi, el nom d&#8217;un partit\u00a0pol\u00edtic\u00a0ha de tenir com a\u00a0m\u00ednim\u00a0dues\u00a0qualitats:\u00a0definir la\u00a0posici\u00f3\u00a0del partit dins de l&#8217;espai\u00a0pol\u00edtic, i tamb\u00e9 tenir un nom\u00a0f\u00e0cil\u00a0d&#8217;identificar i de recordar. Un senzill cop d&#8217;ull als partits\u00a0pol\u00edtics\u00a0actuals de Catalunya permet de constatar que cap de les dues qualitats s&#8217;ha arrelat. Potser amb l&#8217;excepci\u00f3 de\u00a0ERC, ja que\u00a0dir-se Esquerra, Republicana i de Catalunya permet definir [&hellip;]<\/p>\n","protected":false},"author":126,"featured_media":0,"comment_status":"open","ping_status":"closed","sticky":false,"template":"","format":"standard","meta":{"jetpack_post_was_ever_published":false,"_jetpack_newsletter_access":"","_jetpack_dont_email_post_to_subs":false,"_jetpack_newsletter_tier_id":0,"_jetpack_memberships_contains_paywalled_content":false,"_jetpack_memberships_contains_paid_content":false,"footnotes":"","jetpack_publicize_message":"","jetpack_publicize_feature_enabled":true,"jetpack_social_post_already_shared":false,"jetpack_social_options":{"image_generator_settings":{"template":"highway","default_image_id":0,"font":"","enabled":false},"version":2}},"categories":[1],"tags":[],"class_list":["post-3497","post","type-post","status-publish","format-standard","hentry","category-general"],"jetpack_publicize_connections":[],"jetpack_featured_media_url":"","jetpack-related-posts":[{"id":1051,"url":"https:\/\/blogs.avui.cat\/botonier\/2012\/03\/03\/estat-propi\/","url_meta":{"origin":3497,"position":0},"title":"Estat propi?","author":"Ramon Boixet","date":"3 mar\u00e7 2012","format":false,"excerpt":"Observar les coses de lluny, vull dir amb dist\u00e0ncia f\u00edsica, t\u00e9 avantatges i inconvenients. Per una part \u00e9s possible jutjar fets i persones amb una certa flegma, amb un criteri poc influ\u00eft per l'entorn, per\u00f2 per altre banda pot mancar justament l'entorn que permet conviure amb el contrast d'opinions diari\u2026","rel":"","context":"A &quot;General&quot;","block_context":{"text":"General","link":"https:\/\/blogs.avui.cat\/botonier\/category\/general\/"},"img":{"alt_text":"","src":"https:\/\/i0.wp.com\/blogs.avui.cat\/botonier\/files\/2012\/03\/mapa_catalunya-150x150.jpg?resize=350%2C200","width":350,"height":200},"classes":[]},{"id":439,"url":"https:\/\/blogs.avui.cat\/botonier\/2010\/01\/26\/les-declaracions-de-jordi-pujol\/","url_meta":{"origin":3497,"position":1},"title":"Les declaracions de Jordi Pujol","author":"Ramon Boixet","date":"26 gener 2010","format":false,"excerpt":"Com a manres\u00e0, repasso cada dia per internet els diaris digitals de Manresa. Un d\u2019ells, el \u201cregi\u00f37\u201d publica avui una entrevista amb el President Pujol, entrevista que no porta el nom del periodista, ni quan va ser feta, de manera que ignoro si \u00e9s una novetat o ja \u00e9s coneguda\u2026","rel":"","context":"A &quot;General&quot;","block_context":{"text":"General","link":"https:\/\/blogs.avui.cat\/botonier\/category\/general\/"},"img":{"alt_text":"","src":"","width":0,"height":0},"classes":[]},{"id":3520,"url":"https:\/\/blogs.avui.cat\/botonier\/2020\/08\/24\/algu-creu-en-europa\/","url_meta":{"origin":3497,"position":2},"title":"Alg\u00fa creu en Europa ?","author":"Ramon Boixet","date":"24 agost 2020","format":false,"excerpt":"\u00a0 Amb una certa regularitat, alguns pol\u00edtics de casa nostra parlen de portar a Europa el problema catal\u00e0, que vol dir portar-hi el dret a la independ\u00e8ncia partint d'un refer\u00e8ndum legal. Aquest refer\u00e8ndum, que Espanya nega mani qui mani a Madrid, suposa un argument democr\u00e0tic amb la convicci\u00f3 que cada\u2026","rel":"","context":"A &quot;General&quot;","block_context":{"text":"General","link":"https:\/\/blogs.avui.cat\/botonier\/category\/general\/"},"img":{"alt_text":"","src":"https:\/\/i0.wp.com\/blogs.avui.cat\/botonier\/files\/2020\/08\/images-150x150.jpeg?resize=350%2C200","width":350,"height":200},"classes":[]},{"id":335,"url":"https:\/\/blogs.avui.cat\/botonier\/2009\/08\/20\/les-ambaixades-del-senyor-carod-1\/","url_meta":{"origin":3497,"position":3},"title":"Les &quot;ambaixades&quot; del senyor Carod (1)","author":"Ramon Boixet","date":"20 agost 2009","format":false,"excerpt":"El senyor Carod-Rovira no disposa d\u2019un c\u00e0rrec amb pes pol\u00edtic ni dins del govern ni dins dels seu partit, de manera que pot dedicar temps (i pressupost) a ocupar-se de l\u2019 anomenada \u201cpol\u00edtica exterior\u201d de Catalunya. Aquestes delegacions de la Generalitat a l\u2019exterior parteixen d\u2019un principi comprensible per promocionar Catalunya\u2026","rel":"","context":"A &quot;General&quot;","block_context":{"text":"General","link":"https:\/\/blogs.avui.cat\/botonier\/category\/general\/"},"img":{"alt_text":"","src":"","width":0,"height":0},"classes":[]},{"id":687,"url":"https:\/\/blogs.avui.cat\/botonier\/2009\/08\/20\/les-ambaixades-del-senyor-carod-1-2\/","url_meta":{"origin":3497,"position":4},"title":"Les &#034;ambaixades&#034; del senyor Carod (1)","author":"Ramon Boixet","date":"20 agost 2009","format":false,"excerpt":"El senyor Carod-Rovira no disposa d\u2019un c\u00e0rrec amb pes pol\u00edtic ni dins del govern ni dins dels seu partit, de manera que pot dedicar temps (i pressupost) a ocupar-se de l\u2019 anomenada \u201cpol\u00edtica exterior\u201d de Catalunya. Aquestes delegacions de la Generalitat a l\u2019exterior parteixen d\u2019un principi comprensible per promocionar Catalunya\u2026","rel":"","context":"A &quot;General&quot;","block_context":{"text":"General","link":"https:\/\/blogs.avui.cat\/botonier\/category\/general\/"},"img":{"alt_text":"","src":"","width":0,"height":0},"classes":[]},{"id":432,"url":"https:\/\/blogs.avui.cat\/botonier\/2010\/01\/16\/la-gran-oportunitat-per-montilla\/","url_meta":{"origin":3497,"position":5},"title":"La gran oportunitat per Montilla","author":"Ramon Boixet","date":"16 gener 2010","format":false,"excerpt":"Que el president de la Generalitat es troba a anys llum de la popularitat, i fins i tot de l\u2018estima, que bona part dels ciutadans de Catalunya donaren als seus predecessors Pujol i Maragall \u00e9s cosa sabuda.D\u2019entrada, va ser elegit sense que la gent realment tingues massa noci\u00f3 de les\u2026","rel":"","context":"A &quot;General&quot;","block_context":{"text":"General","link":"https:\/\/blogs.avui.cat\/botonier\/category\/general\/"},"img":{"alt_text":"","src":"","width":0,"height":0},"classes":[]}],"jetpack_sharing_enabled":true,"jetpack_likes_enabled":true,"_links":{"self":[{"href":"https:\/\/blogs.avui.cat\/botonier\/wp-json\/wp\/v2\/posts\/3497","targetHints":{"allow":["GET"]}}],"collection":[{"href":"https:\/\/blogs.avui.cat\/botonier\/wp-json\/wp\/v2\/posts"}],"about":[{"href":"https:\/\/blogs.avui.cat\/botonier\/wp-json\/wp\/v2\/types\/post"}],"author":[{"embeddable":true,"href":"https:\/\/blogs.avui.cat\/botonier\/wp-json\/wp\/v2\/users\/126"}],"replies":[{"embeddable":true,"href":"https:\/\/blogs.avui.cat\/botonier\/wp-json\/wp\/v2\/comments?post=3497"}],"version-history":[{"count":1,"href":"https:\/\/blogs.avui.cat\/botonier\/wp-json\/wp\/v2\/posts\/3497\/revisions"}],"predecessor-version":[{"id":3499,"href":"https:\/\/blogs.avui.cat\/botonier\/wp-json\/wp\/v2\/posts\/3497\/revisions\/3499"}],"wp:attachment":[{"href":"https:\/\/blogs.avui.cat\/botonier\/wp-json\/wp\/v2\/media?parent=3497"}],"wp:term":[{"taxonomy":"category","embeddable":true,"href":"https:\/\/blogs.avui.cat\/botonier\/wp-json\/wp\/v2\/categories?post=3497"},{"taxonomy":"post_tag","embeddable":true,"href":"https:\/\/blogs.avui.cat\/botonier\/wp-json\/wp\/v2\/tags?post=3497"}],"curies":[{"name":"wp","href":"https:\/\/api.w.org\/{rel}","templated":true}]}}