{"id":3355,"date":"2014-02-11T10:37:07","date_gmt":"2014-02-11T09:37:07","guid":{"rendered":"http:\/\/blogs.avui.cat\/botonier\/?p=3355"},"modified":"2014-02-11T10:37:07","modified_gmt":"2014-02-11T09:37:07","slug":"suissa-i-els-ciutadans-comunitaris","status":"publish","type":"post","link":"https:\/\/blogs.avui.cat\/botonier\/2014\/02\/11\/suissa-i-els-ciutadans-comunitaris\/","title":{"rendered":"Su\u00efssa i els ciutadans comunitaris"},"content":{"rendered":"<p><img data-recalc-dims=\"1\" loading=\"lazy\" decoding=\"async\" class=\"alignnone size-thumbnail wp-image-3356\" style=\"font-size: 12px;line-height: 18px\" alt=\"CH\" src=\"https:\/\/i0.wp.com\/blogs.avui.cat\/botonier\/files\/2014\/02\/CH.jpg?resize=150%2C150\" width=\"150\" height=\"150\" srcset=\"https:\/\/i0.wp.com\/blogs.avui.cat\/botonier\/files\/2014\/02\/CH.jpg?resize=150%2C150&amp;ssl=1 150w, https:\/\/i0.wp.com\/blogs.avui.cat\/botonier\/files\/2014\/02\/CH.jpg?zoom=2&amp;resize=150%2C150 300w\" sizes=\"auto, (max-width: 150px) 100vw, 150px\" \/><\/p>\n<p>El resultat del refer\u00e8ndum del darrer diumenge a Su\u00efssa sobre la limitaci\u00f3 d&#8217;entrada de ciutadans comunitaris al mercat laboral portar\u00e0 molta cua i ara per ara ja ha disparat comentaris i cr\u00edtiques de tots colors.<\/p>\n<p>Su\u00efssa disposa d&#8217;un acord de lliure circulaci\u00f3 amb la UE, acord naturalment vigent i que a la vista del resultat del refer\u00e8ndum s&#8217;ha de modificar o fins i tot suspendre. El refer\u00e8ndum de diumenge \u00e9s vinculant i dona un termini\u00a0de tres anys per posar la limitaci\u00f3 en pr\u00e0ctica.<\/p>\n<p>Els vots positius a la limitaci\u00f3 (50,3%) demostren que les coses no s\u00f3n tan clares com alguns voldrien, en cap dels dos sentits. Els arguments dels iniciadors de la consulta estan basats en q\u00fcestions demogr\u00e0fiques que tothom ent\u00e9n: Su\u00efssa \u00e9s un pa\u00eds petit, actualment amb un 25% de poblaci\u00f3 estrangera i que si segueix admetent unes 80&#8217;000 persones de fora cada any com fins ara, abans d&#8217;una generaci\u00f3 la poblaci\u00f3 estrangera superar\u00e0 la nacional.<\/p>\n<p>Altres arguments parlen de l&#8217;augment de la delinq\u00fc\u00e8ncia en gran mesura per culpa d&#8217;emigrants de certs pa\u00efsos de l&#8217;est d&#8217;Europa, de fam\u00edlies senceres que arriben sense contractes segurs a llarg termini i que al cap de poc temps entren a l&#8217;atur i s&#8217;aprofiten de la seguretat social sense donar ni les gr\u00e0cies. De fet, l&#8217;aplicaci\u00f3 del refer\u00e8ndum s&#8217;ha de fer sectorialment \u00e9s a dir que certs sectors de l&#8217;industria, del comer\u00e7 o de la construcci\u00f3 disposaran d&#8217;un nombre anual d&#8217;entrades de ciutadans de la UE suficient per no bloquejar les seves activitats.<\/p>\n<p>Els arguments dels contraris a la limitaci\u00f3 (el 49,7%) parlen del perill del &#8220;si&#8221;, ja que la UE pot trencar tots els acords bilaterals amb Su\u00efssa, amb una penalitzaci\u00f3 que suposa una nova estructura social amb efectes dif\u00edcils de mesurar a hores d&#8217;ara.<\/p>\n<p>El govern su\u00eds, que no pot per llei ignorar el resultat del refer\u00e8ndum, ha de demostrar ara la seva capacitat de negociaci\u00f3 encara que ja es pot preveure una alt\u00edssima commoci\u00f3 interna amb un final ara per ara imprevist.<\/p>\n","protected":false},"excerpt":{"rendered":"<p>El resultat del refer\u00e8ndum del darrer diumenge a Su\u00efssa sobre la limitaci\u00f3 d&#8217;entrada de ciutadans comunitaris al mercat laboral portar\u00e0 molta cua i ara per ara ja ha disparat comentaris i cr\u00edtiques de tots colors. Su\u00efssa disposa d&#8217;un acord de lliure circulaci\u00f3 amb la UE, acord naturalment vigent i que a la vista del resultat [&hellip;]<\/p>\n","protected":false},"author":126,"featured_media":0,"comment_status":"closed","ping_status":"closed","sticky":false,"template":"","format":"standard","meta":{"jetpack_post_was_ever_published":false,"_jetpack_newsletter_access":"","_jetpack_dont_email_post_to_subs":false,"_jetpack_newsletter_tier_id":0,"_jetpack_memberships_contains_paywalled_content":false,"_jetpack_memberships_contains_paid_content":false,"footnotes":"","jetpack_publicize_message":"","jetpack_publicize_feature_enabled":true,"jetpack_social_post_already_shared":false,"jetpack_social_options":{"image_generator_settings":{"template":"highway","default_image_id":0,"font":"","enabled":false},"version":2}},"categories":[1],"tags":[],"class_list":["post-3355","post","type-post","status-publish","format-standard","hentry","category-general"],"jetpack_publicize_connections":[],"jetpack_featured_media_url":"","jetpack-related-posts":[{"id":405,"url":"https:\/\/blogs.avui.cat\/botonier\/2009\/12\/07\/les-sorpreses-de-la-democracia-directa\/","url_meta":{"origin":3355,"position":0},"title":"Les sorpreses de la democr\u00e0cia directa","author":"Ramon Boixet","date":"7 desembre 2009","format":false,"excerpt":"No vull tornar sobre els resultats del darrer diumenge a Su\u00efssa amb el refer\u00e8ndum sobre la prohibici\u00f3 de construir minarets. El resultat s\u2019ha d\u2019acceptar democr\u00e0ticament per\u00f2 no deixa de ser una sorpresa el fet que les enquestes donaven un 53% de vots al \u201cno\u201d, i va guanyar el \u201csi\u201d per\u2026","rel":"","context":"A &quot;General&quot;","block_context":{"text":"General","link":"https:\/\/blogs.avui.cat\/botonier\/category\/general\/"},"img":{"alt_text":"","src":"","width":0,"height":0},"classes":[]},{"id":18,"url":"https:\/\/blogs.avui.cat\/botonier\/2008\/03\/27\/democracia-directa-primera-part\/","url_meta":{"origin":3355,"position":1},"title":"Democr\u00e0cia directa ( primera part)","author":"Ramon Boixet","date":"27 mar\u00e7 2008","format":false,"excerpt":"Avui al vespre tenim Reuni\u00f3 de Ciutadans. Un parell de vegades a l\u2019any, l\u2019\u2019ajuntament del lloc on visc (Oftringen) convoca a tots els ciutadans amb dret de vot - \u00e9s a dir, tots els amb nacionalitat su\u00efssa i majors d\u2019edat- per tal de votar assumptes d\u2019inter\u00e8s local. Per altres assumptes\u2026","rel":"","context":"A &quot;General&quot;","block_context":{"text":"General","link":"https:\/\/blogs.avui.cat\/botonier\/category\/general\/"},"img":{"alt_text":"","src":"","width":0,"height":0},"classes":[]},{"id":19,"url":"https:\/\/blogs.avui.cat\/botonier\/2008\/03\/29\/democracia-directa-segona-part\/","url_meta":{"origin":3355,"position":2},"title":"Democr\u00e0cia directa (segona part)","author":"Ramon Boixet","date":"29 mar\u00e7 2008","format":false,"excerpt":"Avui comentar\u00e9 els resultats de la Reuni\u00f3 de Ciutadans del dijous (vegeu el meu article del dia 26).Amb una assist\u00e8ncia d\u2019un 2% esc\u00e0s de la poblaci\u00f3 amb dret de vot, tots els punts foren aprovats pr\u00e0cticament sense controv\u00e8rsia, fins i tot el que semblava m\u00e9s pol\u00e8mic, \u00e9s a dir el\u2026","rel":"","context":"A &quot;General&quot;","block_context":{"text":"General","link":"https:\/\/blogs.avui.cat\/botonier\/category\/general\/"},"img":{"alt_text":"","src":"","width":0,"height":0},"classes":[]},{"id":662,"url":"https:\/\/blogs.avui.cat\/botonier\/2009\/02\/10\/lemigracio-dins-la-eu-2\/","url_meta":{"origin":3355,"position":3},"title":"L&#8217;emigraci\u00f3 dins la EU","author":"Ramon Boixet","date":"10 febrer 2009","format":false,"excerpt":"El resultat del refer\u00e8ndum del cap de setmana a Su\u00efssa ja ha estat comentat pels diaris catalans, incl\u00fas amb una certa profusi\u00f3. Recordar\u00e9 que es tractava d\u2019aprovar o rebutjat el tractat de lliure circulaci\u00f3 de persones entre la UE i Su\u00efssa i, alhora, admetre Bulg\u00e0ria i Romania dins del tractat.\u2026","rel":"","context":"A &quot;General&quot;","block_context":{"text":"General","link":"https:\/\/blogs.avui.cat\/botonier\/category\/general\/"},"img":{"alt_text":"","src":"","width":0,"height":0},"classes":[]},{"id":174,"url":"https:\/\/blogs.avui.cat\/botonier\/2009\/02\/10\/lemigracio-dins-la-eu\/","url_meta":{"origin":3355,"position":4},"title":"L&#8217;emigraci\u00f3 dins la EU","author":"Ramon Boixet","date":"10 febrer 2009","format":false,"excerpt":"El resultat del refer\u00e8ndum del cap de setmana a Su\u00efssa ja ha estat comentat pels diaris catalans, incl\u00fas amb una certa profusi\u00f3. Recordar\u00e9 que es tractava d\u2019aprovar o rebutjat el tractat de lliure circulaci\u00f3 de persones entre la UE i Su\u00efssa i, alhora, admetre Bulg\u00e0ria i Romania dins del tractat.\u2026","rel":"","context":"A &quot;General&quot;","block_context":{"text":"General","link":"https:\/\/blogs.avui.cat\/botonier\/category\/general\/"},"img":{"alt_text":"","src":"","width":0,"height":0},"classes":[]},{"id":400,"url":"https:\/\/blogs.avui.cat\/botonier\/2009\/12\/01\/suissa-si-a-les-armes\/","url_meta":{"origin":3355,"position":5},"title":"Su\u00efssa: si a les armes","author":"Ramon Boixet","date":"1 desembre 2009","format":false,"excerpt":"La prohibici\u00f3 de construir nous minarets ha estat la gran noticia de Su\u00efssa despr\u00e9s del refer\u00e8ndum del diumenge, amb tant desplegament mediatic que una segona votaci\u00f3 ha quedat a l\u2019ombra.Amb un 68,2% de vots va ser rebutjada una proposta de llei que demanava la prohibici\u00f3 d\u2019exportar material de guerra. Aquesta\u2026","rel":"","context":"A &quot;General&quot;","block_context":{"text":"General","link":"https:\/\/blogs.avui.cat\/botonier\/category\/general\/"},"img":{"alt_text":"","src":"","width":0,"height":0},"classes":[]}],"jetpack_sharing_enabled":true,"jetpack_likes_enabled":true,"_links":{"self":[{"href":"https:\/\/blogs.avui.cat\/botonier\/wp-json\/wp\/v2\/posts\/3355","targetHints":{"allow":["GET"]}}],"collection":[{"href":"https:\/\/blogs.avui.cat\/botonier\/wp-json\/wp\/v2\/posts"}],"about":[{"href":"https:\/\/blogs.avui.cat\/botonier\/wp-json\/wp\/v2\/types\/post"}],"author":[{"embeddable":true,"href":"https:\/\/blogs.avui.cat\/botonier\/wp-json\/wp\/v2\/users\/126"}],"replies":[{"embeddable":true,"href":"https:\/\/blogs.avui.cat\/botonier\/wp-json\/wp\/v2\/comments?post=3355"}],"version-history":[{"count":1,"href":"https:\/\/blogs.avui.cat\/botonier\/wp-json\/wp\/v2\/posts\/3355\/revisions"}],"predecessor-version":[{"id":3357,"href":"https:\/\/blogs.avui.cat\/botonier\/wp-json\/wp\/v2\/posts\/3355\/revisions\/3357"}],"wp:attachment":[{"href":"https:\/\/blogs.avui.cat\/botonier\/wp-json\/wp\/v2\/media?parent=3355"}],"wp:term":[{"taxonomy":"category","embeddable":true,"href":"https:\/\/blogs.avui.cat\/botonier\/wp-json\/wp\/v2\/categories?post=3355"},{"taxonomy":"post_tag","embeddable":true,"href":"https:\/\/blogs.avui.cat\/botonier\/wp-json\/wp\/v2\/tags?post=3355"}],"curies":[{"name":"wp","href":"https:\/\/api.w.org\/{rel}","templated":true}]}}