{"id":27,"date":"2008-05-13T08:03:00","date_gmt":"2008-05-13T06:03:00","guid":{"rendered":"http:\/\/blogs.avui.cat\/botonier\/2008\/05\/13\/oasi-4\/"},"modified":"2013-06-19T09:50:50","modified_gmt":"2013-06-19T08:50:50","slug":"oasi-4","status":"publish","type":"post","link":"https:\/\/blogs.avui.cat\/botonier\/2008\/05\/13\/oasi-4\/","title":{"rendered":"Oasi (4)"},"content":{"rendered":"<p><a href=\"https:\/\/i0.wp.com\/bp1.blogger.com\/_gS2A8TwyupA\/SCkvZaGp97I\/AAAAAAAAAD4\/j0iET6PePlM\/s1600-h\/Portada%2B3.JPG\"><img data-recalc-dims=\"1\" decoding=\"async\" src=\"https:\/\/i0.wp.com\/bp1.blogger.com\/_gS2A8TwyupA\/SCkvZaGp97I\/AAAAAAAAAD4\/j0iET6PePlM\/s200\/Portada%2B3.JPG\" border=\"0\" \/><\/a><br \/>No n\u2019hi ha prou<br \/>ni amb un, ni amb dos, <br \/>ni amb cinquanta.<\/p>\n<p>Si no hi som tots<br \/>no arribarem on volem.<\/p>\n","protected":false},"excerpt":{"rendered":"<p>No n\u2019hi ha prouni amb un, ni amb dos, ni amb cinquanta. Si no hi som totsno arribarem on volem.<\/p>\n","protected":false},"author":126,"featured_media":0,"comment_status":"closed","ping_status":"closed","sticky":false,"template":"","format":"standard","meta":{"jetpack_post_was_ever_published":false,"_jetpack_newsletter_access":"","_jetpack_dont_email_post_to_subs":false,"_jetpack_newsletter_tier_id":0,"_jetpack_memberships_contains_paywalled_content":false,"_jetpack_memberships_contains_paid_content":false,"footnotes":"","jetpack_publicize_message":"","jetpack_publicize_feature_enabled":true,"jetpack_social_post_already_shared":false,"jetpack_social_options":{"image_generator_settings":{"template":"highway","default_image_id":0,"font":"","enabled":false},"version":2}},"categories":[1],"tags":[],"class_list":["post-27","post","type-post","status-publish","format-standard","hentry","category-general"],"jetpack_publicize_connections":[],"jetpack_featured_media_url":"","jetpack-related-posts":[{"id":606,"url":"https:\/\/blogs.avui.cat\/botonier\/2010\/08\/12\/la-manca-de-cultura-politica\/","url_meta":{"origin":27,"position":0},"title":"La manca de cultura pol\u00edtica","author":"Ramon Boixet","date":"12 agost 2010","format":false,"excerpt":"Els de la meva generaci\u00f3, a l\u2019escola estudiarem obligats l\u2019historia d\u2019Espanya amb una visi\u00f3 centralista, imperial, colonitzadora i, per tant, esbiaixada. L\u2019historia de Catalunya no ens va ser explicada ni tan sols com a part de la d\u2019Espanya. Res de res. No cal dir que, fins a l\u2019arribada de la\u2026","rel":"","context":"A &quot;General&quot;","block_context":{"text":"General","link":"https:\/\/blogs.avui.cat\/botonier\/category\/general\/"},"img":{"alt_text":"","src":"","width":0,"height":0},"classes":[]},{"id":165,"url":"https:\/\/blogs.avui.cat\/botonier\/2009\/02\/01\/catalunya-mirada-de-lluny-4-tradicions-i-costums\/","url_meta":{"origin":27,"position":1},"title":"Catalunya mirada de lluny : 4. Tradicions i costums","author":"Ramon Boixet","date":"1 febrer 2009","format":false,"excerpt":"Un dels clix\u00e9s que corren sobre nosaltres \u00e9s el de que quan dos catalans es trobem en algun lloc del m\u00f3n, immediatament decideixen fundar un club. Els su\u00efssos s\u00f3n de la mateixa ona de manera que, una vegada m\u00e9s, podem dir que els dos pa\u00efsos s\u2019assemblen.Per confirmar el fet anterior\u2026","rel":"","context":"A &quot;General&quot;","block_context":{"text":"General","link":"https:\/\/blogs.avui.cat\/botonier\/category\/general\/"},"img":{"alt_text":"","src":"","width":0,"height":0},"classes":[]},{"id":283,"url":"https:\/\/blogs.avui.cat\/botonier\/2009\/06\/15\/encara-hi-som-a-temps-per-salvar-la-natura\/","url_meta":{"origin":27,"position":2},"title":"Encara hi som a temps per salvar la natura !","author":"Ramon Boixet","date":"15 juny 2009","format":false,"excerpt":"El pitjor que pot succeir \u00e9s que els esfor\u00e7os possibles per tractar de millorar l\u2019aire i l\u2019aigua - dos elements primaris i necessaris per la vida humana- no s\u2019apliquin per deixadesa pol\u00edtica o perqu\u00e8 les persones implicades, que som tots, pensin que no poden fer res a nivell individual.Vegeu alguns\u2026","rel":"","context":"A &quot;General&quot;","block_context":{"text":"General","link":"https:\/\/blogs.avui.cat\/botonier\/category\/general\/"},"img":{"alt_text":"","src":"","width":0,"height":0},"classes":[]},{"id":522,"url":"https:\/\/blogs.avui.cat\/botonier\/2010\/04\/28\/mig-milio-%c2%bfson-pocs-o-molts\/","url_meta":{"origin":27,"position":3},"title":"Mig mili\u00f3: \u00bfs\u00f3n pocs o molts?","author":"Ramon Boixet","date":"28 abril 2010","format":false,"excerpt":"Passats els primers moments despr\u00e9s de con\u00e8ixer els resultats de les darreres votacions consultives sobre la independ\u00e8ncia, una mica de tranquil\u2022litat s\u2019imposa.Ens trobem d\u2019una banda els que, malgrat la baixa participaci\u00f3, consideren un \u00e8xit la convocat\u00f2ria i els resultats que sumats als de les anteriors consultes, donen mig mili\u00f3 de\u2026","rel":"","context":"A &quot;General&quot;","block_context":{"text":"General","link":"https:\/\/blogs.avui.cat\/botonier\/category\/general\/"},"img":{"alt_text":"","src":"","width":0,"height":0},"classes":[]},{"id":162,"url":"https:\/\/blogs.avui.cat\/botonier\/2009\/01\/27\/catalunya-mirada-de-lluny-1-som-i-serem\/","url_meta":{"origin":27,"position":4},"title":"Catalunya mirada de lluny : 1. Som i serem","author":"Ramon Boixet","date":"27 gener 2009","format":false,"excerpt":"El suggeriment d\u2019uns amics m\u2019ha animat a dedicar una s\u00e8rie de posts a Catalunya, les seves coses i la seva gent, amb una visi\u00f3 condicionada per la dist\u00e0ncia i naturalment per les meves limitacions. La meva vida, repartida entre 26 anys a Catalunya (Manresa i Barcelona essencialment) i 40 anys\u2026","rel":"","context":"A &quot;General&quot;","block_context":{"text":"General","link":"https:\/\/blogs.avui.cat\/botonier\/category\/general\/"},"img":{"alt_text":"","src":"","width":0,"height":0},"classes":[]},{"id":17,"url":"https:\/\/blogs.avui.cat\/botonier\/2008\/03\/18\/oasi-1\/","url_meta":{"origin":27,"position":5},"title":"Oasi (1)","author":"Ramon Boixet","date":"18 mar\u00e7 2008","format":false,"excerpt":"No s\u00e9 si a tuet passa el mateix...Moltes coses les veig m\u00e9s claresquan tanco els ulls.","rel":"","context":"A &quot;General&quot;","block_context":{"text":"General","link":"https:\/\/blogs.avui.cat\/botonier\/category\/general\/"},"img":{"alt_text":"","src":"","width":0,"height":0},"classes":[]}],"jetpack_sharing_enabled":true,"jetpack_likes_enabled":true,"_links":{"self":[{"href":"https:\/\/blogs.avui.cat\/botonier\/wp-json\/wp\/v2\/posts\/27","targetHints":{"allow":["GET"]}}],"collection":[{"href":"https:\/\/blogs.avui.cat\/botonier\/wp-json\/wp\/v2\/posts"}],"about":[{"href":"https:\/\/blogs.avui.cat\/botonier\/wp-json\/wp\/v2\/types\/post"}],"author":[{"embeddable":true,"href":"https:\/\/blogs.avui.cat\/botonier\/wp-json\/wp\/v2\/users\/126"}],"replies":[{"embeddable":true,"href":"https:\/\/blogs.avui.cat\/botonier\/wp-json\/wp\/v2\/comments?post=27"}],"version-history":[{"count":2,"href":"https:\/\/blogs.avui.cat\/botonier\/wp-json\/wp\/v2\/posts\/27\/revisions"}],"predecessor-version":[{"id":3296,"href":"https:\/\/blogs.avui.cat\/botonier\/wp-json\/wp\/v2\/posts\/27\/revisions\/3296"}],"wp:attachment":[{"href":"https:\/\/blogs.avui.cat\/botonier\/wp-json\/wp\/v2\/media?parent=27"}],"wp:term":[{"taxonomy":"category","embeddable":true,"href":"https:\/\/blogs.avui.cat\/botonier\/wp-json\/wp\/v2\/categories?post=27"},{"taxonomy":"post_tag","embeddable":true,"href":"https:\/\/blogs.avui.cat\/botonier\/wp-json\/wp\/v2\/tags?post=27"}],"curies":[{"name":"wp","href":"https:\/\/api.w.org\/{rel}","templated":true}]}}