{"id":261,"date":"2009-05-22T08:56:00","date_gmt":"2009-05-22T06:56:00","guid":{"rendered":"http:\/\/blogs.avui.cat\/botonier\/2009\/05\/22\/la-polemica-sobre-miquel-barcelo\/"},"modified":"2013-06-19T09:49:43","modified_gmt":"2013-06-19T08:49:43","slug":"la-polemica-sobre-miquel-barcelo","status":"publish","type":"post","link":"https:\/\/blogs.avui.cat\/botonier\/2009\/05\/22\/la-polemica-sobre-miquel-barcelo\/","title":{"rendered":"La pol\u00e8mica sobre Miquel Barcel\u00f3"},"content":{"rendered":"<p><a href=\"https:\/\/i0.wp.com\/1.bp.blogspot.com\/_gS2A8TwyupA\/ShZMrLnsePI\/AAAAAAAAAmQ\/lEYbX5Q2fYA\/s1600-h\/ONU.JPG\"><img data-recalc-dims=\"1\" decoding=\"async\" src=\"https:\/\/i0.wp.com\/1.bp.blogspot.com\/_gS2A8TwyupA\/ShZMrLnsePI\/AAAAAAAAAmQ\/lEYbX5Q2fYA\/s200\/ONU.JPG\" border=\"0\" \/><\/a><\/p>\n<p>L \u2018inauguraci\u00f3 de la c\u00fapula pintada pel Miquel Barcel\u00f3 a la Sala XX del Palau de les Nacions de l&#8217;ONU a Ginebra va obrir una pol\u00e8mica que ha sobrepassat els l\u00edmits purament art\u00edstics, degut al preu que l\u2019obra va costar i a la poca transpar\u00e8ncia del seu finan\u00e7ament. El dia 20 de novembre 2008 vaig escriure una entrada sobre el tema.<\/p>\n<p>Ara, la participaci\u00f3 de Miquel Barcel\u00f3 a la Biennal de Ven\u00e8cia, dins del pavell\u00f3 oficial espanyol, ha tornat a revifar els dubtes art\u00edstics, pol\u00edtics, financers i propagand\u00edstics d\u2019un artista que de moment \u00e9s el m\u00e9s promocionat a arreu del m\u00f3n, potser \u201cmalgr\u00e9 lui\u201d.<\/p>\n<p>Haig de dir que faig part dels encara pocs que han vist personalment la c\u00fapula de l&#8217;ONU. El dia 30 d\u2019abril vaig acompanyar un equip de TV3 a Ginebra, per filmar un programa sobre Su\u00efssa que s\u2019emetr\u00e0 cap a finals d\u2019any. La Sala XX va ser oberta exclusivament per nosaltres cinc, i per tant vaig disposar de temps suficient per observar l\u2019obra de Barcel\u00f3.<\/p>\n<p>Els meus dubtes sobre la import\u00e0ncia de la c\u00fapula com a obra d\u2019art es van reduir sensiblement amb la visita. Crec que \u00e9s un tipus de decoraci\u00f3 molt diferent de tot el que fins ara s\u2019ha vist, sobretot per introduir la tercera dimensi\u00f3,  i els molts colors no deixen de donar un aspecte coherent al conjunt que probablement ser\u00e0 una obra cabdal en la producci\u00f3 del pintor mallorqu\u00ed.<\/p>\n<p>Dit aix\u00f2, ara resulta que per la Biennal de Ven\u00e8cia Barcel\u00f3 ha decidit presentar algunes obres fetes sobre teles que va col\u2022locar a terra mentre pintava la c\u00fapula de Ginebra i que es van anar pintant amb el degoteig del sostre i que ara han servit de fons per pintar noves obres.<\/p>\n<p>Recordem que la c\u00fapula va costar uns 30 milions d&#8217;euros, pagats en un 40% per l\u2019estat espanyol, sortits segons ABC dels \u00abFondos de Ayuda al Desarrollo\u00bb. La resta ho finan\u00e7a una mig misteriosa Fundaci\u00f3 Onuart de la que fan part grups hotelers, caixes d\u2019estalvis, grups industrials i d\u2019altres en una samfaina de la que ning\u00fa ha explicat les veritables intencions.<\/p>\n<p>\u00c9s una ll\u00e0stima que l\u2019art escapi del seu context per passar a ser motiu de pol\u00e8mica financera i pol\u00edtica. Els honoraris del Barcel\u00f3 (6 milions d\u2019euros, segons certes indiscrecions) l\u2019hi poden donar una certa cuirassa per aguantar les pol\u00e8miques. A mi m\u2019agradaria que del Barcel\u00f3 nom\u00e9s tingu\u00e9ssim el tema art\u00edstic per parlar, discutir, admirar o discrepar.<\/p>\n","protected":false},"excerpt":{"rendered":"<p>L \u2018inauguraci\u00f3 de la c\u00fapula pintada pel Miquel Barcel\u00f3 a la Sala XX del Palau de les Nacions de l&#8217;ONU a Ginebra va obrir una pol\u00e8mica que ha sobrepassat els l\u00edmits purament art\u00edstics, degut al preu que l\u2019obra va costar i a la poca transpar\u00e8ncia del seu finan\u00e7ament. El dia 20 de novembre 2008 vaig [&hellip;]<\/p>\n","protected":false},"author":126,"featured_media":0,"comment_status":"closed","ping_status":"closed","sticky":false,"template":"","format":"standard","meta":{"jetpack_post_was_ever_published":false,"_jetpack_newsletter_access":"","_jetpack_dont_email_post_to_subs":false,"_jetpack_newsletter_tier_id":0,"_jetpack_memberships_contains_paywalled_content":false,"_jetpack_memberships_contains_paid_content":false,"footnotes":"","jetpack_publicize_message":"","jetpack_publicize_feature_enabled":true,"jetpack_social_post_already_shared":false,"jetpack_social_options":{"image_generator_settings":{"template":"highway","default_image_id":0,"font":"","enabled":false},"version":2}},"categories":[1],"tags":[],"class_list":["post-261","post","type-post","status-publish","format-standard","hentry","category-general"],"jetpack_publicize_connections":[],"jetpack_featured_media_url":"","jetpack-related-posts":[{"id":321,"url":"https:\/\/blogs.avui.cat\/botonier\/2009\/08\/03\/tornem-hi-amb-la-cupula-del-barcelo\/","url_meta":{"origin":261,"position":0},"title":"Tornem-hi amb la c\u00fapula del Barcel\u00f3","author":"Ramon Boixet","date":"3 agost 2009","format":false,"excerpt":"\u00c9s la tercera vegada, ai!, que escric sobre la c\u00fapula que Miquel Barcel\u00f3 va crear per decorar la Sala XX del Palau de les Nacions Unides a Ginebra, la denominada Sala dels Drets Humans i de l'Alian\u00e7a de Civilitzacions.Aquesta pol\u00e8mica c\u00fapula s\u2019ha de jutjar amb dos angles diferents: l\u2019art\u00edstic i\u2026","rel":"","context":"A &quot;General&quot;","block_context":{"text":"General","link":"https:\/\/blogs.avui.cat\/botonier\/category\/general\/"},"img":{"alt_text":"","src":"","width":0,"height":0},"classes":[]},{"id":91,"url":"https:\/\/blogs.avui.cat\/botonier\/2008\/11\/19\/els-bocabadats-i-la-cupula-de-barcelo\/","url_meta":{"origin":261,"position":1},"title":"Els bocabadats i la c\u00fapula de Barcel\u00f3","author":"Ramon Boixet","date":"19 novembre 2008","format":false,"excerpt":"Molt s'ha escrit i molt s'escriur\u00e0 sobre la c\u00fapula de la Sala XX del Palau de les Nacions Unides de Ginebra, inaugurada el dimarts. La pol\u00e8mica va per molts camins: el preu de 30 milions d'euros, el veritable valor art\u00edstic de l'obra de Barcel\u00f3, la necessitat que Espanya tenia de\u2026","rel":"","context":"A &quot;General&quot;","block_context":{"text":"General","link":"https:\/\/blogs.avui.cat\/botonier\/category\/general\/"},"img":{"alt_text":"","src":"","width":0,"height":0},"classes":[]},{"id":542,"url":"https:\/\/blogs.avui.cat\/botonier\/2010\/05\/18\/els-drets-de-lhome-burlats\/","url_meta":{"origin":261,"position":2},"title":"Els Drets de l&#8217;Home, burlats","author":"Ramon Boixet","date":"18 maig 2010","format":false,"excerpt":"El dia 13 l\u2019Assemblea General de l\u2019ONU a Nova York va escollir 14 nous membres del Consell de Drets Humans, un \u00f2rgan intergubernamental que fa part del sistema de les Nacions Unides. La seu del Consell \u00e9s Ginebra i les reunions es fan en una nova sala, finan\u00e7ada pel govern\u2026","rel":"","context":"A &quot;General&quot;","block_context":{"text":"General","link":"https:\/\/blogs.avui.cat\/botonier\/category\/general\/"},"img":{"alt_text":"","src":"","width":0,"height":0},"classes":[]},{"id":737,"url":"https:\/\/blogs.avui.cat\/botonier\/2010\/05\/18\/els-drets-de-lhome-burlats-2\/","url_meta":{"origin":261,"position":3},"title":"Els Drets de l&#8217;Home, burlats","author":"Ramon Boixet","date":"18 maig 2010","format":false,"excerpt":"El dia 13 l\u2019Assemblea General de l\u2019ONU a Nova York va escollir 14 nous membres del Consell de Drets Humans, un \u00f2rgan intergubernamental que fa part del sistema de les Nacions Unides. La seu del Consell \u00e9s Ginebra i les reunions es fan en una nova sala, finan\u00e7ada pel govern\u2026","rel":"","context":"A &quot;General&quot;","block_context":{"text":"General","link":"https:\/\/blogs.avui.cat\/botonier\/category\/general\/"},"img":{"alt_text":"","src":"","width":0,"height":0},"classes":[]},{"id":533,"url":"https:\/\/blogs.avui.cat\/botonier\/2010\/05\/10\/lautodeterminacio-davant-lonu\/","url_meta":{"origin":261,"position":4},"title":"L&#8217;autodeterminaci\u00f3 davant l&#8217;ONU","author":"Ramon Boixet","date":"10 maig 2010","format":false,"excerpt":"Aquest cap de setmana, a Europa s\u2019han vist moltes senyeres i estelades. D\u2019una part a Paris on el Bar\u00e7a va guanyar l\u2019Eurolliga de b\u00e0squet. Tamb\u00e9 a Mauthausen, camp de concentraci\u00f3 nazi on molts catalans van estar empresonats i alguns van morir i, d\u2019una manera m\u00e9s modesta del punt de vista\u2026","rel":"","context":"A &quot;General&quot;","block_context":{"text":"General","link":"https:\/\/blogs.avui.cat\/botonier\/category\/general\/"},"img":{"alt_text":"","src":"","width":0,"height":0},"classes":[]},{"id":732,"url":"https:\/\/blogs.avui.cat\/botonier\/2010\/05\/10\/lautodeterminacio-davant-lonu-2\/","url_meta":{"origin":261,"position":5},"title":"L&#8217;autodeterminaci\u00f3 davant l&#8217;ONU","author":"Ramon Boixet","date":"10 maig 2010","format":false,"excerpt":"Aquest cap de setmana, a Europa s\u2019han vist moltes senyeres i estelades. D\u2019una part a Paris on el Bar\u00e7a va guanyar l\u2019Eurolliga de b\u00e0squet. Tamb\u00e9 a Mauthausen, camp de concentraci\u00f3 nazi on molts catalans van estar empresonats i alguns van morir i, d\u2019una manera m\u00e9s modesta del punt de vista\u2026","rel":"","context":"A &quot;General&quot;","block_context":{"text":"General","link":"https:\/\/blogs.avui.cat\/botonier\/category\/general\/"},"img":{"alt_text":"","src":"","width":0,"height":0},"classes":[]}],"jetpack_sharing_enabled":true,"jetpack_likes_enabled":true,"_links":{"self":[{"href":"https:\/\/blogs.avui.cat\/botonier\/wp-json\/wp\/v2\/posts\/261","targetHints":{"allow":["GET"]}}],"collection":[{"href":"https:\/\/blogs.avui.cat\/botonier\/wp-json\/wp\/v2\/posts"}],"about":[{"href":"https:\/\/blogs.avui.cat\/botonier\/wp-json\/wp\/v2\/types\/post"}],"author":[{"embeddable":true,"href":"https:\/\/blogs.avui.cat\/botonier\/wp-json\/wp\/v2\/users\/126"}],"replies":[{"embeddable":true,"href":"https:\/\/blogs.avui.cat\/botonier\/wp-json\/wp\/v2\/comments?post=261"}],"version-history":[{"count":3,"href":"https:\/\/blogs.avui.cat\/botonier\/wp-json\/wp\/v2\/posts\/261\/revisions"}],"predecessor-version":[{"id":3069,"href":"https:\/\/blogs.avui.cat\/botonier\/wp-json\/wp\/v2\/posts\/261\/revisions\/3069"}],"wp:attachment":[{"href":"https:\/\/blogs.avui.cat\/botonier\/wp-json\/wp\/v2\/media?parent=261"}],"wp:term":[{"taxonomy":"category","embeddable":true,"href":"https:\/\/blogs.avui.cat\/botonier\/wp-json\/wp\/v2\/categories?post=261"},{"taxonomy":"post_tag","embeddable":true,"href":"https:\/\/blogs.avui.cat\/botonier\/wp-json\/wp\/v2\/tags?post=261"}],"curies":[{"name":"wp","href":"https:\/\/api.w.org\/{rel}","templated":true}]}}