{"id":237,"date":"2009-04-24T08:51:00","date_gmt":"2009-04-24T06:51:00","guid":{"rendered":"http:\/\/blogs.avui.cat\/botonier\/2009\/04\/24\/apoteosi-del-color-groc-van-gogh-a-basilea\/"},"modified":"2013-06-19T09:49:46","modified_gmt":"2013-06-19T08:49:46","slug":"apoteosi-del-color-groc-van-gogh-a-basilea","status":"publish","type":"post","link":"https:\/\/blogs.avui.cat\/botonier\/2009\/04\/24\/apoteosi-del-color-groc-van-gogh-a-basilea\/","title":{"rendered":"Apoteosi del color groc: Van Gogh a Basilea"},"content":{"rendered":"<p><a href=\"https:\/\/i0.wp.com\/4.bp.blogspot.com\/_gS2A8TwyupA\/SfFhcR3LV9I\/AAAAAAAAAjY\/xjVCom5cSxc\/s1600-h\/Van%2BGogh.JPG\"><img data-recalc-dims=\"1\" decoding=\"async\" src=\"https:\/\/i0.wp.com\/4.bp.blogspot.com\/_gS2A8TwyupA\/SfFhcR3LV9I\/AAAAAAAAAjY\/xjVCom5cSxc\/s200\/Van%2BGogh.JPG\" border=\"0\" \/><\/a><\/p>\n<p>El diumenge obrira al Museu d&#8217;Art de Basilea l&#8217;exposici\u00f3 &#8221; Vincent Van Gogh &#8212; Entre terra i cel. Els paisatges&#8221;.<br \/>Ser\u00e0, segurament, una de les exposicions m\u00e9s comentades i visitades dels darrers anys: els organitzadors esperen, pel cap baix, uns 500.000 visitants fins el 27 de setembre, data a la que es clour\u00e0. Estan exposades 70 pintures del tema paisatge vingudes d&#8217;arreu del m\u00f3n, tant de museus com de particulars, amb un valor assegurat d&#8217;uns dos mil milions de Euros. <\/p>\n<p>Tot aquest gegantisme \u00e9s necessari per reunir per primera vegada una exposici\u00f3 monotem\u00e0tica sobre els paisatges de Van Gogh. Tothom sap que en vida pr\u00e0cticament no va vendre cap pintura i que nom\u00e9s va sobreviure gr\u00e0cies a els diners que l&#8217;hi enviava el seu germ\u00e0 Theo, que disposava d&#8217;un situaci\u00f3 confortable en una companyia dedicada al comer\u00e7 d&#8217;art.<\/p>\n<p>Van Gogh, fill d&#8217;un pastor protestant, va rebre el mateix nom que un germ\u00e0 seu mort al n\u00e9ixer un any abans que ell (curiosa similitud amb Salvador Dal\u00ed, tamb\u00e9 acomplexat per el fet de ser &#8220;un substitut&#8221; del germ\u00e0 mort i no un fill desitjat per a ell mateix). Van Gogh va intentar la vida de predicador i de missioner per\u00f2 no va reeixir per no saber llat\u00ed ni grec. Va treballar un temps a unes mines de carb\u00f3 on va con\u00e8ixer la vida dura dels miners, cosa que va afectar molt el seu car\u00e0cter sensible, complicat i depressiu. <\/p>\n<p>Sorpr\u00e8n el fet de que tota l&#8217;obra de Van Gogh va ser pintada entre 1883 i 1890, \u00e9s a dir en nom\u00e9s set anys. La seva capacitat creativa anava a un ritme que era marcat per les seves depressions : internat en un hospital a Auvers-sur-Oise, va pintar 75 quadres en nom\u00e9s 70 dies, com un poss\u00e9s. <\/p>\n<p>Dels seus paisatges ens queda l&#8217;impressi\u00f3 de les seves pinzellades curtes i potents, el domini dels grocs no nom\u00e9s en els camps de blat, i la for\u00e7a inexplicable que el conjunt de la seva obra dona a qui s&#8217;hi atansa. <\/p>\n<p>Una magnifica excusa per visitar Basilea que, exposici\u00f3 a part, mereix una aturada per molts altres motius.<\/p>\n","protected":false},"excerpt":{"rendered":"<p>El diumenge obrira al Museu d&#8217;Art de Basilea l&#8217;exposici\u00f3 &#8221; Vincent Van Gogh &#8212; Entre terra i cel. Els paisatges&#8221;.Ser\u00e0, segurament, una de les exposicions m\u00e9s comentades i visitades dels darrers anys: els organitzadors esperen, pel cap baix, uns 500.000 visitants fins el 27 de setembre, data a la que es clour\u00e0. Estan exposades 70 [&hellip;]<\/p>\n","protected":false},"author":126,"featured_media":0,"comment_status":"closed","ping_status":"closed","sticky":false,"template":"","format":"standard","meta":{"jetpack_post_was_ever_published":false,"_jetpack_newsletter_access":"","_jetpack_dont_email_post_to_subs":false,"_jetpack_newsletter_tier_id":0,"_jetpack_memberships_contains_paywalled_content":false,"_jetpack_memberships_contains_paid_content":false,"footnotes":"","jetpack_publicize_message":"","jetpack_publicize_feature_enabled":true,"jetpack_social_post_already_shared":false,"jetpack_social_options":{"image_generator_settings":{"template":"highway","default_image_id":0,"font":"","enabled":false},"version":2}},"categories":[1],"tags":[],"class_list":["post-237","post","type-post","status-publish","format-standard","hentry","category-general"],"jetpack_publicize_connections":[],"jetpack_featured_media_url":"","jetpack-related-posts":[{"id":3706,"url":"https:\/\/blogs.avui.cat\/botonier\/2021\/10\/11\/goya-i-la-reina-letizia\/","url_meta":{"origin":237,"position":0},"title":"Goya i la Reina Letizia","author":"Ramon Boixet","date":"11 octubre 2021","format":false,"excerpt":"El divendres dia 8 la Fondation Beyeler de Riehen- Basilea, va inaugurar una exposici\u00f3 sobre obres de Goya que estar\u00e0 oberta durant tres mesos. Es presenten 70 pintures i m\u00e9s de cent dibuixos i obra gr\u00e0fica de manera que es tracta de l'exposici\u00f3 mes important que mai s'ha fet del\u2026","rel":"","context":"A &quot;General&quot;","block_context":{"text":"General","link":"https:\/\/blogs.avui.cat\/botonier\/category\/general\/"},"img":{"alt_text":"","src":"https:\/\/i0.wp.com\/blogs.avui.cat\/botonier\/files\/2021\/10\/Unknown-150x150.jpeg?resize=350%2C200","width":350,"height":200},"classes":[]},{"id":4,"url":"https:\/\/blogs.avui.cat\/botonier\/2007\/11\/25\/manel-marzo-mart-a-suissa\/","url_meta":{"origin":237,"position":1},"title":"Manel Marzo-Mart a Su\u00efssa","author":"Ramon Boixet","date":"25 novembre 2007","format":false,"excerpt":"Manel Marzo-Mart no \u00e9s cap desconegut a Su\u00efssa. Els divuit anys que va viure a Basilea van obrir-l\u2019hi les portes del dif\u00edcil mercat d\u2019art su\u00efs i no ha passat cap any sense que una o dues exposicions l\u2019hi permetin continuar el seu lligam amb Su\u00efssa.Actualment (i fins el 22 de\u2026","rel":"","context":"A &quot;General&quot;","block_context":{"text":"General","link":"https:\/\/blogs.avui.cat\/botonier\/category\/general\/"},"img":{"alt_text":"","src":"","width":0,"height":0},"classes":[]},{"id":375,"url":"https:\/\/blogs.avui.cat\/botonier\/2009\/10\/21\/maillol-el-catala-de-franca\/","url_meta":{"origin":237,"position":2},"title":"Maillol, el catal\u00e0 de Fran\u00e7a","author":"Ramon Boixet","date":"21 octubre 2009","format":false,"excerpt":"A La Pedrera de Barcelona s\u2019ha obert una exposici\u00f3 amb un centenar d\u2019obres del gran artista Ar\u00edstides Maillol, nascut i mort a Banyuls de la Marenda. Vergonyosament absent dels museus de Catalunya, sempre va demostrar la seva catalanitat amb el seu arrelament al Rossell\u00f3, amb els seus viatges a Barcelona,\u2026","rel":"","context":"A &quot;General&quot;","block_context":{"text":"General","link":"https:\/\/blogs.avui.cat\/botonier\/category\/general\/"},"img":{"alt_text":"","src":"","width":0,"height":0},"classes":[]},{"id":95,"url":"https:\/\/blogs.avui.cat\/botonier\/2008\/11\/24\/art-viu\/","url_meta":{"origin":237,"position":3},"title":"Art Viu","author":"Ramon Boixet","date":"24 novembre 2008","format":false,"excerpt":"Un dels museus m\u00e9s interessants que conec, i n\u2019he vist molts en tres continents, \u00e9s el Zentrum Paul Klee de Berna. Dedicat al important pintor i te\u00f2ric de l\u2019art, fou inaugurat el juny de l\u2019any 2005 i \u00e9s obra del fam\u00f3s arquitecte itali\u00e0 Renzo Piano.Personalment considero que els darrers anys\u2026","rel":"","context":"A &quot;General&quot;","block_context":{"text":"General","link":"https:\/\/blogs.avui.cat\/botonier\/category\/general\/"},"img":{"alt_text":"","src":"","width":0,"height":0},"classes":[]},{"id":297,"url":"https:\/\/blogs.avui.cat\/botonier\/2009\/07\/01\/una-descoberta-la-cultura-del-celtes\/","url_meta":{"origin":237,"position":4},"title":"Una descoberta: la cultura del celtes","author":"Ramon Boixet","date":"1 juliol 2009","format":false,"excerpt":"La dominaci\u00f3 cultural, militar i pol\u00edtica que en l'antiguitat van tenir els grecs i els romans a les nostres terres ha fet que altres pobles i altres cultures s\u2019hagin deixat de costat o almenys no s\u2019han explicat amb prou detall. A l\u2019escola, dels celtes en sab\u00edem poc: se'ns va parlar\u2026","rel":"","context":"A &quot;General&quot;","block_context":{"text":"General","link":"https:\/\/blogs.avui.cat\/botonier\/category\/general\/"},"img":{"alt_text":"","src":"","width":0,"height":0},"classes":[]},{"id":674,"url":"https:\/\/blogs.avui.cat\/botonier\/2009\/06\/10\/lart-i-el-comerc-2\/","url_meta":{"origin":237,"position":5},"title":"L&#8217;art i el comer\u00e7","author":"Ramon Boixet","date":"10 juny 2009","format":false,"excerpt":"Ahir a la ciutat de Basilea es va inaugurar pels convidats, i avui pel p\u00fablic, l'ART 40 Basel, la fira d\u2019art m\u00e9s gran i important del m\u00f3n.En un moment on la crisi s\u2019ha escampat arreu i tothom dubta de quan comen\u00e7ar\u00e0 la recuperaci\u00f3, aquesta fira sembla donar una imatge de\u2026","rel":"","context":"A &quot;General&quot;","block_context":{"text":"General","link":"https:\/\/blogs.avui.cat\/botonier\/category\/general\/"},"img":{"alt_text":"","src":"","width":0,"height":0},"classes":[]}],"jetpack_sharing_enabled":true,"jetpack_likes_enabled":true,"_links":{"self":[{"href":"https:\/\/blogs.avui.cat\/botonier\/wp-json\/wp\/v2\/posts\/237","targetHints":{"allow":["GET"]}}],"collection":[{"href":"https:\/\/blogs.avui.cat\/botonier\/wp-json\/wp\/v2\/posts"}],"about":[{"href":"https:\/\/blogs.avui.cat\/botonier\/wp-json\/wp\/v2\/types\/post"}],"author":[{"embeddable":true,"href":"https:\/\/blogs.avui.cat\/botonier\/wp-json\/wp\/v2\/users\/126"}],"replies":[{"embeddable":true,"href":"https:\/\/blogs.avui.cat\/botonier\/wp-json\/wp\/v2\/comments?post=237"}],"version-history":[{"count":3,"href":"https:\/\/blogs.avui.cat\/botonier\/wp-json\/wp\/v2\/posts\/237\/revisions"}],"predecessor-version":[{"id":3092,"href":"https:\/\/blogs.avui.cat\/botonier\/wp-json\/wp\/v2\/posts\/237\/revisions\/3092"}],"wp:attachment":[{"href":"https:\/\/blogs.avui.cat\/botonier\/wp-json\/wp\/v2\/media?parent=237"}],"wp:term":[{"taxonomy":"category","embeddable":true,"href":"https:\/\/blogs.avui.cat\/botonier\/wp-json\/wp\/v2\/categories?post=237"},{"taxonomy":"post_tag","embeddable":true,"href":"https:\/\/blogs.avui.cat\/botonier\/wp-json\/wp\/v2\/tags?post=237"}],"curies":[{"name":"wp","href":"https:\/\/api.w.org\/{rel}","templated":true}]}}