{"id":227,"date":"2009-04-12T08:27:00","date_gmt":"2009-04-12T06:27:00","guid":{"rendered":"http:\/\/blogs.avui.cat\/botonier\/2009\/04\/12\/incomodes-admirats-4-joan-miro\/"},"modified":"2013-06-19T09:49:47","modified_gmt":"2013-06-19T08:49:47","slug":"incomodes-admirats-4-joan-miro","status":"publish","type":"post","link":"https:\/\/blogs.avui.cat\/botonier\/2009\/04\/12\/incomodes-admirats-4-joan-miro\/","title":{"rendered":"Inc\u00f2modes admirats : 4. Joan Mir\u00f3"},"content":{"rendered":"<p><a href=\"https:\/\/i0.wp.com\/3.bp.blogspot.com\/_gS2A8TwyupA\/SeGKG10ALuI\/AAAAAAAAAiI\/WYqhP_4Ex1I\/s1600-h\/Mir%C3%B3.JPG\"><img data-recalc-dims=\"1\" decoding=\"async\" src=\"https:\/\/i0.wp.com\/3.bp.blogspot.com\/_gS2A8TwyupA\/SeGKG10ALuI\/AAAAAAAAAiI\/WYqhP_4Ex1I\/s200\/Mir%C3%B3.JPG\" border=\"0\" \/><\/a><\/p>\n<p>L&#8217;aspecte que tots recordem del Joan Mir\u00f3 \u00e9s, com vaig dir en una altre ocasi\u00f3, el de l\u2019avi que tots podr\u00edem acceptar com a nostre. Mai no va fer part de moviments sorollosos, de tert\u00falies provocadores i va portar una vida familiar tranquila, sense esc\u00e0ndols ni especulacions. Sempre va viure al recer de l&#8217;an\u00e9cdota i del pintoresquisme, per desgr\u00e0cia dels seus bi\u00f2grafs, tal com va dir Jacques Dupin.<\/p>\n<p>Darrera aquesta imatge de bonhomia s&#8217;amaga un rebel, un inquiet, un iconoclasta en el m\u00f3n de l&#8217;art. Un home \u00edntimament lligat a la terra, a les coses corrents insignificants (una pedra, un tronc, un c\u00e0ntir&#8230;) i que al mateix temps \u00e9s capa\u00e7 de dir : \u00ab L&#8217;\u00fanic que tinc clar \u00e9s que pretenc destruir, destruir tot el que existeix en la pintura. L&#8217;\u00fanic que m&#8217;interessa \u00e9s l&#8217;esperit de la pintura en si mateix, i nom\u00e9s utilitzo les eines t\u00edpiques d&#8217;un artista, els pinzells, els llen\u00e7os i les pintures, per aconseguir els millors resultats \u00bb.<\/p>\n<p>La seva actitud durant la guerra del 36 i posteriorment va incomodar les autoritats franquistes que el van deixar tranquil nom\u00e9s gr\u00e0cies a la seva fama. Va estar molts anys sense fer cap exposici\u00f3 a Barcelona, i a Madrid nom\u00e9s va exposar una vegada mort Franco. <\/p>\n<p>Mir\u00f3 ha estat molts anys mal compr\u00e9s, considerat com un \u00ab embruta llen\u00e7os \u00bb que pintava com ho fan els nens de sis anys. Res m\u00e9s lluny de la realitat si es te l&#8217;humilitat d&#8217;atansar-se a la seva obra que no nom\u00e9s \u00e9s congruent sin\u00f3 que ha marcat l&#8217;art mundial tant en pintura com en gravat o en escultura. I per damunt de tot \u00e9s un poeta que pinta. I parlo en present d&#8217;indicatiu perqu\u00e8 els veritables i aut\u00e8ntics artistes no moren mai, nom\u00e9s deixen de produir. <\/p>\n<p>Tres llibres s\u00f3n fonamentals, al meu entendre, per con\u00e8ixer millor ( o descobrir) l&#8217;obra de Mir\u00f3 : \u00ab Mir\u00f3 llegit \u00bb de Cirici-Pellicer i \u00ab Mir\u00f3. Vida i obra \u00bb de Catal\u00e0-Roca i Llu\u00eds Permanyer, ambd\u00f3s editats per Edicions 62 i tamb\u00e9 &#8220;Les arrels de Mir\u00f3&#8221; de Pere Gimferrer, Editorial Planeta.<\/p>\n","protected":false},"excerpt":{"rendered":"<p>L&#8217;aspecte que tots recordem del Joan Mir\u00f3 \u00e9s, com vaig dir en una altre ocasi\u00f3, el de l\u2019avi que tots podr\u00edem acceptar com a nostre. Mai no va fer part de moviments sorollosos, de tert\u00falies provocadores i va portar una vida familiar tranquila, sense esc\u00e0ndols ni especulacions. Sempre va viure al recer de l&#8217;an\u00e9cdota i [&hellip;]<\/p>\n","protected":false},"author":126,"featured_media":0,"comment_status":"closed","ping_status":"closed","sticky":false,"template":"","format":"standard","meta":{"jetpack_post_was_ever_published":false,"_jetpack_newsletter_access":"","_jetpack_dont_email_post_to_subs":false,"_jetpack_newsletter_tier_id":0,"_jetpack_memberships_contains_paywalled_content":false,"_jetpack_memberships_contains_paid_content":false,"footnotes":"","jetpack_publicize_message":"","jetpack_publicize_feature_enabled":true,"jetpack_social_post_already_shared":false,"jetpack_social_options":{"image_generator_settings":{"template":"highway","default_image_id":0,"font":"","enabled":false},"version":2}},"categories":[1],"tags":[],"class_list":["post-227","post","type-post","status-publish","format-standard","hentry","category-general"],"jetpack_publicize_connections":[],"jetpack_featured_media_url":"","jetpack-related-posts":[{"id":229,"url":"https:\/\/blogs.avui.cat\/botonier\/2009\/04\/14\/catalunya-esta-present\/","url_meta":{"origin":227,"position":0},"title":"Catalunya est\u00e0 present!","author":"Ramon Boixet","date":"14 abril 2009","format":false,"excerpt":"Els diaris, de tant en tant, ens donen sorpreses positives, com la que vaig tenir jo el dissabte dia 11 al llegir en el diari de la meva regi\u00f3 la seg\u00fcent noticia que tradueixo :\u00ab A finals d'abril la Biblioteca Municipal de Zofingen celebrara una vegada m\u00e9s el Dia Mundial\u2026","rel":"","context":"A &quot;General&quot;","block_context":{"text":"General","link":"https:\/\/blogs.avui.cat\/botonier\/category\/general\/"},"img":{"alt_text":"","src":"","width":0,"height":0},"classes":[]},{"id":294,"url":"https:\/\/blogs.avui.cat\/botonier\/2009\/06\/27\/joan-sola-un-premi-merescut\/","url_meta":{"origin":227,"position":1},"title":"Joan Sol\u00e0, un Premi merescut","author":"Ramon Boixet","date":"27 juny 2009","format":false,"excerpt":"La majoria de premis s\u00f3n susceptibles de pol\u00e8mica ja que no sempre es pot acontentar a tothom, i els premis els donen persones que tenen la seva manera de pensar, les seves simpaties i les seves antipaties, com tothom. El darrer Premi d\u2019Honor de les Lletres Catalanes, el fil\u00f2leg Joan\u2026","rel":"","context":"A &quot;General&quot;","block_context":{"text":"General","link":"https:\/\/blogs.avui.cat\/botonier\/category\/general\/"},"img":{"alt_text":"","src":"","width":0,"height":0},"classes":[]},{"id":246,"url":"https:\/\/blogs.avui.cat\/botonier\/2009\/05\/04\/ens-han-enredat-una-vegada-mes\/","url_meta":{"origin":227,"position":2},"title":"Ens han enredat (una vegada m\u00e9s)","author":"Ramon Boixet","date":"4 maig 2009","format":false,"excerpt":"Ens han dit i ens han repetit dotzenes de vegades que l'econom\u00eda \u00e9s m\u00e9s estable i els riscs es redueixen si es fa un repartiment \u00ab carregant el pes sobre diverses espatlles \u00bb. \u00c9s a dir que si un sistema econ\u00f2mic reparteix els seus recursos en un entramat d'opcions diverses\u2026","rel":"","context":"A &quot;General&quot;","block_context":{"text":"General","link":"https:\/\/blogs.avui.cat\/botonier\/category\/general\/"},"img":{"alt_text":"","src":"","width":0,"height":0},"classes":[]},{"id":300,"url":"https:\/\/blogs.avui.cat\/botonier\/2009\/07\/04\/el-financament-i-ballar-de-capoll\/","url_meta":{"origin":227,"position":3},"title":"El finan\u00e7ament i ballar de capoll","author":"Ramon Boixet","date":"4 juliol 2009","format":false,"excerpt":"El dia 15 de juliol est\u00e0 com aquell qui diu a punt d\u2019arribar sense que ning\u00fa tingui la seguretat que ser\u00e0 una data hist\u00f2rica. El president espanyol senyor Rodr\u00edguez, molt acostumat a dir i a desdir, va fixar recentment la data del 15 de juliol com a l\u00edmit per tancar\u2026","rel":"","context":"A &quot;General&quot;","block_context":{"text":"General","link":"https:\/\/blogs.avui.cat\/botonier\/category\/general\/"},"img":{"alt_text":"","src":"","width":0,"height":0},"classes":[]},{"id":674,"url":"https:\/\/blogs.avui.cat\/botonier\/2009\/06\/10\/lart-i-el-comerc-2\/","url_meta":{"origin":227,"position":4},"title":"L&#8217;art i el comer\u00e7","author":"Ramon Boixet","date":"10 juny 2009","format":false,"excerpt":"Ahir a la ciutat de Basilea es va inaugurar pels convidats, i avui pel p\u00fablic, l'ART 40 Basel, la fira d\u2019art m\u00e9s gran i important del m\u00f3n.En un moment on la crisi s\u2019ha escampat arreu i tothom dubta de quan comen\u00e7ar\u00e0 la recuperaci\u00f3, aquesta fira sembla donar una imatge de\u2026","rel":"","context":"A &quot;General&quot;","block_context":{"text":"General","link":"https:\/\/blogs.avui.cat\/botonier\/category\/general\/"},"img":{"alt_text":"","src":"","width":0,"height":0},"classes":[]},{"id":280,"url":"https:\/\/blogs.avui.cat\/botonier\/2009\/06\/10\/lart-i-el-comerc\/","url_meta":{"origin":227,"position":5},"title":"L&#8217;art i el comer\u00e7","author":"Ramon Boixet","date":"10 juny 2009","format":false,"excerpt":"Ahir a la ciutat de Basilea es va inaugurar pels convidats, i avui pel p\u00fablic, l'ART 40 Basel, la fira d\u2019art m\u00e9s gran i important del m\u00f3n.En un moment on la crisi s\u2019ha escampat arreu i tothom dubta de quan comen\u00e7ar\u00e0 la recuperaci\u00f3, aquesta fira sembla donar una imatge de\u2026","rel":"","context":"A &quot;General&quot;","block_context":{"text":"General","link":"https:\/\/blogs.avui.cat\/botonier\/category\/general\/"},"img":{"alt_text":"","src":"","width":0,"height":0},"classes":[]}],"jetpack_sharing_enabled":true,"jetpack_likes_enabled":true,"_links":{"self":[{"href":"https:\/\/blogs.avui.cat\/botonier\/wp-json\/wp\/v2\/posts\/227","targetHints":{"allow":["GET"]}}],"collection":[{"href":"https:\/\/blogs.avui.cat\/botonier\/wp-json\/wp\/v2\/posts"}],"about":[{"href":"https:\/\/blogs.avui.cat\/botonier\/wp-json\/wp\/v2\/types\/post"}],"author":[{"embeddable":true,"href":"https:\/\/blogs.avui.cat\/botonier\/wp-json\/wp\/v2\/users\/126"}],"replies":[{"embeddable":true,"href":"https:\/\/blogs.avui.cat\/botonier\/wp-json\/wp\/v2\/comments?post=227"}],"version-history":[{"count":3,"href":"https:\/\/blogs.avui.cat\/botonier\/wp-json\/wp\/v2\/posts\/227\/revisions"}],"predecessor-version":[{"id":3103,"href":"https:\/\/blogs.avui.cat\/botonier\/wp-json\/wp\/v2\/posts\/227\/revisions\/3103"}],"wp:attachment":[{"href":"https:\/\/blogs.avui.cat\/botonier\/wp-json\/wp\/v2\/media?parent=227"}],"wp:term":[{"taxonomy":"category","embeddable":true,"href":"https:\/\/blogs.avui.cat\/botonier\/wp-json\/wp\/v2\/categories?post=227"},{"taxonomy":"post_tag","embeddable":true,"href":"https:\/\/blogs.avui.cat\/botonier\/wp-json\/wp\/v2\/tags?post=227"}],"curies":[{"name":"wp","href":"https:\/\/api.w.org\/{rel}","templated":true}]}}