{"id":224,"date":"2009-04-08T08:39:00","date_gmt":"2009-04-08T06:39:00","guid":{"rendered":"http:\/\/blogs.avui.cat\/botonier\/2009\/04\/08\/incomodes-admirats-1-el-perque\/"},"modified":"2013-06-19T09:49:47","modified_gmt":"2013-06-19T08:49:47","slug":"incomodes-admirats-1-el-perque","status":"publish","type":"post","link":"https:\/\/blogs.avui.cat\/botonier\/2009\/04\/08\/incomodes-admirats-1-el-perque\/","title":{"rendered":"Inc\u00f2modes admirats : 1. El perqu\u00e8"},"content":{"rendered":"<p><a href=\"https:\/\/i0.wp.com\/2.bp.blogspot.com\/_gS2A8TwyupA\/SdxG2frmmEI\/AAAAAAAAAhw\/otINDAm69Fo\/s1600-h\/Elipse%2B2.jpg\"><img data-recalc-dims=\"1\" decoding=\"async\" src=\"https:\/\/i0.wp.com\/2.bp.blogspot.com\/_gS2A8TwyupA\/SdxG2frmmEI\/AAAAAAAAAhw\/otINDAm69Fo\/s200\/Elipse%2B2.jpg\" border=\"0\" \/><\/a><\/p>\n<p>Jo soc de mena pac\u00edfica, poc cridaner, un xic conformista i amic de les tradicions mentre siguin autentiques. Per\u00f2 al mateix temps en el terreny creatiu, art\u00edstic, m&#8217;agrada l&#8217;innovaci\u00f3, he participat en moltes activitats que han trencat motllos i encara avui, al llindar una edat generalment associada a poc enrenou, m&#8217;atrauen les novetats de tot ordre. <\/p>\n<p>Fent un rep\u00e0s als personatges que fins ara he admirat m&#8217;he donat compte d&#8217;un parell de constants : primera, m&#8217;han interessat les obres i no les biografies ; segona, quasi tots els que he mantingut anys i anys com a importants per a mi han estat inc\u00f2modes, molt inc\u00f2modes dins de la societat en la que han viscut ; i tercera, no en tocaria cap de la meva llista particular perqu\u00e8 cap m&#8217;ha decebut ni viu ni despr\u00e9s de mort. <\/p>\n<p>Tot aix\u00f2 ve a compte perqu\u00e8 en els propers dies anir\u00e9 explicant la meva percepci\u00f3 d&#8217;alguns d&#8217;aquest personatges inc\u00f2modes que paradoxalment sempre m&#8217;han fet sentir c\u00f2mode amb mi mateix perqu\u00e8 han omplert amb la seva obra molts dels buits que l&#8217;ensenyament o l&#8217;entorn m\u2019havien deixat incomplerts.<\/p>\n<p>Parlar\u00e9 doncs de gent diversa, no tots coneguts de la majoria, ni tots de la mateixa \u00ab ona \u00bb. Per aix\u00f2 sortiran gent tant diversa com un pintor, un escriptor, un compositor&#8230;. Per a mi ser\u00e0 una manera de passar aquests dies de calma general amb el records dels que han omplert i omplen les meves hores de lleure. Ser\u00e0 una especie de homenatge pasqual a ells, amb el meu agra\u00efment i amb l&#8217;esperan\u00e7a de que alg\u00fa dels que em llegeixen pugui descobrir aspectes nous.<\/p>\n","protected":false},"excerpt":{"rendered":"<p>Jo soc de mena pac\u00edfica, poc cridaner, un xic conformista i amic de les tradicions mentre siguin autentiques. Per\u00f2 al mateix temps en el terreny creatiu, art\u00edstic, m&#8217;agrada l&#8217;innovaci\u00f3, he participat en moltes activitats que han trencat motllos i encara avui, al llindar una edat generalment associada a poc enrenou, m&#8217;atrauen les novetats de tot [&hellip;]<\/p>\n","protected":false},"author":126,"featured_media":0,"comment_status":"closed","ping_status":"closed","sticky":false,"template":"","format":"standard","meta":{"jetpack_post_was_ever_published":false,"_jetpack_newsletter_access":"","_jetpack_dont_email_post_to_subs":false,"_jetpack_newsletter_tier_id":0,"_jetpack_memberships_contains_paywalled_content":false,"_jetpack_memberships_contains_paid_content":false,"footnotes":"","jetpack_publicize_message":"","jetpack_publicize_feature_enabled":true,"jetpack_social_post_already_shared":false,"jetpack_social_options":{"image_generator_settings":{"template":"highway","default_image_id":0,"font":"","enabled":false},"version":2}},"categories":[1],"tags":[],"class_list":["post-224","post","type-post","status-publish","format-standard","hentry","category-general"],"jetpack_publicize_connections":[],"jetpack_featured_media_url":"","jetpack-related-posts":[{"id":227,"url":"https:\/\/blogs.avui.cat\/botonier\/2009\/04\/12\/incomodes-admirats-4-joan-miro\/","url_meta":{"origin":224,"position":0},"title":"Inc\u00f2modes admirats : 4. Joan Mir\u00f3","author":"Ramon Boixet","date":"12 abril 2009","format":false,"excerpt":"L'aspecte que tots recordem del Joan Mir\u00f3 \u00e9s, com vaig dir en una altre ocasi\u00f3, el de l\u2019avi que tots podr\u00edem acceptar com a nostre. Mai no va fer part de moviments sorollosos, de tert\u00falies provocadores i va portar una vida familiar tranquila, sense esc\u00e0ndols ni especulacions. Sempre va viure\u2026","rel":"","context":"A &quot;General&quot;","block_context":{"text":"General","link":"https:\/\/blogs.avui.cat\/botonier\/category\/general\/"},"img":{"alt_text":"","src":"","width":0,"height":0},"classes":[]},{"id":228,"url":"https:\/\/blogs.avui.cat\/botonier\/2009\/04\/13\/incomodes-admirats-i-5-friedrich-durrenmatt\/","url_meta":{"origin":224,"position":1},"title":"Inc\u00f2modes admirats : i 5. Friedrich D\u00fcrrenmatt","author":"Ramon Boixet","date":"13 abril 2009","format":false,"excerpt":"El gran escriptor su\u00eds neix el 1921 en un poble de la regi\u00f3 de Emmental, al Cant\u00f3 de Berna.Durant molts anys dubta de ser pintor o escriptor fins que decideix seguir la segona opci\u00f3 sense per tant mai abandonar la primera. Vaig tenir el meu primer contacte amb la obra\u2026","rel":"","context":"A &quot;General&quot;","block_context":{"text":"General","link":"https:\/\/blogs.avui.cat\/botonier\/category\/general\/"},"img":{"alt_text":"","src":"","width":0,"height":0},"classes":[]},{"id":226,"url":"https:\/\/blogs.avui.cat\/botonier\/2009\/04\/11\/incomodes-admirats-3-georges-brassens\/","url_meta":{"origin":224,"position":2},"title":"Inc\u00f2modes admirats : 3. Georges Brassens","author":"Ramon Boixet","date":"11 abril 2009","format":false,"excerpt":"Neix el mes d'octubre del 1921 a S\u00e8te de pare paleta. El fon\u00f2graf que els seus pares va rebre com a regal per el casament va acompanyar musicalment l'inf\u00e0ncia de Brassens. A l'escola s'interessa molt per la literatura i la poesia i de marrec acompanyant-se amb una mandolina, canta can\u00e7ons\u2026","rel":"","context":"A &quot;General&quot;","block_context":{"text":"General","link":"https:\/\/blogs.avui.cat\/botonier\/category\/general\/"},"img":{"alt_text":"","src":"","width":0,"height":0},"classes":[]},{"id":225,"url":"https:\/\/blogs.avui.cat\/botonier\/2009\/04\/09\/incomodes-admirats-2-pitigrilli\/","url_meta":{"origin":224,"position":3},"title":"Inc\u00f2modes admirats : 2. Pitigrilli","author":"Ramon Boixet","date":"9 abril 2009","format":false,"excerpt":"L'escriptor itali\u00e0 Pitigrilli \u00e9s un dels personatges del pa\u00eds germ\u00e0 que m\u00e9s controv\u00e8rsies ha creat entre els cr\u00edtics literaris, els lectors admiradors, els lectors detractors i tothom que s'ha atansat a la seva obra. Va n\u00e9ixer a Tor\u00ed el 9 de maig del 1893, sota el nom de Dino Segre.\u2026","rel":"","context":"A &quot;General&quot;","block_context":{"text":"General","link":"https:\/\/blogs.avui.cat\/botonier\/category\/general\/"},"img":{"alt_text":"","src":"","width":0,"height":0},"classes":[]},{"id":277,"url":"https:\/\/blogs.avui.cat\/botonier\/2009\/06\/06\/reflexio-pero-no-nomes-avui\/","url_meta":{"origin":224,"position":4},"title":"Reflexi\u00f3, per\u00f2 no nom\u00e9s avui","author":"Ramon Boixet","date":"6 juny 2009","format":false,"excerpt":"Avui \u00e9s el que se\u2019n diu \u201ejornada de reflexi\u00f3\u00bb, un dia on cap partit ni cap pol\u00edtic ens pot atabalar amb les seves consignes o els seus crits. Crec que instituir un dia de rep\u00f2s abans d\u2019unes eleccions \u00e9s una mesura d\u2019higiene mental m\u00e9s que de caire pol\u00edtic. A fi\u2026","rel":"","context":"A &quot;General&quot;","block_context":{"text":"General","link":"https:\/\/blogs.avui.cat\/botonier\/category\/general\/"},"img":{"alt_text":"","src":"","width":0,"height":0},"classes":[]},{"id":504,"url":"https:\/\/blogs.avui.cat\/botonier\/2010\/04\/09\/el-14-dabril-i-el-tc\/","url_meta":{"origin":224,"position":5},"title":"El 14 d&#8217;Abril i el TC","author":"Ramon Boixet","date":"9 abril 2010","format":false,"excerpt":"Ara sembla que s\u00ed, que el TC es reunir\u00e0 els dies 14 i 15 d\u2019abril per decidir i anunciar la sent\u00e8ncia sobre l\u2019Estatut.A mi aix\u00f2 del 14 d\u2019abril em sona. Jo no hi era, per\u00f2 va ser la data en la que Espanya es va declarar republicana (Segona Rep\u00fablica). Segur\u2026","rel":"","context":"A &quot;General&quot;","block_context":{"text":"General","link":"https:\/\/blogs.avui.cat\/botonier\/category\/general\/"},"img":{"alt_text":"","src":"","width":0,"height":0},"classes":[]}],"jetpack_sharing_enabled":true,"jetpack_likes_enabled":true,"_links":{"self":[{"href":"https:\/\/blogs.avui.cat\/botonier\/wp-json\/wp\/v2\/posts\/224","targetHints":{"allow":["GET"]}}],"collection":[{"href":"https:\/\/blogs.avui.cat\/botonier\/wp-json\/wp\/v2\/posts"}],"about":[{"href":"https:\/\/blogs.avui.cat\/botonier\/wp-json\/wp\/v2\/types\/post"}],"author":[{"embeddable":true,"href":"https:\/\/blogs.avui.cat\/botonier\/wp-json\/wp\/v2\/users\/126"}],"replies":[{"embeddable":true,"href":"https:\/\/blogs.avui.cat\/botonier\/wp-json\/wp\/v2\/comments?post=224"}],"version-history":[{"count":3,"href":"https:\/\/blogs.avui.cat\/botonier\/wp-json\/wp\/v2\/posts\/224\/revisions"}],"predecessor-version":[{"id":3106,"href":"https:\/\/blogs.avui.cat\/botonier\/wp-json\/wp\/v2\/posts\/224\/revisions\/3106"}],"wp:attachment":[{"href":"https:\/\/blogs.avui.cat\/botonier\/wp-json\/wp\/v2\/media?parent=224"}],"wp:term":[{"taxonomy":"category","embeddable":true,"href":"https:\/\/blogs.avui.cat\/botonier\/wp-json\/wp\/v2\/categories?post=224"},{"taxonomy":"post_tag","embeddable":true,"href":"https:\/\/blogs.avui.cat\/botonier\/wp-json\/wp\/v2\/tags?post=224"}],"curies":[{"name":"wp","href":"https:\/\/api.w.org\/{rel}","templated":true}]}}