{"id":223,"date":"2009-04-07T08:17:00","date_gmt":"2009-04-07T06:17:00","guid":{"rendered":"http:\/\/blogs.avui.cat\/botonier\/2009\/04\/07\/la-musica-i-l%e2%80%99educacio-dels-infants\/"},"modified":"2013-06-19T09:49:47","modified_gmt":"2013-06-19T08:49:47","slug":"la-musica-i-l%e2%80%99educacio-dels-infants","status":"publish","type":"post","link":"https:\/\/blogs.avui.cat\/botonier\/2009\/04\/07\/la-musica-i-l%e2%80%99educacio-dels-infants\/","title":{"rendered":"La m\u00fasica i l\u2019educaci\u00f3 dels infants"},"content":{"rendered":"<p><a href=\"https:\/\/i0.wp.com\/4.bp.blogspot.com\/_gS2A8TwyupA\/SdrwFgtlQfI\/AAAAAAAAAho\/jcZIU1gxEcU\/s1600-h\/Buenos%2BAires.JPG\"><img data-recalc-dims=\"1\" decoding=\"async\" src=\"https:\/\/i0.wp.com\/4.bp.blogspot.com\/_gS2A8TwyupA\/SdrwFgtlQfI\/AAAAAAAAAho\/jcZIU1gxEcU\/s200\/Buenos%2BAires.JPG\" border=\"0\" \/><\/a><\/p>\n<p>El pianista i director d&#8217;orquestra Daniel Baremboim, \u00e9s una de les personalitats del m\u00f3n cultural m\u00e9s interessants en aspectes que fins i tot ultrapassen la seva activitat musical.<\/p>\n<p>Nascut a l&#8217;Argentina de pares jueus emigrats, ha actuat arreu del m\u00f3n i a fundat la West-Eastern Divan Orchestra de la que fan part joves m\u00fasics d&#8217;Israel, Palestina, L\u00edban Egipte, S\u00edria i altres pa\u00edsos.  \u00c9s un gran partidari de la conviv\u00e8ncia entre Israel i Palestina i ha tingut en aquesta activitat un reconeixement mundial. <\/p>\n<p>En un llibre de converses de t\u00edtol \u00ab Parallels and Paradoxes. Explorations in Music and Society \u00bb (Paral\u2022lels i Paradoxes. Exploracions sobre la m\u00fasica i la societat) parla de l&#8217;import\u00e0ncia de la m\u00fasica ( no la cl\u00e0ssica o la moderna sin\u00f3 la m\u00fasica com a art) en l&#8217;educaci\u00f3. <\/p>\n<p>Barenboim constata una manca de veritable formaci\u00f3 musical a les escoles, i  no nom\u00e9s quatre can\u00e7onetes i dos timbals. Concretament diu : &#8221; L&#8217;estudi de la m\u00fasica \u00e9s una de les millors maneres d\u2019aprendre quelcom sobre la natura humana&#8230; Educar significa preparar els infants a la vida adulta : ensenyar-los a comportar-se i ajudar-los a comprendre quin genere de \u00e9ssers humans volen ser. La resta \u00e9s informaci\u00f3 que es pot aprendre d&#8217;una manera molt senzilla. Per tocar b\u00e9 un instrument s&#8217;ha de produir un equilibri entre el cap, el cor i l&#8217;estomac. Si un dels tres no est\u00e0 present, no funciona. Quina cosa millor que la m\u00fasica pot servir-nos per ensenyar a un infant com es fa per convertir-se en home?&#8221;.<\/p>\n<p>I ara m&#8217;en vaig a escoltar al Barenboim en un disc delici\u00f3s de m\u00fasica argentina, no \u00fanicament  tangos, acompanyat de Rodolfo Mederos al bandone\u00f3 i Hector Console al contrabaix. Boccato di cardinale!<\/p>\n","protected":false},"excerpt":{"rendered":"<p>El pianista i director d&#8217;orquestra Daniel Baremboim, \u00e9s una de les personalitats del m\u00f3n cultural m\u00e9s interessants en aspectes que fins i tot ultrapassen la seva activitat musical. Nascut a l&#8217;Argentina de pares jueus emigrats, ha actuat arreu del m\u00f3n i a fundat la West-Eastern Divan Orchestra de la que fan part joves m\u00fasics d&#8217;Israel, [&hellip;]<\/p>\n","protected":false},"author":126,"featured_media":0,"comment_status":"closed","ping_status":"closed","sticky":false,"template":"","format":"standard","meta":{"jetpack_post_was_ever_published":false,"_jetpack_newsletter_access":"","_jetpack_dont_email_post_to_subs":false,"_jetpack_newsletter_tier_id":0,"_jetpack_memberships_contains_paywalled_content":false,"_jetpack_memberships_contains_paid_content":false,"footnotes":"","jetpack_publicize_message":"","jetpack_publicize_feature_enabled":true,"jetpack_social_post_already_shared":false,"jetpack_social_options":{"image_generator_settings":{"template":"highway","default_image_id":0,"font":"","enabled":false},"version":2}},"categories":[1],"tags":[],"class_list":["post-223","post","type-post","status-publish","format-standard","hentry","category-general"],"jetpack_publicize_connections":[],"jetpack_featured_media_url":"","jetpack-related-posts":[{"id":136,"url":"https:\/\/blogs.avui.cat\/botonier\/2009\/01\/01\/l%e2%80%99any-nou-i-el-concert\/","url_meta":{"origin":223,"position":0},"title":"L\u2019Any Nou i el Concert","author":"Ramon Boixet","date":"1 gener 2009","format":false,"excerpt":"Quan escric aquestes impressions falta molt poc perqu\u00e8 comenci a Viena el Concert d\u2019Any Nou que es retransmet per radio i televisi\u00f3 a tot el m\u00f3n.Ja fa molts, molts anys que \u00e9s la meva manera d\u2019entrar al nou any, comen\u00e7ant en els temps on sempre dirigia Willy Boskoswski fins els\u2026","rel":"","context":"A &quot;General&quot;","block_context":{"text":"General","link":"https:\/\/blogs.avui.cat\/botonier\/category\/general\/"},"img":{"alt_text":"","src":"","width":0,"height":0},"classes":[]},{"id":138,"url":"https:\/\/blogs.avui.cat\/botonier\/2009\/01\/03\/la-musica-i-les-proporcions\/","url_meta":{"origin":223,"position":1},"title":"La m\u00fasica i les proporcions","author":"Ramon Boixet","date":"3 gener 2009","format":false,"excerpt":"No \u00e9s possible entendre el m\u00f3n de la creaci\u00f3 art\u00edstica sense la m\u00fasica. La m\u00fasica, en el sentit ampli i no sols sonor o ac\u00fastic, \u00e9s a la base de totes les manifestacions art\u00edstiques. Els antics grecs assignaven a cada una de les arts una musa; la de la m\u00fasica\u2026","rel":"","context":"A &quot;General&quot;","block_context":{"text":"General","link":"https:\/\/blogs.avui.cat\/botonier\/category\/general\/"},"img":{"alt_text":"","src":"","width":0,"height":0},"classes":[]},{"id":397,"url":"https:\/\/blogs.avui.cat\/botonier\/2009\/11\/26\/savall-musica\/","url_meta":{"origin":223,"position":2},"title":"Savall = M\u00fasica","author":"Ramon Boixet","date":"26 novembre 2009","format":false,"excerpt":"La sortida al mercat del segon CD d\u2019Arianna Savall, em permet que avui parlem dels Savall, de la fam\u00edlia musical Savall. Els pares d\u2019Arianna, Jordi Savall i Montserrat Figueras, han assolit a nivell mundial un lloc privilegiat i han fet descobrir a molts mel\u00f2mans m\u00fasiques medievals i del barroc poc\u2026","rel":"","context":"A &quot;General&quot;","block_context":{"text":"General","link":"https:\/\/blogs.avui.cat\/botonier\/category\/general\/"},"img":{"alt_text":"","src":"","width":0,"height":0},"classes":[]},{"id":6,"url":"https:\/\/blogs.avui.cat\/botonier\/2008\/01\/14\/els-himnes-nacionals-1\/","url_meta":{"origin":223,"position":3},"title":"Els himnes nacionals (1)","author":"Ramon Boixet","date":"14 gener 2008","format":false,"excerpt":"Estic llegint els darrers temps, sobretot als diaris d\u2019Espanya, moltes opinions sobre el tema de la lletra de l\u2019Himne Nacional Espanyol . Es molt curi\u00f3s que l\u2019iniciativa de posar lletra vingui d\u2019un estament esportiu. Probablement perqu\u00e8 l\u2019esport \u00e9s encara l\u2019\u00fanica cosa que permet a molta gent demostrar un cert tipus\u2026","rel":"","context":"A &quot;General&quot;","block_context":{"text":"General","link":"https:\/\/blogs.avui.cat\/botonier\/category\/general\/"},"img":{"alt_text":"","src":"","width":0,"height":0},"classes":[]},{"id":357,"url":"https:\/\/blogs.avui.cat\/botonier\/2009\/09\/19\/la-nissaga-dels-millet\/","url_meta":{"origin":223,"position":4},"title":"La nissaga dels Millet","author":"Ramon Boixet","date":"19 setembre 2009","format":false,"excerpt":"Els tribunals decidiran sobre el desviament de 3,3 milions d\u2019euros per al benefici personal de F\u00e8lix Millet. Com que tots els fets anteriors a l\u2019any 2004 han prescrit, segurament la sentencia ser\u00e0 lleu i avui pau i dem\u00e0 gloria. El senyor (\u00e9s un dir) F\u00e8lix Millet i Tusell fa part\u2026","rel":"","context":"A &quot;General&quot;","block_context":{"text":"General","link":"https:\/\/blogs.avui.cat\/botonier\/category\/general\/"},"img":{"alt_text":"","src":"","width":0,"height":0},"classes":[]},{"id":102,"url":"https:\/\/blogs.avui.cat\/botonier\/2008\/12\/01\/l%e2%80%99importancia-de-lo-insignificant\/","url_meta":{"origin":223,"position":5},"title":"L\u2019import\u00e0ncia de lo insignificant","author":"Ramon Boixet","date":"1 desembre 2008","format":false,"excerpt":"Dins les conjunt d\u2019una orquestra simf\u00f2nica, un dels instruments m\u00e9s petits i aparentment insignificants \u00e9s el triangle. Una barra d\u2019acer doblegada en forma de triangle que no es tanca del tot, subjectada amb un cord\u00f3 i que es toca donat cops amb un barra recta, tamb\u00e9 d\u2019acer. Moltes escoles i\u2026","rel":"","context":"A &quot;General&quot;","block_context":{"text":"General","link":"https:\/\/blogs.avui.cat\/botonier\/category\/general\/"},"img":{"alt_text":"","src":"","width":0,"height":0},"classes":[]}],"jetpack_sharing_enabled":true,"jetpack_likes_enabled":true,"_links":{"self":[{"href":"https:\/\/blogs.avui.cat\/botonier\/wp-json\/wp\/v2\/posts\/223","targetHints":{"allow":["GET"]}}],"collection":[{"href":"https:\/\/blogs.avui.cat\/botonier\/wp-json\/wp\/v2\/posts"}],"about":[{"href":"https:\/\/blogs.avui.cat\/botonier\/wp-json\/wp\/v2\/types\/post"}],"author":[{"embeddable":true,"href":"https:\/\/blogs.avui.cat\/botonier\/wp-json\/wp\/v2\/users\/126"}],"replies":[{"embeddable":true,"href":"https:\/\/blogs.avui.cat\/botonier\/wp-json\/wp\/v2\/comments?post=223"}],"version-history":[{"count":3,"href":"https:\/\/blogs.avui.cat\/botonier\/wp-json\/wp\/v2\/posts\/223\/revisions"}],"predecessor-version":[{"id":3107,"href":"https:\/\/blogs.avui.cat\/botonier\/wp-json\/wp\/v2\/posts\/223\/revisions\/3107"}],"wp:attachment":[{"href":"https:\/\/blogs.avui.cat\/botonier\/wp-json\/wp\/v2\/media?parent=223"}],"wp:term":[{"taxonomy":"category","embeddable":true,"href":"https:\/\/blogs.avui.cat\/botonier\/wp-json\/wp\/v2\/categories?post=223"},{"taxonomy":"post_tag","embeddable":true,"href":"https:\/\/blogs.avui.cat\/botonier\/wp-json\/wp\/v2\/tags?post=223"}],"curies":[{"name":"wp","href":"https:\/\/api.w.org\/{rel}","templated":true}]}}