{"id":222,"date":"2009-04-06T08:29:00","date_gmt":"2009-04-06T06:29:00","guid":{"rendered":"http:\/\/blogs.avui.cat\/botonier\/2009\/04\/06\/italia-sempre\/"},"modified":"2013-06-19T09:49:47","modified_gmt":"2013-06-19T08:49:47","slug":"italia-sempre","status":"publish","type":"post","link":"https:\/\/blogs.avui.cat\/botonier\/2009\/04\/06\/italia-sempre\/","title":{"rendered":"It\u00e0lia sempre"},"content":{"rendered":"<p><a href=\"https:\/\/i0.wp.com\/3.bp.blogspot.com\/_gS2A8TwyupA\/Sdmh0Ba7dkI\/AAAAAAAAAhg\/AHYApVeRWNs\/s1600-h\/Como.JPG\"><img data-recalc-dims=\"1\" decoding=\"async\" src=\"https:\/\/i0.wp.com\/3.bp.blogspot.com\/_gS2A8TwyupA\/Sdmh0Ba7dkI\/AAAAAAAAAhg\/AHYApVeRWNs\/s200\/Como.JPG\" border=\"0\" \/><\/a><\/p>\n<p>Acabo d&#8217;arribar d&#8217;un curt viatge al Nord d&#8217;Italia. Res d&#8217;extraordinari si tenim en compte que Mil\u00e0 est\u00e0 a 3 hores de cotxe de casa i aix\u00f2 em permet de fer un parell de viatges cada any a un del pa\u00efsos que m\u00e9s a gust visito. <\/p>\n<p>Ja ho he dit alguna vegada : si It\u00e0lia fos una empresa, ja fa molts anys que hauria desaparegut. Amb una economia interna molt mal distribu\u00efda, amb un Nord ric i un Sud mig oblidat, amb una classe pol\u00edtica a Roma que moltes vegades passa al costat del problemes per fer pol\u00edtica de partit, amb un tipus de govern que permet, sobretot en el passat, d&#8217;estar mesos i mesos sense Primer Ministre etc. etc.. <\/p>\n<p>Malgrat tot, segueixen endavant, es queixen i fins i tot fan burla del Berlusconi, per\u00f2 el voten. En general la gent vesteix b\u00e9, a taula tot \u00e9s abundant, estimen els cotxes i els luxes i, almenys formalment, tot respira prosperitat. Mirant una mica \u00e9s el fons de les coses la crisi es fa notar, les obres publiquen no funcionen, moltes empreses estan tancades i una emigraci\u00f3 il\u2022legal, envaeix els parcs p\u00fablics, els carrers i el aparcaments amb l&#8217;excusa de vigilar-te el cotxe, o de vendre CD&#8217;s copiats o simplement demanant caritat. <\/p>\n<p>El paper d&#8217;It\u00e0lia a les reunions de la setmana passada va ser molt secundari. Berlusconi va patir molt per no assolir cap paper principal i fins i tot va donar senyals de malhumorat i poca correcci\u00f3. Amb tot, It\u00e0lia ocupa un lloc internacional m\u00e9s important que Espanya, per molt que els diaris de l&#8217;Estat intentin de fer creure que el President Rodriguez fa part de la elit mundial.<\/p>\n<p>I la Terra que no perdona : al terratr\u00e8mol que ha afectat la regi\u00f3 de L&#8217;Aquila fa poques hores ens obliga a donar a tot el seu valor real. Solidaritat amb els que pateixen i admiraci\u00f3 per un pa\u00eds que sap fer les coses sense ni tan sols proposar-s&#8217;ho.<\/p>\n","protected":false},"excerpt":{"rendered":"<p>Acabo d&#8217;arribar d&#8217;un curt viatge al Nord d&#8217;Italia. Res d&#8217;extraordinari si tenim en compte que Mil\u00e0 est\u00e0 a 3 hores de cotxe de casa i aix\u00f2 em permet de fer un parell de viatges cada any a un del pa\u00efsos que m\u00e9s a gust visito. Ja ho he dit alguna vegada : si It\u00e0lia fos [&hellip;]<\/p>\n","protected":false},"author":126,"featured_media":0,"comment_status":"closed","ping_status":"closed","sticky":false,"template":"","format":"standard","meta":{"jetpack_post_was_ever_published":false,"_jetpack_newsletter_access":"","_jetpack_dont_email_post_to_subs":false,"_jetpack_newsletter_tier_id":0,"_jetpack_memberships_contains_paywalled_content":false,"_jetpack_memberships_contains_paid_content":false,"footnotes":"","jetpack_publicize_message":"","jetpack_publicize_feature_enabled":true,"jetpack_social_post_already_shared":false,"jetpack_social_options":{"image_generator_settings":{"template":"highway","default_image_id":0,"font":"","enabled":false},"version":2}},"categories":[1],"tags":[],"class_list":["post-222","post","type-post","status-publish","format-standard","hentry","category-general"],"jetpack_publicize_connections":[],"jetpack_featured_media_url":"","jetpack-related-posts":[{"id":65,"url":"https:\/\/blogs.avui.cat\/botonier\/2008\/09\/04\/italia-sorpren\/","url_meta":{"origin":222,"position":0},"title":"It\u00e0lia sorpr\u00e8n","author":"Ramon Boixet","date":"4 setembre 2008","format":false,"excerpt":"Tres o quatre vegades a l'any visito el nord d'It\u00e0lia (visc a menys de tres hores de cotxe de Mil\u00e0). \u00c9s una regi\u00f3 rica, i per tant disposa d'uns elements socioecon\u00f2mics que no tenen altres regions italianes. La gran densitat d'empreses situades en pobles petits, alternant amb una agricultura pr\u00f2spera,\u2026","rel":"","context":"A &quot;General&quot;","block_context":{"text":"General","link":"https:\/\/blogs.avui.cat\/botonier\/category\/general\/"},"img":{"alt_text":"","src":"","width":0,"height":0},"classes":[]},{"id":104,"url":"https:\/\/blogs.avui.cat\/botonier\/2008\/12\/03\/els-accidents-evitables\/","url_meta":{"origin":222,"position":1},"title":"Els accidents evitables","author":"Ramon Boixet","date":"3 desembre 2008","format":false,"excerpt":"L\u2019increment exponencial d\u2019accidents de cotxes sobretot els caps de setmana, amb joves al volant i \u2013cada vegada m\u00e9s- amb motors modificats, ha alarmat les autoritats su\u00efsses. No \u00e9s lamentablement un problema exclusiu de Su\u00efssa ja que arreu del m\u00f3n aquest tipus de fets s\u00f3n similars.Dues mesures \u00e9s volen posar r\u00e0pidament\u2026","rel":"","context":"A &quot;General&quot;","block_context":{"text":"General","link":"https:\/\/blogs.avui.cat\/botonier\/category\/general\/"},"img":{"alt_text":"","src":"","width":0,"height":0},"classes":[]},{"id":75,"url":"https:\/\/blogs.avui.cat\/botonier\/2008\/10\/13\/la-desmemoria-historica\/","url_meta":{"origin":222,"position":2},"title":"La (des)mem\u00f2ria hist\u00f2rica","author":"Ramon Boixet","date":"13 octubre 2008","format":false,"excerpt":"La revista d'un diari dominical publicava ahir un reportatge sobre el su\u00efs Eolo Morenzoni, de 83 anys, antic lluitador de les Brigades Internacionals a la guerra del 36. \u00c9s interessant constatar que als anys 30 Su\u00efssa observava amb preocupaci\u00f3 la pujada del nazisme a Alemanya i del feixisme a It\u00e0lia,\u2026","rel":"","context":"A &quot;General&quot;","block_context":{"text":"General","link":"https:\/\/blogs.avui.cat\/botonier\/category\/general\/"},"img":{"alt_text":"","src":"","width":0,"height":0},"classes":[]},{"id":114,"url":"https:\/\/blogs.avui.cat\/botonier\/2008\/12\/12\/%e2%80%9cnecessito-adrenalina%e2%80%9d\/","url_meta":{"origin":222,"position":3},"title":"\u201cNecessito adrenalina!\u201d","author":"Ramon Boixet","date":"12 desembre 2008","format":false,"excerpt":"L\u2019acusat, de 28 anys d\u2019edat, es va presentar davant la jutgessa vestit amb un abric negre, curt i cordat fins a dalt i amb el coll aixecat, com si el judici an\u00e9s a durar nom\u00e9s uns minuts i no valgu\u00e9s la pena posar-se c\u00f2mode. \u201e Jo no tenia intencions de\u2026","rel":"","context":"A &quot;General&quot;","block_context":{"text":"General","link":"https:\/\/blogs.avui.cat\/botonier\/category\/general\/"},"img":{"alt_text":"","src":"","width":0,"height":0},"classes":[]},{"id":1054,"url":"https:\/\/blogs.avui.cat\/botonier\/2012\/03\/10\/solucions-ara\/","url_meta":{"origin":222,"position":4},"title":"Solucions, ara","author":"Ramon Boixet","date":"10 mar\u00e7 2012","format":false,"excerpt":"El malestar de molts catalans envers les actituds repetidament despectives que Espanya regularment ens etziba, tant en assumptes pol\u00edtics com econ\u00f2mics i fins i tot culturals, fa que cada vegada amb m\u00e9s for\u00e7a es plantegin p\u00fablicament sortides a aquest encal\u00e7 continu. Norman Davies \u00e9s un escriptor brit\u00e0nic, especialista en hist\u00f2ria\u2026","rel":"","context":"A &quot;General&quot;","block_context":{"text":"General","link":"https:\/\/blogs.avui.cat\/botonier\/category\/general\/"},"img":{"alt_text":"","src":"https:\/\/i0.wp.com\/blogs.avui.cat\/botonier\/files\/2012\/03\/200228-Lawine-150x150.jpg?resize=350%2C200","width":350,"height":200},"classes":[]},{"id":3520,"url":"https:\/\/blogs.avui.cat\/botonier\/2020\/08\/24\/algu-creu-en-europa\/","url_meta":{"origin":222,"position":5},"title":"Alg\u00fa creu en Europa ?","author":"Ramon Boixet","date":"24 agost 2020","format":false,"excerpt":"\u00a0 Amb una certa regularitat, alguns pol\u00edtics de casa nostra parlen de portar a Europa el problema catal\u00e0, que vol dir portar-hi el dret a la independ\u00e8ncia partint d'un refer\u00e8ndum legal. Aquest refer\u00e8ndum, que Espanya nega mani qui mani a Madrid, suposa un argument democr\u00e0tic amb la convicci\u00f3 que cada\u2026","rel":"","context":"A &quot;General&quot;","block_context":{"text":"General","link":"https:\/\/blogs.avui.cat\/botonier\/category\/general\/"},"img":{"alt_text":"","src":"https:\/\/i0.wp.com\/blogs.avui.cat\/botonier\/files\/2020\/08\/images-150x150.jpeg?resize=350%2C200","width":350,"height":200},"classes":[]}],"jetpack_sharing_enabled":true,"jetpack_likes_enabled":true,"_links":{"self":[{"href":"https:\/\/blogs.avui.cat\/botonier\/wp-json\/wp\/v2\/posts\/222","targetHints":{"allow":["GET"]}}],"collection":[{"href":"https:\/\/blogs.avui.cat\/botonier\/wp-json\/wp\/v2\/posts"}],"about":[{"href":"https:\/\/blogs.avui.cat\/botonier\/wp-json\/wp\/v2\/types\/post"}],"author":[{"embeddable":true,"href":"https:\/\/blogs.avui.cat\/botonier\/wp-json\/wp\/v2\/users\/126"}],"replies":[{"embeddable":true,"href":"https:\/\/blogs.avui.cat\/botonier\/wp-json\/wp\/v2\/comments?post=222"}],"version-history":[{"count":3,"href":"https:\/\/blogs.avui.cat\/botonier\/wp-json\/wp\/v2\/posts\/222\/revisions"}],"predecessor-version":[{"id":3108,"href":"https:\/\/blogs.avui.cat\/botonier\/wp-json\/wp\/v2\/posts\/222\/revisions\/3108"}],"wp:attachment":[{"href":"https:\/\/blogs.avui.cat\/botonier\/wp-json\/wp\/v2\/media?parent=222"}],"wp:term":[{"taxonomy":"category","embeddable":true,"href":"https:\/\/blogs.avui.cat\/botonier\/wp-json\/wp\/v2\/categories?post=222"},{"taxonomy":"post_tag","embeddable":true,"href":"https:\/\/blogs.avui.cat\/botonier\/wp-json\/wp\/v2\/tags?post=222"}],"curies":[{"name":"wp","href":"https:\/\/api.w.org\/{rel}","templated":true}]}}