{"id":221,"date":"2009-04-03T06:02:00","date_gmt":"2009-04-03T04:02:00","guid":{"rendered":"http:\/\/blogs.avui.cat\/botonier\/2009\/04\/03\/el-llenguatge-en-temps-de-maror\/"},"modified":"2013-06-19T09:49:48","modified_gmt":"2013-06-19T08:49:48","slug":"el-llenguatge-en-temps-de-maror","status":"publish","type":"post","link":"https:\/\/blogs.avui.cat\/botonier\/2009\/04\/03\/el-llenguatge-en-temps-de-maror\/","title":{"rendered":"El llenguatge en temps de maror"},"content":{"rendered":"<p><a href=\"https:\/\/i0.wp.com\/1.bp.blogspot.com\/_gS2A8TwyupA\/SdWLTypKfdI\/AAAAAAAAAhY\/ZKBoVBrlFm8\/s1600-h\/Periodista%2BDigital.JPG\"><img data-recalc-dims=\"1\" decoding=\"async\" src=\"https:\/\/i0.wp.com\/1.bp.blogspot.com\/_gS2A8TwyupA\/SdWLTypKfdI\/AAAAAAAAAhY\/ZKBoVBrlFm8\/s200\/Periodista%2BDigital.JPG\" border=\"0\" \/><\/a><\/p>\n<p>Els moments que ara vivim, amb una permanent ombra de por per culpa del sistema financer, han donat sortida a un allau de males maneres, de paraules poc educades i d\u2019 actituds fins ara poc vistes.<\/p>\n<p>Sembla com si tothom port\u00e9s a l&#8217;interior un exc\u00e9s de frustracions, de decepcions i de ganes de cridar i que tot junt \u00e9s com una bombona amb sobrepressi\u00f3, que d\u2019un moment  a l&#8217;altre pot explotar.<\/p>\n<p>Casualment ahir vaig veure a Internet la portada d\u2019un diari que no \u00e9s dels que regularment consulto : Periodista Digital. Els resum de noticies a la primera p\u00e0gina ens dona una visi\u00f3 negativa, quasi destructiva, de la que s\u00f3n exemple els seg\u00fcents titulars:<\/p>\n<p><strong>-Aguirre corta otra cabeza por el caso G\u00fcrtel<br \/>\n-La soberbia de Zapatero le pasa factura. La prensa alemana sacude a ZP.<br \/>\n-La Generalitat inyecta 130.000\u20ac al diario que llam\u00f3 &#8220;terrorista&#8221; a Losantos<br \/>\n-Hamilton descalificado por mentiroso<br \/>\n-Bronca en el Congreso: Celia Villalobos llama \u201cladr\u00f3n\u201d a un diputado del PSOE<\/strong><\/p>\n<p>Soc perfectament conscient que les mateixes noticies es poden titular amb altres mots i que cada diari t\u00e9 un estil i una tend\u00e8ncia que, vulguin o no, es fa notar.<\/p>\n<p>Malgrat tot, si aquesta portada amb les noticies la  llegeixo al mat\u00ed del llit estant, el m\u00e9s probable es que decid\u00eds no llevar-me i esperar que escampi.<\/p>\n","protected":false},"excerpt":{"rendered":"<p>Els moments que ara vivim, amb una permanent ombra de por per culpa del sistema financer, han donat sortida a un allau de males maneres, de paraules poc educades i d\u2019 actituds fins ara poc vistes. Sembla com si tothom port\u00e9s a l&#8217;interior un exc\u00e9s de frustracions, de decepcions i de ganes de cridar i [&hellip;]<\/p>\n","protected":false},"author":126,"featured_media":0,"comment_status":"closed","ping_status":"closed","sticky":false,"template":"","format":"standard","meta":{"jetpack_post_was_ever_published":false,"_jetpack_newsletter_access":"","_jetpack_dont_email_post_to_subs":false,"_jetpack_newsletter_tier_id":0,"_jetpack_memberships_contains_paywalled_content":false,"_jetpack_memberships_contains_paid_content":false,"footnotes":"","jetpack_publicize_message":"","jetpack_publicize_feature_enabled":true,"jetpack_social_post_already_shared":false,"jetpack_social_options":{"image_generator_settings":{"template":"highway","default_image_id":0,"font":"","enabled":false},"version":2}},"categories":[1],"tags":[],"class_list":["post-221","post","type-post","status-publish","format-standard","hentry","category-general"],"jetpack_publicize_connections":[],"jetpack_featured_media_url":"","jetpack-related-posts":[{"id":3514,"url":"https:\/\/blogs.avui.cat\/botonier\/2020\/08\/06\/no-no-escriure-contra-la-monarquia\/","url_meta":{"origin":221,"position":0},"title":"No, no escriur\u00e9 contra la monarquia &#8230;","author":"Ramon Boixet","date":"6 agost 2020","format":false,"excerpt":"...\u00a0perqu\u00e8\u00a0\u00e9s molt f\u00e0cil, en els moments actuals, fer llenya d'una instituci\u00f3 que ella mateixa ha fet el necessari per enfonsar-se. No, no em preguntar\u00e9 si ser rei, sense cap m\u00e8rit m\u00e9s que ser fill del seu pare, \u00e9s un motiu suficient per sentir-se \u00fatil i salvador de la p\u00e0tria. No,\u2026","rel":"","context":"A &quot;General&quot;","block_context":{"text":"General","link":"https:\/\/blogs.avui.cat\/botonier\/category\/general\/"},"img":{"alt_text":"","src":"https:\/\/i0.wp.com\/blogs.avui.cat\/botonier\/files\/2020\/08\/Tron.jpg?resize=350%2C200","width":350,"height":200},"classes":[]},{"id":105,"url":"https:\/\/blogs.avui.cat\/botonier\/2008\/12\/03\/lestatut-descolorit\/","url_meta":{"origin":221,"position":1},"title":"L&#8217;Estatut, descolorit","author":"Ramon Boixet","date":"3 desembre 2008","format":false,"excerpt":"El Tribunal Constitucional segueix a l'espera d'un moment pol\u00edticament oport\u00fa per fer publiques les retallades al Estatut. Mentrestant, la finan\u00e7ament no acaba d'arribar malgrat els terminis que el govern de Madrid posa i que ell mateix es salta \u201c a la torera\u201d mai tant ben dit. I els partits?. El\u2026","rel":"","context":"A &quot;General&quot;","block_context":{"text":"General","link":"https:\/\/blogs.avui.cat\/botonier\/category\/general\/"},"img":{"alt_text":"","src":"","width":0,"height":0},"classes":[]},{"id":462,"url":"https:\/\/blogs.avui.cat\/botonier\/2010\/02\/22\/redescrobir-els-diaris-de-paper\/","url_meta":{"origin":221,"position":2},"title":"Redescrobir els diaris (de paper)","author":"Ramon Boixet","date":"22 febrer 2010","format":false,"excerpt":"Estic passant uns pocs dies a Catalunya, aprofitant que a Manresa s\u00f3n les Festes de la Misteriosa Llum i per recordar que fa exactament 45 anys vaig ser junt amb cinc amics, Administrador d'aquestes Festes, cosa que omple d'orgull a tot manres\u00e0.Tota la vida he llegit diaris, per\u00f2 el fet\u2026","rel":"","context":"A &quot;General&quot;","block_context":{"text":"General","link":"https:\/\/blogs.avui.cat\/botonier\/category\/general\/"},"img":{"alt_text":"","src":"","width":0,"height":0},"classes":[]},{"id":661,"url":"https:\/\/blogs.avui.cat\/botonier\/2008\/12\/03\/lestatut-descolorit-2\/","url_meta":{"origin":221,"position":3},"title":"L&#8217;Estatut, descolorit","author":"Ramon Boixet","date":"3 desembre 2008","format":false,"excerpt":"El Tribunal Constitucional segueix a l'espera d'un moment pol\u00edticament oport\u00fa per fer publiques les retallades al Estatut. Mentrestant, la finan\u00e7ament no acaba d'arribar malgrat els terminis que el govern de Madrid posa i que ell mateix es salta \u201c a la torera\u201d mai tant ben dit. I els partits?. El\u2026","rel":"","context":"A &quot;General&quot;","block_context":{"text":"General","link":"https:\/\/blogs.avui.cat\/botonier\/category\/general\/"},"img":{"alt_text":"","src":"","width":0,"height":0},"classes":[]},{"id":353,"url":"https:\/\/blogs.avui.cat\/botonier\/2009\/09\/14\/tenim-rao\/","url_meta":{"origin":221,"position":4},"title":"Tenim ra\u00f3","author":"Ramon Boixet","date":"14 setembre 2009","format":false,"excerpt":"Arenys de Munt va ser ahir el centre de la pol\u00edtica catalana i, per afegiment, la diana dels dards de la premsa espanyola tal com es pot constatar aquest mati consultant els diaris.Els resultats poden ser interpretats, com sempre, de moltes maneres. Per alguns, un 41 per cent del cens\u2026","rel":"","context":"A &quot;General&quot;","block_context":{"text":"General","link":"https:\/\/blogs.avui.cat\/botonier\/category\/general\/"},"img":{"alt_text":"","src":"","width":0,"height":0},"classes":[]},{"id":143,"url":"https:\/\/blogs.avui.cat\/botonier\/2009\/01\/08\/topics-tipics-de-suissa-i-5-apunts-finals\/","url_meta":{"origin":221,"position":5},"title":"T\u00f2pics t\u00edpics de Su\u00efssa : i 5. Apunts finals","author":"Ramon Boixet","date":"8 gener 2009","format":false,"excerpt":"Les darrers quatre entrades les he dedicat de manera molt esquem\u00e0tica per raons d\u2019espai a glosar els principals t\u00f2pics que s\u2019acostumen a tenir sobre Su\u00efssa.En realitat en podria haver fet quatre entrades m\u00e9s, per\u00f2 no vull atabalar els pacients lectors i de moment, ja n\u2019hi ha prou. Encara que, per\u2026","rel":"","context":"A &quot;General&quot;","block_context":{"text":"General","link":"https:\/\/blogs.avui.cat\/botonier\/category\/general\/"},"img":{"alt_text":"","src":"","width":0,"height":0},"classes":[]}],"jetpack_sharing_enabled":true,"jetpack_likes_enabled":true,"_links":{"self":[{"href":"https:\/\/blogs.avui.cat\/botonier\/wp-json\/wp\/v2\/posts\/221","targetHints":{"allow":["GET"]}}],"collection":[{"href":"https:\/\/blogs.avui.cat\/botonier\/wp-json\/wp\/v2\/posts"}],"about":[{"href":"https:\/\/blogs.avui.cat\/botonier\/wp-json\/wp\/v2\/types\/post"}],"author":[{"embeddable":true,"href":"https:\/\/blogs.avui.cat\/botonier\/wp-json\/wp\/v2\/users\/126"}],"replies":[{"embeddable":true,"href":"https:\/\/blogs.avui.cat\/botonier\/wp-json\/wp\/v2\/comments?post=221"}],"version-history":[{"count":3,"href":"https:\/\/blogs.avui.cat\/botonier\/wp-json\/wp\/v2\/posts\/221\/revisions"}],"predecessor-version":[{"id":3109,"href":"https:\/\/blogs.avui.cat\/botonier\/wp-json\/wp\/v2\/posts\/221\/revisions\/3109"}],"wp:attachment":[{"href":"https:\/\/blogs.avui.cat\/botonier\/wp-json\/wp\/v2\/media?parent=221"}],"wp:term":[{"taxonomy":"category","embeddable":true,"href":"https:\/\/blogs.avui.cat\/botonier\/wp-json\/wp\/v2\/categories?post=221"},{"taxonomy":"post_tag","embeddable":true,"href":"https:\/\/blogs.avui.cat\/botonier\/wp-json\/wp\/v2\/tags?post=221"}],"curies":[{"name":"wp","href":"https:\/\/api.w.org\/{rel}","templated":true}]}}