{"id":218,"date":"2009-04-01T08:37:00","date_gmt":"2009-04-01T06:37:00","guid":{"rendered":"http:\/\/blogs.avui.cat\/botonier\/2009\/04\/01\/les-regles-de-la-monarquia\/"},"modified":"2013-06-19T09:49:48","modified_gmt":"2013-06-19T08:49:48","slug":"les-regles-de-la-monarquia","status":"publish","type":"post","link":"https:\/\/blogs.avui.cat\/botonier\/2009\/04\/01\/les-regles-de-la-monarquia\/","title":{"rendered":"Les regles de la monarquia"},"content":{"rendered":"<p><a href=\"https:\/\/i0.wp.com\/4.bp.blogspot.com\/_gS2A8TwyupA\/SdMLxaC1kEI\/AAAAAAAAAhA\/w0aoxFuImOI\/s1600-h\/Monarchie.JPG\"><img data-recalc-dims=\"1\" decoding=\"async\" src=\"https:\/\/i0.wp.com\/4.bp.blogspot.com\/_gS2A8TwyupA\/SdMLxaC1kEI\/AAAAAAAAAhA\/w0aoxFuImOI\/s200\/Monarchie.JPG\" border=\"0\" \/><\/a><\/p>\n<p>El Primer Ministre brit\u00e0nic Gordon Brown ha parlat, una vegada m\u00e9s, de les previstes modificacions de les normes de successi\u00f3 de la monaquia brit\u00e0nica. Una d&#8217;elles pot interessar a Espanya, per\u00f2 aqu\u00ed muts i la g\u00e0bia. <\/p>\n<p>El senyor Brown, amb la condescend\u00e8ncia de Palau vol portar a discussi\u00f3 en una reuni\u00f3 dels pa\u00efsos de la Commonwealth el mes de novembre la possibilitat que les dones tinguin el mateix dret a la successi\u00f3 que els homes, i que els que ocupin el tron puguin casar-se amb cat\u00f2lics sense el risc de perdre la seva posici\u00f3. <\/p>\n<p>Gordon Brown ha estat molt clar al dir que el tema \u00e9s complexe perqu\u00e8 es basa en lleis del 1701 i tocar la tradici\u00f3 no \u00e9s un cam\u00ed f\u00e0cil per\u00f2 al segle XXI la gent espera que les discriminacions s&#8217;eliminin. <br \/>Un 80% del brit\u00e0nics sembla que est\u00e0 d&#8217;acord en fer les reformes proposades, segons una enquesta de la BBC. La reforma necessitaria l&#8217;acord dels 15 membres de la Commonwealth que tenen a la Reina Elisabeth II com a cap d&#8217;Estat. El mateix Pr\u00edncep Charles \u00e9s, segons la BBC, partidari de les reformes i est\u00e0 en tot cas disposat a realitzar-les quan pugi al tron que ara per ara ocupa la seva mare. <\/p>\n<p>M\u00e9s enll\u00e0 de les reformes, els brit\u00e0nics no semblen disposats a discutir l&#8217;exist\u00e8ncia de la monarquia con a forma d&#8217;Estat. A Espanya no \u00e9s f\u00e0cil de saber l&#8217;opini\u00f3 efectiva de la gent perqu\u00e8 ning\u00fa gosa tocar el tema Monarquia amb claredat, ni tant sols el republicans.<\/p>\n<p>De totes maneres, recomano als lectors que vagin a la p\u00e0gina www.casareal.es i mirin amb detall l&#8217;agenda del Rei. El m\u00e9s de Febrer va tenir una mica de feina 12 dies i el m\u00e9s de mar\u00e7 13 dies. Parlo de feina, per\u00f2 millor seria dir activitats. No est\u00e0 malament com a treball, i molt ben pagat. Per\u00f3 clar, com diuen molts del seus s\u00fabdits, el tema monarquia &#8220;es mejor no meneallo&#8221;.<\/p>\n","protected":false},"excerpt":{"rendered":"<p>El Primer Ministre brit\u00e0nic Gordon Brown ha parlat, una vegada m\u00e9s, de les previstes modificacions de les normes de successi\u00f3 de la monaquia brit\u00e0nica. Una d&#8217;elles pot interessar a Espanya, per\u00f2 aqu\u00ed muts i la g\u00e0bia. El senyor Brown, amb la condescend\u00e8ncia de Palau vol portar a discussi\u00f3 en una reuni\u00f3 dels pa\u00efsos de la [&hellip;]<\/p>\n","protected":false},"author":126,"featured_media":0,"comment_status":"closed","ping_status":"closed","sticky":false,"template":"","format":"standard","meta":{"jetpack_post_was_ever_published":false,"_jetpack_newsletter_access":"","_jetpack_dont_email_post_to_subs":false,"_jetpack_newsletter_tier_id":0,"_jetpack_memberships_contains_paywalled_content":false,"_jetpack_memberships_contains_paid_content":false,"footnotes":"","jetpack_publicize_message":"","jetpack_publicize_feature_enabled":true,"jetpack_social_post_already_shared":false,"jetpack_social_options":{"image_generator_settings":{"template":"highway","default_image_id":0,"font":"","enabled":false},"version":2}},"categories":[1],"tags":[],"class_list":["post-218","post","type-post","status-publish","format-standard","hentry","category-general"],"jetpack_publicize_connections":[],"jetpack_featured_media_url":"","jetpack-related-posts":[{"id":653,"url":"https:\/\/blogs.avui.cat\/botonier\/2008\/05\/05\/monarquia-non-grata-2\/","url_meta":{"origin":218,"position":0},"title":"Monarquia &#034;non grata&#034; ?","author":"Ramon Boixet","date":"5 maig 2008","format":false,"excerpt":"La darrera setmana vaig llegir dues noticies que, potser per culpa del pont i de la relativa discreci\u00f3 dels encarregats de publicar-les, no han tingut ni tindran el ress\u00f3 que segurament mereixen.Primera : El Claustre de l'Universitat Pompeu i Fabra va votar una moci\u00f3 que rebutjava la presencia de membres\u2026","rel":"","context":"A &quot;General&quot;","block_context":{"text":"General","link":"https:\/\/blogs.avui.cat\/botonier\/category\/general\/"},"img":{"alt_text":"","src":"","width":0,"height":0},"classes":[]},{"id":25,"url":"https:\/\/blogs.avui.cat\/botonier\/2008\/05\/05\/monarquia-non-grata\/","url_meta":{"origin":218,"position":1},"title":"Monarquia &quot;non grata&quot; ?","author":"Ramon Boixet","date":"5 maig 2008","format":false,"excerpt":"La darrera setmana vaig llegir dues noticies que, potser per culpa del pont i de la relativa discreci\u00f3 dels encarregats de publicar-les, no han tingut ni tindran el ress\u00f3 que segurament mereixen.Primera : El Claustre de l'Universitat Pompeu i Fabra va votar una moci\u00f3 que rebutjava la presencia de membres\u2026","rel":"","context":"A &quot;General&quot;","block_context":{"text":"General","link":"https:\/\/blogs.avui.cat\/botonier\/category\/general\/"},"img":{"alt_text":"","src":"","width":0,"height":0},"classes":[]},{"id":78,"url":"https:\/\/blogs.avui.cat\/botonier\/2008\/10\/29\/monarquia-discriminant\/","url_meta":{"origin":218,"position":2},"title":"Monarquia discriminant","author":"Ramon Boixet","date":"29 octubre 2008","format":false,"excerpt":"S'ha publicat la noticia que el Primer Ministre de la Gran Bretanya, Gordon Brown, ha encarregat a un grup parlamentari comen\u00e7ar un proc\u00e9s que porti a suprimir dues normes de la Constituci\u00f3 d'aquell pa\u00eds.La primera \u00e9s la que diu que els cat\u00f2lics estan exclosos d'accedir al tron, fins i tot\u2026","rel":"","context":"A &quot;General&quot;","block_context":{"text":"General","link":"https:\/\/blogs.avui.cat\/botonier\/category\/general\/"},"img":{"alt_text":"","src":"","width":0,"height":0},"classes":[]},{"id":58,"url":"https:\/\/blogs.avui.cat\/botonier\/2008\/08\/20\/bombolles-2\/","url_meta":{"origin":218,"position":3},"title":"Bombolles (2)","author":"Ramon Boixet","date":"20 agost 2008","format":false,"excerpt":"- He llegit que per despla\u00e7ar el iot \u201cFortuna\u201d, propietat de l'Estat per\u00f3 destinat exclusivament per el us de la fam\u00edlia reial espanyola, \u00e9s necess\u00e0ria una mobilitzaci\u00f3 impressionant. Per que aquesta fam\u00edlia pugui anar de Ciutat de Palma a l'illa de Cabrera, per fer una capbussada en una badia reservada,\u2026","rel":"","context":"A &quot;General&quot;","block_context":{"text":"General","link":"https:\/\/blogs.avui.cat\/botonier\/category\/general\/"},"img":{"alt_text":"","src":"","width":0,"height":0},"classes":[]},{"id":288,"url":"https:\/\/blogs.avui.cat\/botonier\/2009\/06\/20\/honrar-el-passat-el-nou-museu-de-l-%e2%80%98acropoli\/","url_meta":{"origin":218,"position":4},"title":"Honrar el passat : el nou Museu de l \u2018Acr\u00f2poli","author":"Ramon Boixet","date":"20 juny 2009","format":false,"excerpt":"Avui s\u2019inaugura a Atenes el nou Museu de l\u2019Acr\u00f2poli, Per l\u2019estad\u00edstica diguem que el projecte \u00e9s de l'arquitecte su\u00efs Bernard Tschumi, nascut a Lausana el 1944 i amb despatx a Paris i Nova York. Autor de moltes obres arreu del m\u00f3n, es considerat un dels m\u00e9s importants dins de la\u2026","rel":"","context":"A &quot;General&quot;","block_context":{"text":"General","link":"https:\/\/blogs.avui.cat\/botonier\/category\/general\/"},"img":{"alt_text":"","src":"","width":0,"height":0},"classes":[]},{"id":1054,"url":"https:\/\/blogs.avui.cat\/botonier\/2012\/03\/10\/solucions-ara\/","url_meta":{"origin":218,"position":5},"title":"Solucions, ara","author":"Ramon Boixet","date":"10 mar\u00e7 2012","format":false,"excerpt":"El malestar de molts catalans envers les actituds repetidament despectives que Espanya regularment ens etziba, tant en assumptes pol\u00edtics com econ\u00f2mics i fins i tot culturals, fa que cada vegada amb m\u00e9s for\u00e7a es plantegin p\u00fablicament sortides a aquest encal\u00e7 continu. Norman Davies \u00e9s un escriptor brit\u00e0nic, especialista en hist\u00f2ria\u2026","rel":"","context":"A &quot;General&quot;","block_context":{"text":"General","link":"https:\/\/blogs.avui.cat\/botonier\/category\/general\/"},"img":{"alt_text":"","src":"https:\/\/i0.wp.com\/blogs.avui.cat\/botonier\/files\/2012\/03\/200228-Lawine-150x150.jpg?resize=350%2C200","width":350,"height":200},"classes":[]}],"jetpack_sharing_enabled":true,"jetpack_likes_enabled":true,"_links":{"self":[{"href":"https:\/\/blogs.avui.cat\/botonier\/wp-json\/wp\/v2\/posts\/218","targetHints":{"allow":["GET"]}}],"collection":[{"href":"https:\/\/blogs.avui.cat\/botonier\/wp-json\/wp\/v2\/posts"}],"about":[{"href":"https:\/\/blogs.avui.cat\/botonier\/wp-json\/wp\/v2\/types\/post"}],"author":[{"embeddable":true,"href":"https:\/\/blogs.avui.cat\/botonier\/wp-json\/wp\/v2\/users\/126"}],"replies":[{"embeddable":true,"href":"https:\/\/blogs.avui.cat\/botonier\/wp-json\/wp\/v2\/comments?post=218"}],"version-history":[{"count":3,"href":"https:\/\/blogs.avui.cat\/botonier\/wp-json\/wp\/v2\/posts\/218\/revisions"}],"predecessor-version":[{"id":3111,"href":"https:\/\/blogs.avui.cat\/botonier\/wp-json\/wp\/v2\/posts\/218\/revisions\/3111"}],"wp:attachment":[{"href":"https:\/\/blogs.avui.cat\/botonier\/wp-json\/wp\/v2\/media?parent=218"}],"wp:term":[{"taxonomy":"category","embeddable":true,"href":"https:\/\/blogs.avui.cat\/botonier\/wp-json\/wp\/v2\/categories?post=218"},{"taxonomy":"post_tag","embeddable":true,"href":"https:\/\/blogs.avui.cat\/botonier\/wp-json\/wp\/v2\/tags?post=218"}],"curies":[{"name":"wp","href":"https:\/\/api.w.org\/{rel}","templated":true}]}}