{"id":216,"date":"2009-03-31T08:25:00","date_gmt":"2009-03-31T06:25:00","guid":{"rendered":"http:\/\/blogs.avui.cat\/botonier\/2009\/03\/31\/boadella-en-el-paper-d%e2%80%99exiliat\/"},"modified":"2013-06-19T09:49:48","modified_gmt":"2013-06-19T08:49:48","slug":"boadella-en-el-paper-d%e2%80%99exiliat","status":"publish","type":"post","link":"https:\/\/blogs.avui.cat\/botonier\/2009\/03\/31\/boadella-en-el-paper-d%e2%80%99exiliat\/","title":{"rendered":"Boadella en el paper d\u2019exiliat"},"content":{"rendered":"<p><a href=\"https:\/\/i0.wp.com\/2.bp.blogspot.com\/_gS2A8TwyupA\/SdG3xBEmVzI\/AAAAAAAAAg4\/KEmPqhhdsBI\/s1600-h\/Kasperli.JPG\"><img data-recalc-dims=\"1\" decoding=\"async\" src=\"https:\/\/i0.wp.com\/2.bp.blogspot.com\/_gS2A8TwyupA\/SdG3xBEmVzI\/AAAAAAAAAg4\/KEmPqhhdsBI\/s200\/Kasperli.JPG\" border=\"0\" \/><\/a><\/p>\n<p>He llegit en un diari per Internet un resum de les declaracions d&#8217;Albert Boadella, fetes a Madrid el divendres 27 de mar\u00e7.<br \/>\nL\u2019acte coincidia amb el Dia Mundial del Teatre i, en veritat, per la curta cr\u00f2nica llegida era talment un acte teatral. El Boadella estava envoltat de il\u2022lustres pol\u00edtics coneguts per les seves actuacions de cara a la galeria : Esperanza Aguirre, Isabel San Sebasti\u00e1n i Aleix Vidal-Quadras.<\/p>\n<p>Boadella no \u00e9s el primer artista que amb uns inicis meritoris acaba fent histrionisme, auto-propaganda i deformant la realitat. Boadella sembla sentir la necessitat de posar com un drap brut a Catalunya i els seus pol\u00edtics cada vegada que veu atansar-se un periodista o quan li posen un micr\u00f2fon sota el nas.<\/p>\n<p>L&#8217;hist\u00f2ria del teatre catal\u00e0 del darrer quart del segle passat no es pot escriure sense donar un lloc preferent a Els Joglars i a Albert Boadella. Amb aix\u00f2, la seva carrera no necessitaria ser promocionada amb provocacions innecess\u00e0ries. Ni Boadella, ni jo ni molta altra gent est\u00e0 sempre d&#8217;acord amb els que han manat o manen a Catalunya. Tots tenim maneres (de prefer\u00e8ncia les urnes) per fer-nos sentir si en tenim necessitat.<\/p>\n<p>Ara b\u00e9, s&#8217;ha d&#8217;estar molt desesperat animicament per declarar aquestes \u00ab perles \u00bb:<br \/>\n<em>&#8211; No hi ha llibertat d&#8217;expressi\u00f3 a Catalunya i per les meves opinions m&#8217;he vist<br \/>\nobligat a exiliar-me a Madrid.<br \/>\n&#8211; Algunes actuacions pol\u00edtiques catalanes em recorden a l&#8217;inici del<br \/>\nnacionalsocialisme alemany. <\/em><\/p>\n<p>Mira, Boadella, els teus problemes per <em>La Torna<\/em> l&#8217;any 1977 foren amb les autoritats de Madrid. Despr\u00e9s, a Catalunya, vas posar sobre els escenaris <em>Teledeum, Ub\u00fa, president<\/em> o <em>Daaaaal\u00ed<\/em> i no cal que et queixis massa perqu\u00e9 la gent va assistir a aquestes obres amb generositat.<\/p>\n<p>Ho dir\u00e9 amb paraules de Ortega i Gasset i textualment, perqu\u00e8 qui viu a Madrid empra cada dia el castell\u00e0 : <em>\u00ab La diferencia entre el inteligente y el tonto consiste en que aqu\u00e9l vive en guardia contra sus propias tonter\u00edas, las reconoce cuando apuntan y se esfuerza en eliminarlas, al paso que el tonto se entrega a ellas encantado y sin reservas \u00bb<\/em>.<\/p>\n<p>Crec que Boadella \u00e9s intel\u2022ligent i que d&#8217;un moment a l&#8217;altre deixar\u00e0 d&#8217;intentar provocar al adonar-se que ning\u00fa dels que ell voldria mortificar l&#8217;hi fa cas.<\/p>\n","protected":false},"excerpt":{"rendered":"<p>He llegit en un diari per Internet un resum de les declaracions d&#8217;Albert Boadella, fetes a Madrid el divendres 27 de mar\u00e7. L\u2019acte coincidia amb el Dia Mundial del Teatre i, en veritat, per la curta cr\u00f2nica llegida era talment un acte teatral. El Boadella estava envoltat de il\u2022lustres pol\u00edtics coneguts per les seves actuacions [&hellip;]<\/p>\n","protected":false},"author":126,"featured_media":0,"comment_status":"closed","ping_status":"closed","sticky":false,"template":"","format":"standard","meta":{"jetpack_post_was_ever_published":false,"_jetpack_newsletter_access":"","_jetpack_dont_email_post_to_subs":false,"_jetpack_newsletter_tier_id":0,"_jetpack_memberships_contains_paywalled_content":false,"_jetpack_memberships_contains_paid_content":false,"footnotes":"","jetpack_publicize_message":"","jetpack_publicize_feature_enabled":true,"jetpack_social_post_already_shared":false,"jetpack_social_options":{"image_generator_settings":{"template":"highway","default_image_id":0,"font":"","enabled":false},"version":2}},"categories":[1],"tags":[],"class_list":["post-216","post","type-post","status-publish","format-standard","hentry","category-general"],"jetpack_publicize_connections":[],"jetpack_featured_media_url":"","jetpack-related-posts":[{"id":178,"url":"https:\/\/blogs.avui.cat\/botonier\/2009\/02\/14\/la-claca-dels-politics\/","url_meta":{"origin":216,"position":0},"title":"La claca dels pol\u00edtics","author":"Ramon Boixet","date":"14 febrer 2009","format":false,"excerpt":"Cada vegada m\u00e9s sovint s\u2019organitzen manifestacions al carrer per protestar, per recolzar, per reivindicar o per demostrar poder.Tamb\u00e9 molt sovint coincideixen dues manifestacions contraries i els crits es fan m\u00e9s forts amb l\u2019\u00fanica intenci\u00f3 de demostrar que uns s\u00f3n m\u00e9s que els altres. Curi\u00f3s \u00e9s llegir les xifres d\u2019assistents que\u2026","rel":"","context":"A &quot;General&quot;","block_context":{"text":"General","link":"https:\/\/blogs.avui.cat\/botonier\/category\/general\/"},"img":{"alt_text":"","src":"","width":0,"height":0},"classes":[]},{"id":677,"url":"https:\/\/blogs.avui.cat\/botonier\/2009\/06\/26\/benvolgut-alfonso-sastre-2\/","url_meta":{"origin":216,"position":1},"title":"Benvolgut Alfonso Sastre&#8230;","author":"Ramon Boixet","date":"26 juny 2009","format":false,"excerpt":"La veritat \u00e9s que vost\u00e8 ja porta molts anys de lluitador de causes pol\u00edtiques i les ha vist de tots colors. Tamb\u00e9 la seva esposa, Eva Forest, va lluitar fins al final de la seva vida principalment al costat de les idees d'ETA per un Pa\u00eds Basc independent. Jo vaig\u2026","rel":"","context":"A &quot;General&quot;","block_context":{"text":"General","link":"https:\/\/blogs.avui.cat\/botonier\/category\/general\/"},"img":{"alt_text":"","src":"","width":0,"height":0},"classes":[]},{"id":293,"url":"https:\/\/blogs.avui.cat\/botonier\/2009\/06\/26\/benvolgut-alfonso-sastre\/","url_meta":{"origin":216,"position":2},"title":"Benvolgut Alfonso Sastre&#8230;","author":"Ramon Boixet","date":"26 juny 2009","format":false,"excerpt":"La veritat \u00e9s que vost\u00e8 ja porta molts anys de lluitador de causes pol\u00edtiques i les ha vist de tots colors. Tamb\u00e9 la seva esposa, Eva Forest, va lluitar fins al final de la seva vida principalment al costat de les idees d'ETA per un Pa\u00eds Basc independent. Jo vaig\u2026","rel":"","context":"A &quot;General&quot;","block_context":{"text":"General","link":"https:\/\/blogs.avui.cat\/botonier\/category\/general\/"},"img":{"alt_text":"","src":"","width":0,"height":0},"classes":[]},{"id":329,"url":"https:\/\/blogs.avui.cat\/botonier\/2009\/08\/12\/privilegis-dels-ministres-final\/","url_meta":{"origin":216,"position":3},"title":"Privilegis dels ministres (final)","author":"Ramon Boixet","date":"12 agost 2009","format":false,"excerpt":"Ahir parl\u00e0vem de l\u2019estructura del govern su\u00efs i de les possibilitats dels ministres per despla\u00e7ar-se. Avui entrarem a detallar el sou i alguns petits privilegis. Un Conseller federal (Ministre) en actiu cobra uns 275.000 Euros bruts a l\u2019any. Comparat amb el que cobren els dirigents de l\u2019industria o les altes\u2026","rel":"","context":"A &quot;General&quot;","block_context":{"text":"General","link":"https:\/\/blogs.avui.cat\/botonier\/category\/general\/"},"img":{"alt_text":"","src":"","width":0,"height":0},"classes":[]},{"id":427,"url":"https:\/\/blogs.avui.cat\/botonier\/2010\/01\/11\/tornem-hi-que-no-ha-estat-res\/","url_meta":{"origin":216,"position":4},"title":"Tornem-hi, que no ha estat res","author":"Ramon Boixet","date":"11 gener 2010","format":false,"excerpt":"Ja s\u2019ha acabat les festes, i els ponts. Ja tothom ha pa\u00eft m\u00e9s o menys els obligats excessos a taula i el fred i la neu han donat un valor afegit al paisatge, per a uns, i una dificultat addicional pels que han necessitat treballar o moure\u2019s.Aqu\u00ed, a Su\u00efssa, com\u2026","rel":"","context":"A &quot;General&quot;","block_context":{"text":"General","link":"https:\/\/blogs.avui.cat\/botonier\/category\/general\/"},"img":{"alt_text":"","src":"","width":0,"height":0},"classes":[]},{"id":228,"url":"https:\/\/blogs.avui.cat\/botonier\/2009\/04\/13\/incomodes-admirats-i-5-friedrich-durrenmatt\/","url_meta":{"origin":216,"position":5},"title":"Inc\u00f2modes admirats : i 5. Friedrich D\u00fcrrenmatt","author":"Ramon Boixet","date":"13 abril 2009","format":false,"excerpt":"El gran escriptor su\u00eds neix el 1921 en un poble de la regi\u00f3 de Emmental, al Cant\u00f3 de Berna.Durant molts anys dubta de ser pintor o escriptor fins que decideix seguir la segona opci\u00f3 sense per tant mai abandonar la primera. Vaig tenir el meu primer contacte amb la obra\u2026","rel":"","context":"A &quot;General&quot;","block_context":{"text":"General","link":"https:\/\/blogs.avui.cat\/botonier\/category\/general\/"},"img":{"alt_text":"","src":"","width":0,"height":0},"classes":[]}],"jetpack_sharing_enabled":true,"jetpack_likes_enabled":true,"_links":{"self":[{"href":"https:\/\/blogs.avui.cat\/botonier\/wp-json\/wp\/v2\/posts\/216","targetHints":{"allow":["GET"]}}],"collection":[{"href":"https:\/\/blogs.avui.cat\/botonier\/wp-json\/wp\/v2\/posts"}],"about":[{"href":"https:\/\/blogs.avui.cat\/botonier\/wp-json\/wp\/v2\/types\/post"}],"author":[{"embeddable":true,"href":"https:\/\/blogs.avui.cat\/botonier\/wp-json\/wp\/v2\/users\/126"}],"replies":[{"embeddable":true,"href":"https:\/\/blogs.avui.cat\/botonier\/wp-json\/wp\/v2\/comments?post=216"}],"version-history":[{"count":3,"href":"https:\/\/blogs.avui.cat\/botonier\/wp-json\/wp\/v2\/posts\/216\/revisions"}],"predecessor-version":[{"id":3112,"href":"https:\/\/blogs.avui.cat\/botonier\/wp-json\/wp\/v2\/posts\/216\/revisions\/3112"}],"wp:attachment":[{"href":"https:\/\/blogs.avui.cat\/botonier\/wp-json\/wp\/v2\/media?parent=216"}],"wp:term":[{"taxonomy":"category","embeddable":true,"href":"https:\/\/blogs.avui.cat\/botonier\/wp-json\/wp\/v2\/categories?post=216"},{"taxonomy":"post_tag","embeddable":true,"href":"https:\/\/blogs.avui.cat\/botonier\/wp-json\/wp\/v2\/tags?post=216"}],"curies":[{"name":"wp","href":"https:\/\/api.w.org\/{rel}","templated":true}]}}