{"id":214,"date":"2009-03-28T09:10:00","date_gmt":"2009-03-28T07:10:00","guid":{"rendered":"http:\/\/blogs.avui.cat\/botonier\/2009\/03\/28\/el-debat-sobre-el-pla-bolonya\/"},"modified":"2013-06-19T09:49:48","modified_gmt":"2013-06-19T08:49:48","slug":"el-debat-sobre-el-pla-bolonya","status":"publish","type":"post","link":"https:\/\/blogs.avui.cat\/botonier\/2009\/03\/28\/el-debat-sobre-el-pla-bolonya\/","title":{"rendered":"El debat sobre el Pla Bolonya"},"content":{"rendered":"<p><a href=\"https:\/\/i0.wp.com\/4.bp.blogspot.com\/_gS2A8TwyupA\/Sc3N2pym6-I\/AAAAAAAAAgo\/fJXo3GcrbEs\/s1600-h\/Uni.JPG\"><img data-recalc-dims=\"1\" decoding=\"async\" src=\"https:\/\/i0.wp.com\/4.bp.blogspot.com\/_gS2A8TwyupA\/Sc3N2pym6-I\/AAAAAAAAAgo\/fJXo3GcrbEs\/s200\/Uni.JPG\" border=\"0\" \/><\/a><\/p>\n<p>El meu post d&#8217;ahir va donar motiu a una serie de comentaris que m&#8217;han arribat p\u00fablica i privadament i que sincerament agraeixo.<\/p>\n<p>Com que estic sotm\u00e8s (degut a la dist\u00e0ncia) a les informacions dels diaris i les r\u00e0dios per Internet i no tinc altres fons de noticies ( com molts d&#8217;altres en el meu cas i fins a tot que viuen dins de Catalunya). Gr\u00e0cies al comentaris d&#8217;ahir he llegit diversos enlla\u00e7os i tinc, almenys d&#8217;entrada, una millor idea de tot el que est\u00e0 succeint a Catalunya amb el tema Bolonya.<\/p>\n<p>Sorpr\u00e8n el saber que els estudiants feia quatre mesos que ocupaven el Rectorat de l&#8217;Universitat en el moment de ser desallotjats. Caram !, en quatre mesos les autoritats universit\u00e0ries sembla ser que no van fer cap pas important per establir un di\u00e0leg obert i ser\u00e9 amb els estudiants. \u00c9s molt lamentable que s&#8217;hagi arribat a la expulsi\u00f3 for\u00e7osa del recinte, amb el resultat de que ara es parla m\u00e9s dels Mossos que del Pla Bolonya.<\/p>\n<p>Els estudiants han demostrat ganes de dialogar i de manifestar-se amb ordre. En realitat ells no estan contra els principis del Pla Bolonya sin\u00f3 sobre la manera que l&#8217;estat espanyol vol aplicar aquests principis. No \u00e9s els fons sin\u00f3 la forma la que est\u00e0 en discussi\u00f3, de manera que s&#8217;ha d&#8217;esperar per part de les autoritats acad\u00e8miques un pas endavant per arribar a parlar del problema dins de l&#8217;universitat. Les conclusions, despr\u00e9s, s&#8217;han de fer arribar a la gent de manera clara, i tothom i sortir\u00e0 guanyant.<\/p>\n<p>I el Mossos, que aprofitin la mala experi\u00e8ncia dels darrers esdeveniments per demostrar que no s\u00f3n &#8220;uns altres grisos&#8221;. Els de la meva generaci\u00f3 ja m&#8217;entenen.<\/p>\n","protected":false},"excerpt":{"rendered":"<p>El meu post d&#8217;ahir va donar motiu a una serie de comentaris que m&#8217;han arribat p\u00fablica i privadament i que sincerament agraeixo. Com que estic sotm\u00e8s (degut a la dist\u00e0ncia) a les informacions dels diaris i les r\u00e0dios per Internet i no tinc altres fons de noticies ( com molts d&#8217;altres en el meu cas [&hellip;]<\/p>\n","protected":false},"author":126,"featured_media":0,"comment_status":"closed","ping_status":"closed","sticky":false,"template":"","format":"standard","meta":{"jetpack_post_was_ever_published":false,"_jetpack_newsletter_access":"","_jetpack_dont_email_post_to_subs":false,"_jetpack_newsletter_tier_id":0,"_jetpack_memberships_contains_paywalled_content":false,"_jetpack_memberships_contains_paid_content":false,"footnotes":"","jetpack_publicize_message":"","jetpack_publicize_feature_enabled":true,"jetpack_social_post_already_shared":false,"jetpack_social_options":{"image_generator_settings":{"template":"highway","default_image_id":0,"font":"","enabled":false},"version":2}},"categories":[1],"tags":[],"class_list":["post-214","post","type-post","status-publish","format-standard","hentry","category-general"],"jetpack_publicize_connections":[],"jetpack_featured_media_url":"","jetpack-related-posts":[{"id":512,"url":"https:\/\/blogs.avui.cat\/botonier\/2010\/04\/17\/nuvols-tc-i-galileu\/","url_meta":{"origin":214,"position":0},"title":"N\u00f9vols, TC i Galileu","author":"Ramon Boixet","date":"17 abril 2010","format":false,"excerpt":"Vaig tenir sort: el meu avi\u00f3 va ser el darrer ahir al vespre a aterrar a l\u2019aeroport de Zuric, abans que el tanquessin. Una mica m\u00e9s i m\u2019haig de quedar dos o tres dies bloquejat a Atenes, cosa que en el fons no m\u2019hauria preocupat massa.De Gr\u00e8cia en parlarem un\u2026","rel":"","context":"A &quot;General&quot;","block_context":{"text":"General","link":"https:\/\/blogs.avui.cat\/botonier\/category\/general\/"},"img":{"alt_text":"","src":"","width":0,"height":0},"classes":[]},{"id":409,"url":"https:\/\/blogs.avui.cat\/botonier\/2009\/12\/14\/lagredolc-de-la-consulta\/","url_meta":{"origin":214,"position":1},"title":"L&#8217;agredol\u00e7 de la Consulta","author":"Ramon Boixet","date":"14 desembre 2009","format":false,"excerpt":"Els comentaris que es poden llegir i escoltar avui sobre la Consulta s\u00f3n tan diversos com diversa \u00e9s la posici\u00f3 de cada mitj\u00e0 davant del fet de preguntar sobre la independ\u00e8ncia.Positiu \u00e9s la manca d\u2019incidents i la claredat dels resultats, decebedor \u00e9s el nombre de votants, de l\u2019ordre del 27,5%,\u2026","rel":"","context":"A &quot;General&quot;","block_context":{"text":"General","link":"https:\/\/blogs.avui.cat\/botonier\/category\/general\/"},"img":{"alt_text":"","src":"","width":0,"height":0},"classes":[]},{"id":709,"url":"https:\/\/blogs.avui.cat\/botonier\/2009\/12\/14\/lagredolc-de-la-consulta-2\/","url_meta":{"origin":214,"position":2},"title":"L&#8217;agredol\u00e7 de la Consulta","author":"Ramon Boixet","date":"14 desembre 2009","format":false,"excerpt":"Els comentaris que es poden llegir i escoltar avui sobre la Consulta s\u00f3n tan diversos com diversa \u00e9s la posici\u00f3 de cada mitj\u00e0 davant del fet de preguntar sobre la independ\u00e8ncia.Positiu \u00e9s la manca d\u2019incidents i la claredat dels resultats, decebedor \u00e9s el nombre de votants, de l\u2019ordre del 27,5%,\u2026","rel":"","context":"A &quot;General&quot;","block_context":{"text":"General","link":"https:\/\/blogs.avui.cat\/botonier\/category\/general\/"},"img":{"alt_text":"","src":"","width":0,"height":0},"classes":[]},{"id":1008,"url":"https:\/\/blogs.avui.cat\/botonier\/2011\/12\/15\/1008\/","url_meta":{"origin":214,"position":3},"title":"La &#8220;R&#8221; de ERC","author":"Ramon Boixet","date":"15 desembre 2011","format":false,"excerpt":"Fa quinze dies vaig escriure un comentari sobre la monarquia en el que deia que el partit amb una R callava i no treballava per una Rep\u00fablica. El comentari no va agradar a alguns lectors, que es van fer us del dret de queixar-se. Ahir, el lider dels independentistes catalans\u2026","rel":"","context":"A &quot;General&quot;","block_context":{"text":"General","link":"https:\/\/blogs.avui.cat\/botonier\/category\/general\/"},"img":{"alt_text":"","src":"https:\/\/i0.wp.com\/blogs.avui.cat\/botonier\/files\/2011\/12\/R-150x150.png?resize=350%2C200","width":350,"height":200},"classes":[]},{"id":189,"url":"https:\/\/blogs.avui.cat\/botonier\/2009\/02\/26\/els-comentaris-dels-lectors-del-meu-blog\/","url_meta":{"origin":214,"position":4},"title":"Els comentaris dels lectors del meu blog","author":"Ramon Boixet","date":"26 febrer 2009","format":false,"excerpt":"Quan alg\u00fa mostra p\u00fablicament alguna obra, de la import\u00e0ncia que sigui, s\u2019 exposa a rebre aprovacions i desaprovacions, i est\u00e0 b\u00e9 que sigui aix\u00ed. La decisi\u00f3 d\u2019escriure un blog o un bloc (que encara no s\u00e9 quina \u00e9s la forma correcta en catal\u00e0) la vaig prendre de manera espont\u00e0nia i\u2026","rel":"","context":"A &quot;General&quot;","block_context":{"text":"General","link":"https:\/\/blogs.avui.cat\/botonier\/category\/general\/"},"img":{"alt_text":"","src":"","width":0,"height":0},"classes":[]},{"id":555,"url":"https:\/\/blogs.avui.cat\/botonier\/2010\/05\/31\/integracio-i-vots-a-sabadell\/","url_meta":{"origin":214,"position":5},"title":"Integraci\u00f3 i vots a Sabadell","author":"Ramon Boixet","date":"31 maig 2010","format":false,"excerpt":"Quan escric aquestes ratlles nom\u00e9s s\u2019han publicat els primers resultats de la Consulta sobre la Independ\u00e8ncia a Sabadell per\u00f2 que ja es poden avan\u00e7ar algunes conclusions abans de que ens arribin els coment\u00e0ris anal\u00edtics. Sabadell, amb una poblaci\u00f3 nombrosa i amb un perfil sociol\u00f2gic composat d\u2019aut\u00f2ctons, emigrants de molts racons\u2026","rel":"","context":"A &quot;General&quot;","block_context":{"text":"General","link":"https:\/\/blogs.avui.cat\/botonier\/category\/general\/"},"img":{"alt_text":"","src":"","width":0,"height":0},"classes":[]}],"jetpack_sharing_enabled":true,"jetpack_likes_enabled":true,"_links":{"self":[{"href":"https:\/\/blogs.avui.cat\/botonier\/wp-json\/wp\/v2\/posts\/214","targetHints":{"allow":["GET"]}}],"collection":[{"href":"https:\/\/blogs.avui.cat\/botonier\/wp-json\/wp\/v2\/posts"}],"about":[{"href":"https:\/\/blogs.avui.cat\/botonier\/wp-json\/wp\/v2\/types\/post"}],"author":[{"embeddable":true,"href":"https:\/\/blogs.avui.cat\/botonier\/wp-json\/wp\/v2\/users\/126"}],"replies":[{"embeddable":true,"href":"https:\/\/blogs.avui.cat\/botonier\/wp-json\/wp\/v2\/comments?post=214"}],"version-history":[{"count":3,"href":"https:\/\/blogs.avui.cat\/botonier\/wp-json\/wp\/v2\/posts\/214\/revisions"}],"predecessor-version":[{"id":3115,"href":"https:\/\/blogs.avui.cat\/botonier\/wp-json\/wp\/v2\/posts\/214\/revisions\/3115"}],"wp:attachment":[{"href":"https:\/\/blogs.avui.cat\/botonier\/wp-json\/wp\/v2\/media?parent=214"}],"wp:term":[{"taxonomy":"category","embeddable":true,"href":"https:\/\/blogs.avui.cat\/botonier\/wp-json\/wp\/v2\/categories?post=214"},{"taxonomy":"post_tag","embeddable":true,"href":"https:\/\/blogs.avui.cat\/botonier\/wp-json\/wp\/v2\/tags?post=214"}],"curies":[{"name":"wp","href":"https:\/\/api.w.org\/{rel}","templated":true}]}}