{"id":185,"date":"2009-02-21T09:36:00","date_gmt":"2009-02-21T07:36:00","guid":{"rendered":"http:\/\/blogs.avui.cat\/botonier\/2009\/02\/21\/l%e2%80%99exercit-secret-de-suissa-i-3-detalls-finals\/"},"modified":"2013-06-19T09:49:53","modified_gmt":"2013-06-19T08:49:53","slug":"l%e2%80%99exercit-secret-de-suissa-i-3-detalls-finals","status":"publish","type":"post","link":"https:\/\/blogs.avui.cat\/botonier\/2009\/02\/21\/l%e2%80%99exercit-secret-de-suissa-i-3-detalls-finals\/","title":{"rendered":"L\u2019ex\u00e8rcit secret de Su\u00efssa: i 3. Detalls finals"},"content":{"rendered":"<p><a href=\"https:\/\/i0.wp.com\/3.bp.blogspot.com\/_gS2A8TwyupA\/SZ-vGdoMg7I\/AAAAAAAAAc4\/bSKkl8FTs6g\/s1600-h\/Arm%C3%A9e.jpg\"><img data-recalc-dims=\"1\" decoding=\"async\" src=\"https:\/\/i0.wp.com\/3.bp.blogspot.com\/_gS2A8TwyupA\/SZ-vGdoMg7I\/AAAAAAAAAc4\/bSKkl8FTs6g\/s200\/Arm%C3%A9e.jpg\" border=\"0\" \/><\/a><\/p>\n<p>Cap dels 400 membres del ex\u00e8rcit secret ha donat la cara en els 17 anys des la dissoluci\u00f3 oficial del cos.  Fins el darrer dimecres.<\/p>\n<p>A quarts de set de la tarda del dimecres 18 la radio p\u00fablica su\u00efssa  emetia una entrevista amb el senyor Hansueli K\u00fcnzler, ex-membre del P26. L\u2019entrevistat va explicar coses saboroses, algunes d\u2019elles nom\u00e9s d\u2019inter\u00e8s dins de Su\u00efssa, per\u00f2 tamb\u00e9 d\u2019altres que permetran completar les informacions que he donat en tres entregues. <\/p>\n<p>L\u2019any 1984 un conegut va demanar al senyor K\u00fcnzler si estaria disposat a entrar a fer part d\u2019un cos especial de l\u2019ex\u00e8rcit, de car\u00e0cter secret per\u00f2 legal.  De moment va dir que si, i va ser citat a una primera trobada en un refugi (b\u00fanquer) dels molts constru\u00efts durant la segona guerra mundial, i situat prop de Gstaad, coneguda estaci\u00f3 d\u2019esqu\u00ed de la classe alta i molt alta europea. <\/p>\n<p>Arribat al b\u00fanquer va rebre un sobrenom, en el seu cas el de Gallus, i a partir d\u2019aquell moment mai no va saber el nom real de cap dels seus col\u2022legues ja que tots reberen un sobrenom . Els monitors eren professionals de l\u2019ex\u00e8rcit regular su\u00efs i van ser orientats sobre l\u2019obligaci\u00f3 de guardar secret de per vida sobre les activitats del grup. <\/p>\n<p>Les trobades eren de 3 a 4 dies dues vegades a l\u2019any. Els integrants del grup estaven  tan conven\u00e7uts de la seva missi\u00f3 que realment no van donar a ning\u00fa cap pista sobre els seus dos recessos anuals. Fins i tot \u00e9s va donar el cas que un parell d\u2019esposes de membres van contractar detectius privats per saber on anava el seu marit amb tant secret. La feina dels detectius s\u2019acabava davant la porta del b\u00fanquer i les esposes eren informades i els demanaven que elles tamb\u00e9 guardessin el secret. <\/p>\n<p>El senyor K\u00fcnzler diu que ha decidit parlar per salvar l\u2019honorabilitat dels seus 400 companys, tots ells patriotes fermament conven\u00e7uts de que estaven fent un treball de gran import\u00e0ncia per protegir la p\u00e0tria si el cas es present\u00e9s. Vol que quedi clar que no eren partisans, ni guerrillers sin\u00f3 un cos especial, dins de l\u2019ex\u00e8rcit legal amb un car\u00e0cter secret degut la mateixa finalitat de la seva creaci\u00f3. <\/p>\n<p>Malgrat tot, en el fons de cada  ciutad\u00e0 queda un mal regust, molts dubtes sobre el paper de l\u2019estat i de les possibilitats de crear estructures que s\u2019escapen a tot control.<br \/>Esperem que no es reprodueixin fets com els que he comentat i que demostren que<br \/>nord enll\u00e0, no sempre la gent \u00e9s neta i noble, culta, rica, lliure, desvetllada i feli\u00e7, com diu el poema de l\u2019Espriu.<\/p>\n","protected":false},"excerpt":{"rendered":"<p>Cap dels 400 membres del ex\u00e8rcit secret ha donat la cara en els 17 anys des la dissoluci\u00f3 oficial del cos. Fins el darrer dimecres. A quarts de set de la tarda del dimecres 18 la radio p\u00fablica su\u00efssa emetia una entrevista amb el senyor Hansueli K\u00fcnzler, ex-membre del P26. L\u2019entrevistat va explicar coses saboroses, [&hellip;]<\/p>\n","protected":false},"author":126,"featured_media":0,"comment_status":"closed","ping_status":"closed","sticky":false,"template":"","format":"standard","meta":{"jetpack_post_was_ever_published":false,"_jetpack_newsletter_access":"","_jetpack_dont_email_post_to_subs":false,"_jetpack_newsletter_tier_id":0,"_jetpack_memberships_contains_paywalled_content":false,"_jetpack_memberships_contains_paid_content":false,"footnotes":"","jetpack_publicize_message":"","jetpack_publicize_feature_enabled":true,"jetpack_social_post_already_shared":false,"jetpack_social_options":{"image_generator_settings":{"template":"highway","default_image_id":0,"font":"","enabled":false},"version":2}},"categories":[1],"tags":[],"class_list":["post-185","post","type-post","status-publish","format-standard","hentry","category-general"],"jetpack_publicize_connections":[],"jetpack_featured_media_url":"","jetpack-related-posts":[{"id":184,"url":"https:\/\/blogs.avui.cat\/botonier\/2009\/02\/20\/l%e2%80%99exercit-secret-de-suissa-2-organitzacio\/","url_meta":{"origin":185,"position":0},"title":"L\u2019ex\u00e8rcit secret de Su\u00efssa: 2. Organitzaci\u00f3","author":"Ramon Boixet","date":"20 febrer 2009","format":false,"excerpt":"El \u201cdescobriment\u201d fet l\u2019any 1990 de l\u2019exist\u00e8ncia d\u2019un cos d\u2019ex\u00e8rcit secret, el P26, i d\u2019un servei secret, el P27, va deixar els su\u00efssos abatuts. Junt amb l\u2019exist\u00e8ncia de milers de fitxes sobre persones que estaven molt lluny de creure\u2019s objecte d\u2019investigaci\u00f3, el cop va ser molt dur i encara que\u2026","rel":"","context":"A &quot;General&quot;","block_context":{"text":"General","link":"https:\/\/blogs.avui.cat\/botonier\/category\/general\/"},"img":{"alt_text":"","src":"","width":0,"height":0},"classes":[]},{"id":183,"url":"https:\/\/blogs.avui.cat\/botonier\/2009\/02\/19\/l%e2%80%99exercit-secret-de-suissa-1-els-antecedents\/","url_meta":{"origin":185,"position":1},"title":"L\u2019ex\u00e8rcit secret de Su\u00efssa: 1. Els antecedents","author":"Ramon Boixet","date":"19 febrer 2009","format":false,"excerpt":"La possible decisi\u00f3 d\u2019enviar soldats a Som\u00e0lia per protegir els vaixells de bandera su\u00efssa dels atacs del pirates, ha ressuscitat l\u2019assumpte del denominat Ex\u00e8rcit Secret P26 que era un tema que dormia en un volgut oblit. La creaci\u00f3 d\u2019aquest Ex\u00e8rcit, o millor dit aquesta Unitat Secreta, \u00e9s escandalosa i destrueix\u2026","rel":"","context":"A &quot;General&quot;","block_context":{"text":"General","link":"https:\/\/blogs.avui.cat\/botonier\/category\/general\/"},"img":{"alt_text":"","src":"","width":0,"height":0},"classes":[]},{"id":757,"url":"https:\/\/blogs.avui.cat\/botonier\/2010\/10\/07\/les-dones-manen\/","url_meta":{"origin":185,"position":2},"title":"Les dones manen","author":"Ramon Boixet","date":"7 octubre 2010","format":false,"excerpt":"Amb l\u2019elecci\u00f3 pel Parlament en ple de dos nous ministres per cobrir els llocs de dos dimissionaris, a Su\u00efssa s\u2019ha produ\u00eft una situaci\u00f3 poc com\u00fa, amb una majoria de dones en els llocs claus de la naci\u00f3. En el govern, compost de 7 ministres de cinc partits diferents, la majoria\u2026","rel":"","context":"A &quot;General&quot;","block_context":{"text":"General","link":"https:\/\/blogs.avui.cat\/botonier\/category\/general\/"},"img":{"alt_text":"","src":"https:\/\/i0.wp.com\/blogs.avui.cat\/botonier\/files\/2010\/10\/bundesrat.jpg?resize=350%2C200","width":350,"height":200},"classes":[]},{"id":282,"url":"https:\/\/blogs.avui.cat\/botonier\/2009\/06\/12\/la-bogeria-dels-diners\/","url_meta":{"origin":185,"position":3},"title":"La bogeria dels diners","author":"Ramon Boixet","date":"12 juny 2009","format":false,"excerpt":"L\u2019any 2008 es van retirar dels bancs su\u00efssos un mili\u00f3 set-cents mil milions de francs de diners de clients que els bancs administraven ; no de comptes corrents sin\u00f3 de capital per fer rendir. Perqu\u00e8 ens entenguem: un 17 seguit de 11 zeros. Tradu\u00eft a euros: un bili\u00f3, \u00e9s a\u2026","rel":"","context":"A &quot;General&quot;","block_context":{"text":"General","link":"https:\/\/blogs.avui.cat\/botonier\/category\/general\/"},"img":{"alt_text":"","src":"","width":0,"height":0},"classes":[]},{"id":123,"url":"https:\/\/blogs.avui.cat\/botonier\/2008\/12\/17\/cuba-i-els-estats-units\/","url_meta":{"origin":185,"position":4},"title":"Cuba i els Estats Units","author":"Ramon Boixet","date":"17 desembre 2008","format":false,"excerpt":"Fins ara tothom creia que les relacions pol\u00edtiques i diplom\u00e0tiques entre el govern de Cuba i el dels Estats Units existien nom\u00e9s a trav\u00e9s d\u2019intermediaris. L\u2019ambaixada de Su\u00efssa a La Havana fa molts anys que \u00e9s l\u2019encarregada dels afers dels EEUU i d\u2019altres pa\u00efsos que han mantingut unes relacions ininterrompudes\u2026","rel":"","context":"A &quot;General&quot;","block_context":{"text":"General","link":"https:\/\/blogs.avui.cat\/botonier\/category\/general\/"},"img":{"alt_text":"","src":"","width":0,"height":0},"classes":[]},{"id":18,"url":"https:\/\/blogs.avui.cat\/botonier\/2008\/03\/27\/democracia-directa-primera-part\/","url_meta":{"origin":185,"position":5},"title":"Democr\u00e0cia directa ( primera part)","author":"Ramon Boixet","date":"27 mar\u00e7 2008","format":false,"excerpt":"Avui al vespre tenim Reuni\u00f3 de Ciutadans. Un parell de vegades a l\u2019any, l\u2019\u2019ajuntament del lloc on visc (Oftringen) convoca a tots els ciutadans amb dret de vot - \u00e9s a dir, tots els amb nacionalitat su\u00efssa i majors d\u2019edat- per tal de votar assumptes d\u2019inter\u00e8s local. Per altres assumptes\u2026","rel":"","context":"A &quot;General&quot;","block_context":{"text":"General","link":"https:\/\/blogs.avui.cat\/botonier\/category\/general\/"},"img":{"alt_text":"","src":"","width":0,"height":0},"classes":[]}],"jetpack_sharing_enabled":true,"jetpack_likes_enabled":true,"_links":{"self":[{"href":"https:\/\/blogs.avui.cat\/botonier\/wp-json\/wp\/v2\/posts\/185","targetHints":{"allow":["GET"]}}],"collection":[{"href":"https:\/\/blogs.avui.cat\/botonier\/wp-json\/wp\/v2\/posts"}],"about":[{"href":"https:\/\/blogs.avui.cat\/botonier\/wp-json\/wp\/v2\/types\/post"}],"author":[{"embeddable":true,"href":"https:\/\/blogs.avui.cat\/botonier\/wp-json\/wp\/v2\/users\/126"}],"replies":[{"embeddable":true,"href":"https:\/\/blogs.avui.cat\/botonier\/wp-json\/wp\/v2\/comments?post=185"}],"version-history":[{"count":3,"href":"https:\/\/blogs.avui.cat\/botonier\/wp-json\/wp\/v2\/posts\/185\/revisions"}],"predecessor-version":[{"id":3149,"href":"https:\/\/blogs.avui.cat\/botonier\/wp-json\/wp\/v2\/posts\/185\/revisions\/3149"}],"wp:attachment":[{"href":"https:\/\/blogs.avui.cat\/botonier\/wp-json\/wp\/v2\/media?parent=185"}],"wp:term":[{"taxonomy":"category","embeddable":true,"href":"https:\/\/blogs.avui.cat\/botonier\/wp-json\/wp\/v2\/categories?post=185"},{"taxonomy":"post_tag","embeddable":true,"href":"https:\/\/blogs.avui.cat\/botonier\/wp-json\/wp\/v2\/tags?post=185"}],"curies":[{"name":"wp","href":"https:\/\/api.w.org\/{rel}","templated":true}]}}