{"id":184,"date":"2009-02-20T09:08:00","date_gmt":"2009-02-20T07:08:00","guid":{"rendered":"http:\/\/blogs.avui.cat\/botonier\/2009\/02\/20\/l%e2%80%99exercit-secret-de-suissa-2-organitzacio\/"},"modified":"2013-06-19T09:49:53","modified_gmt":"2013-06-19T08:49:53","slug":"l%e2%80%99exercit-secret-de-suissa-2-organitzacio","status":"publish","type":"post","link":"https:\/\/blogs.avui.cat\/botonier\/2009\/02\/20\/l%e2%80%99exercit-secret-de-suissa-2-organitzacio\/","title":{"rendered":"L\u2019ex\u00e8rcit secret de Su\u00efssa: 2. Organitzaci\u00f3"},"content":{"rendered":"<p><a href=\"https:\/\/i0.wp.com\/2.bp.blogspot.com\/_gS2A8TwyupA\/SZ5YNH_d7II\/AAAAAAAAAcw\/OP0M6n_C0HU\/s1600-h\/Waffen.jpg\"><img data-recalc-dims=\"1\" decoding=\"async\" src=\"https:\/\/i0.wp.com\/2.bp.blogspot.com\/_gS2A8TwyupA\/SZ5YNH_d7II\/AAAAAAAAAcw\/OP0M6n_C0HU\/s200\/Waffen.jpg\" border=\"0\" \/><\/a><\/p>\n<p>El \u201cdescobriment\u201d fet l\u2019any 1990 de l\u2019exist\u00e8ncia d\u2019un cos d\u2019ex\u00e8rcit secret, el P26, i d\u2019un servei secret, el P27, va deixar els su\u00efssos abatuts. <\/p>\n<p>Junt amb l\u2019exist\u00e8ncia de milers de fitxes sobre persones que estaven molt lluny de creure\u2019s objecte d\u2019investigaci\u00f3, el cop va ser molt dur i encara que despr\u00e9s se\u2019n vagi parlar poc fins avui els dos assumptes sembren dubtes sobre uns principis que semblaven fer part intocable del sistema democr\u00e0tic.<\/p>\n<p>La Comissi\u00f3 Parlament\u00e0ria va constatar que el P26 actuava com  una organitzaci\u00f3 secreta, sense base legal, sense control parlamentari i sense depend\u00e8ncia pol\u00edtica, de manera que realment actuava il\u2022legalment i contra la constituci\u00f3.  El finan\u00e7ament de les dues organitzacions P26 i P27  es feia desviant  diners previstos per la compra d\u2019armament i amb els interessos resultants de pre-finan\u00e7aments de compres de material per l\u2019ex\u00e8rcit \u201clegal\u201d. Tot, doncs, fora de control parlamentari i sense necessitat de passar comptes ni donar explicacions.  <\/p>\n<p>Els membres d\u2019aquest ex\u00e8rcit eren uns 400 sota el comandament d\u2019un director de l\u2019empresa  de Basilea Consec AG dedicada a la formaci\u00f3 de personal i que en el fons nom\u00e9s servia per tapar les altres activitats. Existien dip\u00f2sits d\u2019armes a diversos llocs del pa\u00eds (fusells d\u2019assalt, pistoles, armes amb silenciador, etc.).<\/p>\n<p>L\u2019ex\u00e8rcit secret estava dedicat a \u201csalvar la p\u00e0tria\u201d no nom\u00e9s d\u2019enemics externs sin\u00f3 tamb\u00e9 d\u2019interns. El P27 espiava molta gent, sobre tot de les esquerres i a tots els que ells suposaven un perill per la seva concepci\u00f3 de la p\u00e0tria. <\/p>\n<p>Oficialment, el P26  \u00e9s va declarar liquidat el mars de 1992 i poc a poc va anar passant a l\u2019oblit, almenys de cara a fora. El tema inicial de les fitxes \u00e9s va solucionar permeten que cada su\u00efs que volgu\u00e9s tingu\u00e9s l\u2019opci\u00f3 de llegir la seva fitxa ( en el  cas de que en tingu\u00e9s una). Despr\u00e9s les fitxes \u00e9s van destruir. <\/p>\n<p>Dem\u00e0 acabarem el tema amb els darrers detalls  que s\u2019han conegut aquesta setmana despr\u00e9s que un antic membre del P26 \u201csort\u00eds del armari\u201d.<\/p>\n","protected":false},"excerpt":{"rendered":"<p>El \u201cdescobriment\u201d fet l\u2019any 1990 de l\u2019exist\u00e8ncia d\u2019un cos d\u2019ex\u00e8rcit secret, el P26, i d\u2019un servei secret, el P27, va deixar els su\u00efssos abatuts. Junt amb l\u2019exist\u00e8ncia de milers de fitxes sobre persones que estaven molt lluny de creure\u2019s objecte d\u2019investigaci\u00f3, el cop va ser molt dur i encara que despr\u00e9s se\u2019n vagi parlar poc [&hellip;]<\/p>\n","protected":false},"author":126,"featured_media":0,"comment_status":"closed","ping_status":"closed","sticky":false,"template":"","format":"standard","meta":{"jetpack_post_was_ever_published":false,"_jetpack_newsletter_access":"","_jetpack_dont_email_post_to_subs":false,"_jetpack_newsletter_tier_id":0,"_jetpack_memberships_contains_paywalled_content":false,"_jetpack_memberships_contains_paid_content":false,"footnotes":"","jetpack_publicize_message":"","jetpack_publicize_feature_enabled":true,"jetpack_social_post_already_shared":false,"jetpack_social_options":{"image_generator_settings":{"template":"highway","default_image_id":0,"font":"","enabled":false},"version":2}},"categories":[1],"tags":[],"class_list":["post-184","post","type-post","status-publish","format-standard","hentry","category-general"],"jetpack_publicize_connections":[],"jetpack_featured_media_url":"","jetpack-related-posts":[{"id":183,"url":"https:\/\/blogs.avui.cat\/botonier\/2009\/02\/19\/l%e2%80%99exercit-secret-de-suissa-1-els-antecedents\/","url_meta":{"origin":184,"position":0},"title":"L\u2019ex\u00e8rcit secret de Su\u00efssa: 1. Els antecedents","author":"Ramon Boixet","date":"19 febrer 2009","format":false,"excerpt":"La possible decisi\u00f3 d\u2019enviar soldats a Som\u00e0lia per protegir els vaixells de bandera su\u00efssa dels atacs del pirates, ha ressuscitat l\u2019assumpte del denominat Ex\u00e8rcit Secret P26 que era un tema que dormia en un volgut oblit. La creaci\u00f3 d\u2019aquest Ex\u00e8rcit, o millor dit aquesta Unitat Secreta, \u00e9s escandalosa i destrueix\u2026","rel":"","context":"A &quot;General&quot;","block_context":{"text":"General","link":"https:\/\/blogs.avui.cat\/botonier\/category\/general\/"},"img":{"alt_text":"","src":"","width":0,"height":0},"classes":[]},{"id":468,"url":"https:\/\/blogs.avui.cat\/botonier\/2010\/03\/01\/els-bancs-la-cara-fosca-de-suissa-primera-part\/","url_meta":{"origin":184,"position":1},"title":"Els bancs, la cara fosca de Su\u00efssa (primera part)","author":"Ramon Boixet","date":"1 mar\u00e7 2010","format":false,"excerpt":"Amb certa regularitat he escrit en aquest blog sobre els bancs su\u00efssos i el diner negre, sobre el secret bancari i la seva probable desaparici\u00f3 i cada vegada he tingut molts comentaris, p\u00fablics i particulars, demanant els uns aclariments sobre el sistema bancari vigent, i d\u2019altres criticant l\u2019exist\u00e8ncia dels bancs\u2026","rel":"","context":"A &quot;General&quot;","block_context":{"text":"General","link":"https:\/\/blogs.avui.cat\/botonier\/category\/general\/"},"img":{"alt_text":"","src":"","width":0,"height":0},"classes":[]},{"id":185,"url":"https:\/\/blogs.avui.cat\/botonier\/2009\/02\/21\/l%e2%80%99exercit-secret-de-suissa-i-3-detalls-finals\/","url_meta":{"origin":184,"position":2},"title":"L\u2019ex\u00e8rcit secret de Su\u00efssa: i 3. Detalls finals","author":"Ramon Boixet","date":"21 febrer 2009","format":false,"excerpt":"Cap dels 400 membres del ex\u00e8rcit secret ha donat la cara en els 17 anys des la dissoluci\u00f3 oficial del cos. Fins el darrer dimecres.A quarts de set de la tarda del dimecres 18 la radio p\u00fablica su\u00efssa emetia una entrevista amb el senyor Hansueli K\u00fcnzler, ex-membre del P26. L\u2019entrevistat\u2026","rel":"","context":"A &quot;General&quot;","block_context":{"text":"General","link":"https:\/\/blogs.avui.cat\/botonier\/category\/general\/"},"img":{"alt_text":"","src":"","width":0,"height":0},"classes":[]},{"id":201,"url":"https:\/\/blogs.avui.cat\/botonier\/2009\/03\/14\/la-defuncio-del-secret-bancari\/","url_meta":{"origin":184,"position":3},"title":"La defunci\u00f3 del secret bancari","author":"Ramon Boixet","date":"14 mar\u00e7 2009","format":false,"excerpt":"El govern suis, per boca del seu ministre de finances Hans-Rudolf Merz, va decidir ahir \"alleugerar\" el secret bancari. Requiescat in pace.Sotm\u00e8s a enormes pressions per part dels Estats Units i de la UE, principalment Alemanya i Fran\u00e7a, Sui\u00e7a a decidit enterrar el secret bancari abans de que es certifiqui\u2026","rel":"","context":"A &quot;General&quot;","block_context":{"text":"General","link":"https:\/\/blogs.avui.cat\/botonier\/category\/general\/"},"img":{"alt_text":"","src":"","width":0,"height":0},"classes":[]},{"id":175,"url":"https:\/\/blogs.avui.cat\/botonier\/2009\/02\/11\/la-paraula-dels-artistes-espriu-i-subirachs\/","url_meta":{"origin":184,"position":4},"title":"La paraula dels artistes Espriu i Subirachs","author":"Ramon Boixet","date":"11 febrer 2009","format":false,"excerpt":"L\u2019any 1975, l\u2019Editorial P\u00f2rtic va editar un llibre de la Maria Aur\u00e8lia Capmany amb el t\u00edtol de \u201eSubirachs o retrat de l\u2019artista com a escultor adult\u201c. De fet \u00e9s un recull de converses entre la Campmany i l\u2019escultor amb comentaris molt oportuns de l\u2019escriptora. En un dels cap\u00edtols es transcriu\u2026","rel":"","context":"A &quot;General&quot;","block_context":{"text":"General","link":"https:\/\/blogs.avui.cat\/botonier\/category\/general\/"},"img":{"alt_text":"","src":"","width":0,"height":0},"classes":[]},{"id":574,"url":"https:\/\/blogs.avui.cat\/botonier\/2010\/06\/26\/diner-negre-a-suissa-3\/","url_meta":{"origin":184,"position":5},"title":"Diner negre a Su\u00efssa","author":"Ramon Boixet","date":"26 juny 2010","format":false,"excerpt":"Hisenda ha escrit a unes 3000 persones d\u2019Espanya amb diners dipositats a Su\u00efssa perqu\u00e8 es posin al dia amb l\u2019Ag\u00e8ncia Tribut\u00e0ria amb la sospita que han amagat un total de m\u00e9s de 6.000 milions d\u2019euros. De fet es tracta de comptes dipositats en una filial a Ginebra del banc HSBC,\u2026","rel":"","context":"A &quot;General&quot;","block_context":{"text":"General","link":"https:\/\/blogs.avui.cat\/botonier\/category\/general\/"},"img":{"alt_text":"","src":"","width":0,"height":0},"classes":[]}],"jetpack_sharing_enabled":true,"jetpack_likes_enabled":true,"_links":{"self":[{"href":"https:\/\/blogs.avui.cat\/botonier\/wp-json\/wp\/v2\/posts\/184","targetHints":{"allow":["GET"]}}],"collection":[{"href":"https:\/\/blogs.avui.cat\/botonier\/wp-json\/wp\/v2\/posts"}],"about":[{"href":"https:\/\/blogs.avui.cat\/botonier\/wp-json\/wp\/v2\/types\/post"}],"author":[{"embeddable":true,"href":"https:\/\/blogs.avui.cat\/botonier\/wp-json\/wp\/v2\/users\/126"}],"replies":[{"embeddable":true,"href":"https:\/\/blogs.avui.cat\/botonier\/wp-json\/wp\/v2\/comments?post=184"}],"version-history":[{"count":3,"href":"https:\/\/blogs.avui.cat\/botonier\/wp-json\/wp\/v2\/posts\/184\/revisions"}],"predecessor-version":[{"id":3150,"href":"https:\/\/blogs.avui.cat\/botonier\/wp-json\/wp\/v2\/posts\/184\/revisions\/3150"}],"wp:attachment":[{"href":"https:\/\/blogs.avui.cat\/botonier\/wp-json\/wp\/v2\/media?parent=184"}],"wp:term":[{"taxonomy":"category","embeddable":true,"href":"https:\/\/blogs.avui.cat\/botonier\/wp-json\/wp\/v2\/categories?post=184"},{"taxonomy":"post_tag","embeddable":true,"href":"https:\/\/blogs.avui.cat\/botonier\/wp-json\/wp\/v2\/tags?post=184"}],"curies":[{"name":"wp","href":"https:\/\/api.w.org\/{rel}","templated":true}]}}