{"id":183,"date":"2009-02-19T10:00:00","date_gmt":"2009-02-19T08:00:00","guid":{"rendered":"http:\/\/blogs.avui.cat\/botonier\/2009\/02\/19\/l%e2%80%99exercit-secret-de-suissa-1-els-antecedents\/"},"modified":"2013-06-19T09:49:53","modified_gmt":"2013-06-19T08:49:53","slug":"l%e2%80%99exercit-secret-de-suissa-1-els-antecedents","status":"publish","type":"post","link":"https:\/\/blogs.avui.cat\/botonier\/2009\/02\/19\/l%e2%80%99exercit-secret-de-suissa-1-els-antecedents\/","title":{"rendered":"L\u2019ex\u00e8rcit secret de Su\u00efssa: 1. Els antecedents"},"content":{"rendered":"<p><a href=\"https:\/\/i0.wp.com\/1.bp.blogspot.com\/_gS2A8TwyupA\/SZ0SIFlNEcI\/AAAAAAAAAcg\/42WNRYo6vYo\/s1600-h\/Fichen.jpg\"><img data-recalc-dims=\"1\" decoding=\"async\" src=\"https:\/\/i0.wp.com\/1.bp.blogspot.com\/_gS2A8TwyupA\/SZ0SIFlNEcI\/AAAAAAAAAcg\/42WNRYo6vYo\/s200\/Fichen.jpg\" border=\"0\" \/><\/a><\/p>\n<p>La possible decisi\u00f3 d\u2019enviar soldats a Som\u00e0lia per protegir els vaixells de bandera su\u00efssa dels atacs del pirates, ha ressuscitat l\u2019assumpte del denominat Ex\u00e8rcit Secret P26 que era un tema que dormia en un volgut oblit.<\/p>\n<p>La creaci\u00f3 d\u2019aquest Ex\u00e8rcit, o millor dit aquesta Unitat Secreta, \u00e9s escandalosa i destrueix molts dels conceptes democr\u00e0tics que els su\u00efssos consideraven arrelats.<br \/>\nComen\u00e7arem per explicar els antecedents del cas.<\/p>\n<p>El 2 d\u2019octubre del 1984 va ser elegida Consellera federal (Ministra) la senyora Elisabeth Kopp, la primera dona a accedir a un c\u00e0rrec ministerial a Su\u00efssa. La senyora Kopp, del Partit Liberal, es va encarregar del  ministeri de Just\u00edcia i Policia.<\/p>\n<p>Un dia d\u2019octubre del 1988, la senyora Kopp es va assabentar que una empresa en la que el seu marit era conseller  era suspecte de moure diner negre. L\u2019esposa va dominar la ministra i va telefonar al seu marit per demanar que sort\u00eds immediatament del consell d\u2019administraci\u00f3 de l\u2019empresa, que era Shakarchi Trading. Ell ho va fer el mateix dia.  Un parell de setmanes despr\u00e9s, la premsa va saber de la retirada del senyor Kopp  i van comen\u00e7ar les sospites d\u2019una informaci\u00f3 confidencial sortida del ministeri de la seva esposa. Curt, el 9 de desembre 1988 la ministra va recon\u00e8ixer que era ella la que havia fet la trucada i tres dies despr\u00e9s va dimitir.<\/p>\n<p>El Parlament va crear una comissi\u00f3 per tal d\u2019esbrinar com es guardaven i s\u2019administraven les informacions que l\u2019estat  posseeix. Aquesta comissi\u00f3 va arribar al fons del denominat \u201eCas de les fitxes\u201c. Es va saber que l\u2019estat  tenia 700.000 (!) persones fitxades, politics de tot color, industrials i gent del carrer que per les seves activitats, per exemple viatges, eren suspectes de fer activitats perilloses per a l\u2019estat. Un veritables esc\u00e0ndol que en fons podia afectar a tothom directament, i que feia que el \u201eBig Brother\u201c de la novel\u2022la de Orwell qued\u00e9s petit i Su\u00efssa sembles un estat stalinista.<\/p>\n<p>Les investigacions del afer de les fitxes va conduir a descobrir l\u2019organitzaci\u00f3 secreta P26. En parlarem dem\u00e0 ja que el tema \u00e9s molt instructiu per demostrar que ni en la millor democr\u00e0cia estem lliures de actituds il\u2022legals i de injust\u00edcies.<\/p>\n","protected":false},"excerpt":{"rendered":"<p>La possible decisi\u00f3 d\u2019enviar soldats a Som\u00e0lia per protegir els vaixells de bandera su\u00efssa dels atacs del pirates, ha ressuscitat l\u2019assumpte del denominat Ex\u00e8rcit Secret P26 que era un tema que dormia en un volgut oblit. La creaci\u00f3 d\u2019aquest Ex\u00e8rcit, o millor dit aquesta Unitat Secreta, \u00e9s escandalosa i destrueix molts dels conceptes democr\u00e0tics que [&hellip;]<\/p>\n","protected":false},"author":126,"featured_media":0,"comment_status":"closed","ping_status":"closed","sticky":false,"template":"","format":"standard","meta":{"jetpack_post_was_ever_published":false,"_jetpack_newsletter_access":"","_jetpack_dont_email_post_to_subs":false,"_jetpack_newsletter_tier_id":0,"_jetpack_memberships_contains_paywalled_content":false,"_jetpack_memberships_contains_paid_content":false,"footnotes":"","jetpack_publicize_message":"","jetpack_publicize_feature_enabled":true,"jetpack_social_post_already_shared":false,"jetpack_social_options":{"image_generator_settings":{"template":"highway","default_image_id":0,"font":"","enabled":false},"version":2}},"categories":[1],"tags":[],"class_list":["post-183","post","type-post","status-publish","format-standard","hentry","category-general"],"jetpack_publicize_connections":[],"jetpack_featured_media_url":"","jetpack-related-posts":[{"id":185,"url":"https:\/\/blogs.avui.cat\/botonier\/2009\/02\/21\/l%e2%80%99exercit-secret-de-suissa-i-3-detalls-finals\/","url_meta":{"origin":183,"position":0},"title":"L\u2019ex\u00e8rcit secret de Su\u00efssa: i 3. Detalls finals","author":"Ramon Boixet","date":"21 febrer 2009","format":false,"excerpt":"Cap dels 400 membres del ex\u00e8rcit secret ha donat la cara en els 17 anys des la dissoluci\u00f3 oficial del cos. Fins el darrer dimecres.A quarts de set de la tarda del dimecres 18 la radio p\u00fablica su\u00efssa emetia una entrevista amb el senyor Hansueli K\u00fcnzler, ex-membre del P26. L\u2019entrevistat\u2026","rel":"","context":"A &quot;General&quot;","block_context":{"text":"General","link":"https:\/\/blogs.avui.cat\/botonier\/category\/general\/"},"img":{"alt_text":"","src":"","width":0,"height":0},"classes":[]},{"id":757,"url":"https:\/\/blogs.avui.cat\/botonier\/2010\/10\/07\/les-dones-manen\/","url_meta":{"origin":183,"position":1},"title":"Les dones manen","author":"Ramon Boixet","date":"7 octubre 2010","format":false,"excerpt":"Amb l\u2019elecci\u00f3 pel Parlament en ple de dos nous ministres per cobrir els llocs de dos dimissionaris, a Su\u00efssa s\u2019ha produ\u00eft una situaci\u00f3 poc com\u00fa, amb una majoria de dones en els llocs claus de la naci\u00f3. En el govern, compost de 7 ministres de cinc partits diferents, la majoria\u2026","rel":"","context":"A &quot;General&quot;","block_context":{"text":"General","link":"https:\/\/blogs.avui.cat\/botonier\/category\/general\/"},"img":{"alt_text":"","src":"https:\/\/i0.wp.com\/blogs.avui.cat\/botonier\/files\/2010\/10\/bundesrat.jpg?resize=350%2C200","width":350,"height":200},"classes":[]},{"id":3579,"url":"https:\/\/blogs.avui.cat\/botonier\/2021\/01\/31\/el-sufragi-femeni-un-dret-poc-valorat%e2%80%a8\/","url_meta":{"origin":183,"position":2},"title":"El sufragi femen\u00ed: un dret poc valorat\u2028","author":"Ramon Boixet","date":"31 gener 2021","format":false,"excerpt":"\u00a0 El\u00a0pr\u00f2xim dia\u00a07 de febrer\u00a0Su\u00efssa\u00a0celebrar\u00e0 els\u00a0cinquanta\u00a0anys del\u00a0refer\u00e8ndum\u00a0que\u00a0el 1971\u00a0va donar a les dones el dret de vot a tots nivells. \u201c\u00a0\u00bfNom\u00e9s\u00a0cinquanta\u00a0anys a Su\u00efssa?\",\u00a0us podeu preguntar. A Espanya es va\u00a0aprovar\u00a0el dia 1 d'octubre del 1931,\u00a0\u00e9s\u00a0a dir\u00a0quaranta\u00a0anys abans que a Su\u00efssa. Com a totes les coses, conv\u00e9 donar-hi un cop d'ull m\u00e9s rigor\u00f3s.\u2026","rel":"","context":"A &quot;General&quot;","block_context":{"text":"General","link":"https:\/\/blogs.avui.cat\/botonier\/category\/general\/"},"img":{"alt_text":"","src":"https:\/\/i0.wp.com\/blogs.avui.cat\/botonier\/files\/2021\/01\/fullsizeoutput_2caf-150x150.jpeg?resize=350%2C200","width":350,"height":200},"classes":[]},{"id":184,"url":"https:\/\/blogs.avui.cat\/botonier\/2009\/02\/20\/l%e2%80%99exercit-secret-de-suissa-2-organitzacio\/","url_meta":{"origin":183,"position":3},"title":"L\u2019ex\u00e8rcit secret de Su\u00efssa: 2. Organitzaci\u00f3","author":"Ramon Boixet","date":"20 febrer 2009","format":false,"excerpt":"El \u201cdescobriment\u201d fet l\u2019any 1990 de l\u2019exist\u00e8ncia d\u2019un cos d\u2019ex\u00e8rcit secret, el P26, i d\u2019un servei secret, el P27, va deixar els su\u00efssos abatuts. Junt amb l\u2019exist\u00e8ncia de milers de fitxes sobre persones que estaven molt lluny de creure\u2019s objecte d\u2019investigaci\u00f3, el cop va ser molt dur i encara que\u2026","rel":"","context":"A &quot;General&quot;","block_context":{"text":"General","link":"https:\/\/blogs.avui.cat\/botonier\/category\/general\/"},"img":{"alt_text":"","src":"","width":0,"height":0},"classes":[]},{"id":123,"url":"https:\/\/blogs.avui.cat\/botonier\/2008\/12\/17\/cuba-i-els-estats-units\/","url_meta":{"origin":183,"position":4},"title":"Cuba i els Estats Units","author":"Ramon Boixet","date":"17 desembre 2008","format":false,"excerpt":"Fins ara tothom creia que les relacions pol\u00edtiques i diplom\u00e0tiques entre el govern de Cuba i el dels Estats Units existien nom\u00e9s a trav\u00e9s d\u2019intermediaris. L\u2019ambaixada de Su\u00efssa a La Havana fa molts anys que \u00e9s l\u2019encarregada dels afers dels EEUU i d\u2019altres pa\u00efsos que han mantingut unes relacions ininterrompudes\u2026","rel":"","context":"A &quot;General&quot;","block_context":{"text":"General","link":"https:\/\/blogs.avui.cat\/botonier\/category\/general\/"},"img":{"alt_text":"","src":"","width":0,"height":0},"classes":[]},{"id":327,"url":"https:\/\/blogs.avui.cat\/botonier\/2009\/08\/11\/privilegis-dels-ministres-primera-part\/","url_meta":{"origin":183,"position":5},"title":"Privilegis dels ministres (primera part)","author":"Ramon Boixet","date":"11 agost 2009","format":false,"excerpt":"La dimissi\u00f3 d\u2019un Conseller federal (Ministre) i el conseg\u00fcent ball de candidats, ha portat a primera p\u00e0gina l\u2019atractivitat, el llast i els privilegis d\u2019un c\u00e0rrec tan alt.Comencem per recordar que a Su\u00efssa el govern est\u00e0 format per set persones, els Consellers Federals i que per simplificar anomenar\u00e9 Ministres, actualment de\u2026","rel":"","context":"A &quot;General&quot;","block_context":{"text":"General","link":"https:\/\/blogs.avui.cat\/botonier\/category\/general\/"},"img":{"alt_text":"","src":"","width":0,"height":0},"classes":[]}],"jetpack_sharing_enabled":true,"jetpack_likes_enabled":true,"_links":{"self":[{"href":"https:\/\/blogs.avui.cat\/botonier\/wp-json\/wp\/v2\/posts\/183","targetHints":{"allow":["GET"]}}],"collection":[{"href":"https:\/\/blogs.avui.cat\/botonier\/wp-json\/wp\/v2\/posts"}],"about":[{"href":"https:\/\/blogs.avui.cat\/botonier\/wp-json\/wp\/v2\/types\/post"}],"author":[{"embeddable":true,"href":"https:\/\/blogs.avui.cat\/botonier\/wp-json\/wp\/v2\/users\/126"}],"replies":[{"embeddable":true,"href":"https:\/\/blogs.avui.cat\/botonier\/wp-json\/wp\/v2\/comments?post=183"}],"version-history":[{"count":3,"href":"https:\/\/blogs.avui.cat\/botonier\/wp-json\/wp\/v2\/posts\/183\/revisions"}],"predecessor-version":[{"id":3151,"href":"https:\/\/blogs.avui.cat\/botonier\/wp-json\/wp\/v2\/posts\/183\/revisions\/3151"}],"wp:attachment":[{"href":"https:\/\/blogs.avui.cat\/botonier\/wp-json\/wp\/v2\/media?parent=183"}],"wp:term":[{"taxonomy":"category","embeddable":true,"href":"https:\/\/blogs.avui.cat\/botonier\/wp-json\/wp\/v2\/categories?post=183"},{"taxonomy":"post_tag","embeddable":true,"href":"https:\/\/blogs.avui.cat\/botonier\/wp-json\/wp\/v2\/tags?post=183"}],"curies":[{"name":"wp","href":"https:\/\/api.w.org\/{rel}","templated":true}]}}