{"id":182,"date":"2009-02-18T09:27:00","date_gmt":"2009-02-18T07:27:00","guid":{"rendered":"http:\/\/blogs.avui.cat\/botonier\/2009\/02\/18\/l%e2%80%99%e2%80%9cacord-de-barcelona%e2%80%9c\/"},"modified":"2013-06-19T09:49:53","modified_gmt":"2013-06-19T08:49:53","slug":"l%e2%80%99%e2%80%9cacord-de-barcelona%e2%80%9c","status":"publish","type":"post","link":"https:\/\/blogs.avui.cat\/botonier\/2009\/02\/18\/l%e2%80%99%e2%80%9cacord-de-barcelona%e2%80%9c\/","title":{"rendered":"L\u2019\u201cAcord de Barcelona\u201c"},"content":{"rendered":"<p><a href=\"https:\/\/i0.wp.com\/4.bp.blogspot.com\/_gS2A8TwyupA\/SZu4hlPoXZI\/AAAAAAAAAcY\/16yVx8OPqP0\/s1600-h\/Nokia.jpg\"><img data-recalc-dims=\"1\" decoding=\"async\" src=\"https:\/\/i0.wp.com\/4.bp.blogspot.com\/_gS2A8TwyupA\/SZu4hlPoXZI\/AAAAAAAAAcY\/16yVx8OPqP0\/s200\/Nokia.jpg\" border=\"0\" \/><\/a><\/p>\n<p>Ahir, a la ciutat de Barcelona, es va signar un acord de gran transcend\u00e8ncia i que era molt esperat.<\/p>\n<p>Si alg\u00fa m\u2019hagu\u00e9s preguntat quin acord m\u2019agradaria que es sign\u00e9s a Barcelona, hauria donat un parell de respostes espont\u00e0nies : <\/p>\n<p>Els partits PSC, ERC, CiU i IV han signat un acord amb el comprom\u00eds de fer front com\u00fa davant del govern de Madrid per defensar l&#8217;Estatut tal com va ser votat i per reclamar el finan\u00e7ament que el mateix Estatut disposa.<\/p>\n<p>Un acord entre el govern de Madrid  i la Generalitat  preveu la cessi\u00f3 total de<br \/>la gesti\u00f3 de l\u2019Aeroport del Prat a la Generalitat en un termini de dotze mesos.<\/p>\n<p>Els governs de Catalunya, Pa\u00eds Valenci\u00e0 i les Illes Balears han signat un acord  per tal d\u2019unir-se en la tasca de defensar la llengua comuna, respectant les variants regionals, en tots els \u00e0mbits  i al mateix temps presentar davant la UE una proposta per tal de que l\u2019idioma com\u00fa tingui representativitat europea, com correspon a la seva hist\u00f2ria i al nombre de gent que el parla.<\/p>\n<p>RENFE ha signat un acord amb la Generalitat per cedir la gesti\u00f3 dels trens de Rodalies i fer que millori la qualitat dels serveis. L\u2019estat Central far\u00e0 les previsions econ\u00f3miques necess\u00e0ries.<\/p>\n<p>Tot aix\u00f2 podrien ser acords  interessants per a Catalunya. El que ahir es va signar a Barcelona en certa forma tamb\u00e9 ho \u00e9s.  Les principals companyies productores de tel\u00e8fons m\u00f2bils han acordat proposar el mateix tipus de carregador per a tots els models futurs, de manera que sigui m\u00e9s f\u00e0cil l\u2019\u00fas dels m\u00f2bils i al mateix temps nom\u00e9s ser\u00e0 necessari produir la meitat dels carregadors dels que es fabriquen avui. <\/p>\n<p>No faig broma : \u00e9s una bona  noticia sobretot si pensem que avui dia pr\u00e0cticament cada fam\u00edlia posseeix almenys un tel\u00e8fon m\u00f2bil. El m\u00f3n parlar\u00e0 avui de Barcelona, i jo seguir\u00e9 pensat en els altres acords que tamb\u00e9 es podrien haver signat a la capital.<\/p>\n","protected":false},"excerpt":{"rendered":"<p>Ahir, a la ciutat de Barcelona, es va signar un acord de gran transcend\u00e8ncia i que era molt esperat. Si alg\u00fa m\u2019hagu\u00e9s preguntat quin acord m\u2019agradaria que es sign\u00e9s a Barcelona, hauria donat un parell de respostes espont\u00e0nies : Els partits PSC, ERC, CiU i IV han signat un acord amb el comprom\u00eds de fer [&hellip;]<\/p>\n","protected":false},"author":126,"featured_media":0,"comment_status":"closed","ping_status":"closed","sticky":false,"template":"","format":"standard","meta":{"jetpack_post_was_ever_published":false,"_jetpack_newsletter_access":"","_jetpack_dont_email_post_to_subs":false,"_jetpack_newsletter_tier_id":0,"_jetpack_memberships_contains_paywalled_content":false,"_jetpack_memberships_contains_paid_content":false,"footnotes":"","jetpack_publicize_message":"","jetpack_publicize_feature_enabled":true,"jetpack_social_post_already_shared":false,"jetpack_social_options":{"image_generator_settings":{"template":"highway","default_image_id":0,"font":"","enabled":false},"version":2}},"categories":[1],"tags":[],"class_list":["post-182","post","type-post","status-publish","format-standard","hentry","category-general"],"jetpack_publicize_connections":[],"jetpack_featured_media_url":"","jetpack-related-posts":[{"id":420,"url":"https:\/\/blogs.avui.cat\/botonier\/2009\/12\/30\/rodalies-un-bombo-amb-cianur\/","url_meta":{"origin":182,"position":0},"title":"Rodalies: un bomb\u00f3 amb cianur","author":"Ramon Boixet","date":"30 desembre 2009","format":false,"excerpt":"Un dels sistemes m\u00e9s emprats per matar amb una certa eleg\u00e0ncia en les novel\u2022les polic\u00edaques cl\u00e0ssiques era regalar una capsa de bombons, pr\u00e8viament injectats d\u2019unes gotes de cianur. L\u2019efecte era radical i el mort tenia, almenys, la impressi\u00f3 d\u2019haver rebut un obsequi distingit.Amb el trasp\u00e0s de les Rodalies a la\u2026","rel":"","context":"A &quot;General&quot;","block_context":{"text":"General","link":"https:\/\/blogs.avui.cat\/botonier\/category\/general\/"},"img":{"alt_text":"","src":"","width":0,"height":0},"classes":[]},{"id":211,"url":"https:\/\/blogs.avui.cat\/botonier\/2009\/03\/25\/no-compliquem-les-lleis\/","url_meta":{"origin":182,"position":1},"title":"No compliquem les lleis !","author":"Ramon Boixet","date":"25 mar\u00e7 2009","format":false,"excerpt":"Qualsevol acord, contracte o conveni que no c\u00e0piga en una fulla de paper, ha de ser sospit\u00f3s. Tot es pot formular d'una manera senzilla si partim de la base que ambd\u00f3s signants van amb bones intencions i confien plenament l'un en l'altre. Tot el que sobrepassi unes poques dotzenes de\u2026","rel":"","context":"A &quot;General&quot;","block_context":{"text":"General","link":"https:\/\/blogs.avui.cat\/botonier\/category\/general\/"},"img":{"alt_text":"","src":"","width":0,"height":0},"classes":[]},{"id":313,"url":"https:\/\/blogs.avui.cat\/botonier\/2009\/07\/22\/tragedia-i-reflexio\/","url_meta":{"origin":182,"position":2},"title":"Trag\u00e8dia i reflexi\u00f3","author":"Ramon Boixet","date":"22 juliol 2009","format":false,"excerpt":"La mort dels quatre bombers ahir a Horta de Sant Joan \u00e9s una gran trag\u00e8dia i el nostre record ha d\u2019anar a les seves fam\u00edlies, amics i companys.La vida pol\u00edtica, que no \u00e9s insensible a fets humans tan importants, ha quedat en certa manera paralitzada un parell de dies, amb\u2026","rel":"","context":"A &quot;General&quot;","block_context":{"text":"General","link":"https:\/\/blogs.avui.cat\/botonier\/category\/general\/"},"img":{"alt_text":"","src":"","width":0,"height":0},"classes":[]},{"id":536,"url":"https:\/\/blogs.avui.cat\/botonier\/2010\/05\/13\/la-generalitat-valenciana-i-la-llibertat-dinformacio\/","url_meta":{"origin":182,"position":3},"title":"La Generalitat Valenciana i la llibertat d&#8217;informaci\u00f3","author":"Ramon Boixet","date":"13 maig 2010","format":false,"excerpt":"Ara resulta que el govern del PP liderat per Francisco Camps vol fer tancar els repetidors que permeten que Catalunya Radio s\u2019escolti al Pa\u00eds Valenci\u00e0, en un acte que s\u2019uneix al decretat silenci de les emissions de TV3. Diu el govern valenci\u00e0 que es tracta d\u2019una mesura administrativa i no\u2026","rel":"","context":"A &quot;General&quot;","block_context":{"text":"General","link":"https:\/\/blogs.avui.cat\/botonier\/category\/general\/"},"img":{"alt_text":"","src":"","width":0,"height":0},"classes":[]},{"id":734,"url":"https:\/\/blogs.avui.cat\/botonier\/2010\/05\/13\/la-generalitat-valenciana-i-la-llibertat-dinformacio-2\/","url_meta":{"origin":182,"position":4},"title":"La Generalitat Valenciana i la llibertat d&#8217;informaci\u00f3","author":"Ramon Boixet","date":"13 maig 2010","format":false,"excerpt":"Ara resulta que el govern del PP liderat per Francisco Camps vol fer tancar els repetidors que permeten que Catalunya Radio s\u2019escolti al Pa\u00eds Valenci\u00e0, en un acte que s\u2019uneix al decretat silenci de les emissions de TV3. Diu el govern valenci\u00e0 que es tracta d\u2019una mesura administrativa i no\u2026","rel":"","context":"A &quot;General&quot;","block_context":{"text":"General","link":"https:\/\/blogs.avui.cat\/botonier\/category\/general\/"},"img":{"alt_text":"","src":"","width":0,"height":0},"classes":[]},{"id":490,"url":"https:\/\/blogs.avui.cat\/botonier\/2010\/03\/27\/lamenaca-de-larmament-nuclear\/","url_meta":{"origin":182,"position":5},"title":"L&#8217;amena\u00e7a de l&#8217;armament nuclear","author":"Ramon Boixet","date":"27 mar\u00e7 2010","format":false,"excerpt":"La noticia disposa de tots els ingredients per tranquil\u2022litzar, i fins i tot alegrar, a tothom: els Estats Units i R\u00fassia han arribat a un acord per signar un tractat per a la reducci\u00f3 d'armament nuclear. Sembla que aquest tractat vol reduir fins a un ter\u00e7 les armes nuclears d'arreu\u2026","rel":"","context":"A &quot;General&quot;","block_context":{"text":"General","link":"https:\/\/blogs.avui.cat\/botonier\/category\/general\/"},"img":{"alt_text":"","src":"","width":0,"height":0},"classes":[]}],"jetpack_sharing_enabled":true,"jetpack_likes_enabled":true,"_links":{"self":[{"href":"https:\/\/blogs.avui.cat\/botonier\/wp-json\/wp\/v2\/posts\/182","targetHints":{"allow":["GET"]}}],"collection":[{"href":"https:\/\/blogs.avui.cat\/botonier\/wp-json\/wp\/v2\/posts"}],"about":[{"href":"https:\/\/blogs.avui.cat\/botonier\/wp-json\/wp\/v2\/types\/post"}],"author":[{"embeddable":true,"href":"https:\/\/blogs.avui.cat\/botonier\/wp-json\/wp\/v2\/users\/126"}],"replies":[{"embeddable":true,"href":"https:\/\/blogs.avui.cat\/botonier\/wp-json\/wp\/v2\/comments?post=182"}],"version-history":[{"count":3,"href":"https:\/\/blogs.avui.cat\/botonier\/wp-json\/wp\/v2\/posts\/182\/revisions"}],"predecessor-version":[{"id":3152,"href":"https:\/\/blogs.avui.cat\/botonier\/wp-json\/wp\/v2\/posts\/182\/revisions\/3152"}],"wp:attachment":[{"href":"https:\/\/blogs.avui.cat\/botonier\/wp-json\/wp\/v2\/media?parent=182"}],"wp:term":[{"taxonomy":"category","embeddable":true,"href":"https:\/\/blogs.avui.cat\/botonier\/wp-json\/wp\/v2\/categories?post=182"},{"taxonomy":"post_tag","embeddable":true,"href":"https:\/\/blogs.avui.cat\/botonier\/wp-json\/wp\/v2\/tags?post=182"}],"curies":[{"name":"wp","href":"https:\/\/api.w.org\/{rel}","templated":true}]}}