{"id":181,"date":"2009-02-17T09:14:00","date_gmt":"2009-02-17T07:14:00","guid":{"rendered":"http:\/\/blogs.avui.cat\/botonier\/2009\/02\/17\/sera-que-m%e2%80%99estic-fent-vell%e2%80%a6\/"},"modified":"2013-06-19T09:49:53","modified_gmt":"2013-06-19T08:49:53","slug":"sera-que-m%e2%80%99estic-fent-vell%e2%80%a6","status":"publish","type":"post","link":"https:\/\/blogs.avui.cat\/botonier\/2009\/02\/17\/sera-que-m%e2%80%99estic-fent-vell%e2%80%a6\/","title":{"rendered":"Ser\u00e0 que m\u2019estic fent vell\u2026"},"content":{"rendered":"<p><a href=\"https:\/\/i0.wp.com\/3.bp.blogspot.com\/_gS2A8TwyupA\/SZpj8UFlryI\/AAAAAAAAAcQ\/Wk0unf01fXU\/s1600-h\/Winter.jpg\"><img data-recalc-dims=\"1\" decoding=\"async\" src=\"https:\/\/i0.wp.com\/3.bp.blogspot.com\/_gS2A8TwyupA\/SZpj8UFlryI\/AAAAAAAAAcQ\/Wk0unf01fXU\/s200\/Winter.jpg\" border=\"0\" \/><\/a><\/p>\n<p>Escric aquestes ratlles i a fora segueix nevant. I dic segueix perqu\u00e8 ja fa un parell d\u2019hores que ha comen\u00e7at i no sembla que tingui ganes de parar. Ara ja anem per uns set cent\u00edmetres.<\/p>\n<p>Mentre el PSC parla baix per no molestar el \u201egerm\u00e0 gran\u201c de Madrid, ERC comen\u00e7a a remugar i CiU esmola les eines, jo parlo de la neu.<\/p>\n<p>Els hiverns a Su\u00efssa, per molt durs que semblin no acostumen a posar problemes a la poblaci\u00f3. El dispositiu de neteja de carrers i carreteres funciona, els trens no tenen pr\u00e0cticament retards i les escoles no tanquen. Les cases tenen les parets exteriors i les finestres molt ben a\u00efllades, les calefaccions s\u00f3n eficients i els nostres cotxes porten de octubre fins a abril neum\u00e0tics d\u2019hivern i tot aix\u00f2 ens fa que l\u2019hivern sigui natural.<\/p>\n<p>Molt lluny dels hiverns de la meva inf\u00e0ncia a Manresa, amb un fred humit intens i llarg i amb nosaltres, els nens en edat escolar, vestits amb pantalons curts. Ni els meus fills ni els meus nets podran entendre mai que nosaltres an\u00e9ssim amb pantalons curts fins als dotze anys, despr\u00e9s amb pantalons de golf (un anacronisme que avui m\u2019horroritza!) i nom\u00e9s amb catorze anys ens pogu\u00e9ssim \u201eoficialment\u201c posar pantalons llargs.<\/p>\n<p>Si a aix\u00f2 sumem les restriccions de llum que ens obligaven a sopar am espelmes o quinqu\u00e9s i la manca de calefaccions o bombones de but\u00e0, \u00e9s f\u00e0cil imaginar el que un hivern a la Manresa dels anys 40  significava. Les estufes eren el centre de la vida laboral i de la llar. Estufes que cremaven serradures o  clofolles d\u2019ametlla o carb\u00f3.<br \/>\nI nosaltres amb pantalons curts!.<\/p>\n<p>El PSC  xiuxiueja,  ERC obre la porta per sortir del tripartit, CiU espera amb delit els esdeveniments i jo parlo dels hiverns a Manresa, mentre a Su\u00efssa ens cau la neu. Ser\u00e0 que m\u2019estic fent vell.<\/p>\n","protected":false},"excerpt":{"rendered":"<p>Escric aquestes ratlles i a fora segueix nevant. I dic segueix perqu\u00e8 ja fa un parell d\u2019hores que ha comen\u00e7at i no sembla que tingui ganes de parar. Ara ja anem per uns set cent\u00edmetres. Mentre el PSC parla baix per no molestar el \u201egerm\u00e0 gran\u201c de Madrid, ERC comen\u00e7a a remugar i CiU esmola [&hellip;]<\/p>\n","protected":false},"author":126,"featured_media":0,"comment_status":"closed","ping_status":"closed","sticky":false,"template":"","format":"standard","meta":{"jetpack_post_was_ever_published":false,"_jetpack_newsletter_access":"","_jetpack_dont_email_post_to_subs":false,"_jetpack_newsletter_tier_id":0,"_jetpack_memberships_contains_paywalled_content":false,"_jetpack_memberships_contains_paid_content":false,"footnotes":"","jetpack_publicize_message":"","jetpack_publicize_feature_enabled":true,"jetpack_social_post_already_shared":false,"jetpack_social_options":{"image_generator_settings":{"template":"highway","default_image_id":0,"font":"","enabled":false},"version":2}},"categories":[1],"tags":[],"class_list":["post-181","post","type-post","status-publish","format-standard","hentry","category-general"],"jetpack_publicize_connections":[],"jetpack_featured_media_url":"","jetpack-related-posts":[{"id":140,"url":"https:\/\/blogs.avui.cat\/botonier\/2009\/01\/05\/topics-tipics-de-suissa-2-els-rellotges\/","url_meta":{"origin":181,"position":0},"title":"T\u00f2pics t\u00edpics de Su\u00efssa : 2. Els rellotges","author":"Ramon Boixet","date":"5 gener 2009","format":false,"excerpt":"Al parlar de rellotges su\u00efssos sempre venen a la mem\u00f2ria els rellotges de luxe (Rolex, Patek-Philippe, Omega...) i els rellotges de cu-cut. Els de luxe tenen en gran part un origen religi\u00f3s, i els de cu-cut no s\u00f3n su\u00efssos. De tot aix\u00f2 en parlarem avui. L\u2019origen de l\u2019industria rellotgera su\u00efssa\u2026","rel":"","context":"A &quot;General&quot;","block_context":{"text":"General","link":"https:\/\/blogs.avui.cat\/botonier\/category\/general\/"},"img":{"alt_text":"","src":"","width":0,"height":0},"classes":[]},{"id":430,"url":"https:\/\/blogs.avui.cat\/botonier\/2010\/01\/14\/el-joc-dels-jocs\/","url_meta":{"origin":181,"position":1},"title":"El joc dels Jocs","author":"Ramon Boixet","date":"14 gener 2010","format":false,"excerpt":"Els que encara tenim capacitat de sorpresa anem molt ben servits. Justament ahir l\u2019alcalde de Barcelona senyor Hereu va explicar en solitari, com si fos una \u00e0ria d\u2019opera, que Barcelona vol organitzar els Jocs Ol\u00edmpics d\u2019Hivern del 2022. Justament el mateix es fa p\u00fablic un sondeig del CiU sobre l\u2019alcaldia\u2026","rel":"","context":"A &quot;General&quot;","block_context":{"text":"General","link":"https:\/\/blogs.avui.cat\/botonier\/category\/general\/"},"img":{"alt_text":"","src":"","width":0,"height":0},"classes":[]},{"id":458,"url":"https:\/\/blogs.avui.cat\/botonier\/2010\/02\/17\/som-un-pais-ric\/","url_meta":{"origin":181,"position":2},"title":"Som un pa\u00eds ric!","author":"Ramon Boixet","date":"17 febrer 2010","format":false,"excerpt":"Acabo de llegir que l\u2019alcalde de Barcelona Jordi Hereu ha decidit viatjar a Vancouver acompanyat de vint assessors, per tal de comprovar com s\u2019han d\u2019organitzar uns jocs ol\u00edmpics d\u2019hivern. Com que som un pa\u00eds ric, l\u2019alcalde amb una comitiva de luxe pot fer les despeses necess\u00e0ries per recollir informacions \u00fatils\u2026","rel":"","context":"A &quot;General&quot;","block_context":{"text":"General","link":"https:\/\/blogs.avui.cat\/botonier\/category\/general\/"},"img":{"alt_text":"","src":"","width":0,"height":0},"classes":[]},{"id":471,"url":"https:\/\/blogs.avui.cat\/botonier\/2010\/03\/04\/lalcalde-hereu-somia-truites\/","url_meta":{"origin":181,"position":3},"title":"L&#8217;alcalde Hereu somia truites","author":"Ramon Boixet","date":"4 mar\u00e7 2010","format":false,"excerpt":"Els Jocs Ol\u00edmpics d\u2019Hivern a Vancouver s\u2019han acabat. Canad\u00e0 ha fet una bona organitzaci\u00f3 on nom\u00e9s el temps i el disseny de la pista de bobs han donat la nota negativa. Espanya no ha guanyat cap medalla, com era d\u2019esperar malgrat algunes opinions precipitadament contraries. El senyor Hereu, junt amb\u2026","rel":"","context":"A &quot;General&quot;","block_context":{"text":"General","link":"https:\/\/blogs.avui.cat\/botonier\/category\/general\/"},"img":{"alt_text":"","src":"","width":0,"height":0},"classes":[]},{"id":720,"url":"https:\/\/blogs.avui.cat\/botonier\/2010\/03\/04\/lalcalde-hereu-somia-truites-2\/","url_meta":{"origin":181,"position":4},"title":"L&#8217;alcalde Hereu somia truites","author":"Ramon Boixet","date":"4 mar\u00e7 2010","format":false,"excerpt":"Els Jocs Ol\u00edmpics d\u2019Hivern a Vancouver s\u2019han acabat. Canad\u00e0 ha fet una bona organitzaci\u00f3 on nom\u00e9s el temps i el disseny de la pista de bobs han donat la nota negativa. Espanya no ha guanyat cap medalla, com era d\u2019esperar malgrat algunes opinions precipitadament contraries. El senyor Hereu, junt amb\u2026","rel":"","context":"A &quot;General&quot;","block_context":{"text":"General","link":"https:\/\/blogs.avui.cat\/botonier\/category\/general\/"},"img":{"alt_text":"","src":"","width":0,"height":0},"classes":[]},{"id":425,"url":"https:\/\/blogs.avui.cat\/botonier\/2010\/01\/08\/avui-guanya-la-neu\/","url_meta":{"origin":181,"position":5},"title":"Avui guanya la neu","author":"Ramon Boixet","date":"8 gener 2010","format":false,"excerpt":"No \u00e9s per manca d\u2019assumptes d\u2019actualitat. De fet tant a Catalunya com a Su\u00efssa es pot triar un tema per comentar. Fins i tot he estat a punt de comen\u00e7ar a escriure sobre la inflaci\u00f3 negativa de Su\u00efssa per primera vegada en els darrers 50 anys, i sobretot analitzar les\u2026","rel":"","context":"A &quot;General&quot;","block_context":{"text":"General","link":"https:\/\/blogs.avui.cat\/botonier\/category\/general\/"},"img":{"alt_text":"","src":"","width":0,"height":0},"classes":[]}],"jetpack_sharing_enabled":true,"jetpack_likes_enabled":true,"_links":{"self":[{"href":"https:\/\/blogs.avui.cat\/botonier\/wp-json\/wp\/v2\/posts\/181","targetHints":{"allow":["GET"]}}],"collection":[{"href":"https:\/\/blogs.avui.cat\/botonier\/wp-json\/wp\/v2\/posts"}],"about":[{"href":"https:\/\/blogs.avui.cat\/botonier\/wp-json\/wp\/v2\/types\/post"}],"author":[{"embeddable":true,"href":"https:\/\/blogs.avui.cat\/botonier\/wp-json\/wp\/v2\/users\/126"}],"replies":[{"embeddable":true,"href":"https:\/\/blogs.avui.cat\/botonier\/wp-json\/wp\/v2\/comments?post=181"}],"version-history":[{"count":3,"href":"https:\/\/blogs.avui.cat\/botonier\/wp-json\/wp\/v2\/posts\/181\/revisions"}],"predecessor-version":[{"id":3153,"href":"https:\/\/blogs.avui.cat\/botonier\/wp-json\/wp\/v2\/posts\/181\/revisions\/3153"}],"wp:attachment":[{"href":"https:\/\/blogs.avui.cat\/botonier\/wp-json\/wp\/v2\/media?parent=181"}],"wp:term":[{"taxonomy":"category","embeddable":true,"href":"https:\/\/blogs.avui.cat\/botonier\/wp-json\/wp\/v2\/categories?post=181"},{"taxonomy":"post_tag","embeddable":true,"href":"https:\/\/blogs.avui.cat\/botonier\/wp-json\/wp\/v2\/tags?post=181"}],"curies":[{"name":"wp","href":"https:\/\/api.w.org\/{rel}","templated":true}]}}