{"id":159,"date":"2009-01-24T09:42:00","date_gmt":"2009-01-24T07:42:00","guid":{"rendered":"http:\/\/blogs.avui.cat\/botonier\/2009\/01\/24\/el-bus-ateu\/"},"modified":"2013-06-19T09:50:24","modified_gmt":"2013-06-19T08:50:24","slug":"el-bus-ateu","status":"publish","type":"post","link":"https:\/\/blogs.avui.cat\/botonier\/2009\/01\/24\/el-bus-ateu\/","title":{"rendered":"El Bus Ateu"},"content":{"rendered":"<p><a href=\"https:\/\/i0.wp.com\/3.bp.blogspot.com\/_gS2A8TwyupA\/SXrG48h_VWI\/AAAAAAAAAZY\/5E5aXFw2LcU\/s1600-h\/Bus.jpg\"><img data-recalc-dims=\"1\" decoding=\"async\" src=\"https:\/\/i0.wp.com\/3.bp.blogspot.com\/_gS2A8TwyupA\/SXrG48h_VWI\/AAAAAAAAAZY\/5E5aXFw2LcU\/s200\/Bus.jpg\" border=\"0\" \/><\/a><\/p>\n<p>La campanya denominada &#8220;Bus Ateu&#8221; ha servit per que es publiquessin molts comentaris a tots els mitjans de comunicaci\u00f3, tant favorables com contraris.<\/p>\n<p>Ja s\u00e9 que estic caminant sobre un terreny bellugad\u00eds per\u00f2 \u00e9s un tema aquest de l\u2019exist\u00e8ncia de D\u00e9u, del que ning\u00fa \u00e9s ali\u00e8 perqu\u00e8 des que l\u2019home \u00e9s home les preguntes sobre l\u2019origen i el final de la vida han ocupat i preocupat, sense que fins ara hi hagi una resposta definitiva, v\u00e0lida i convincent per a tothom perqu\u00e8 tota resposta demana una bona dosi de fe, que \u00e9s una virtut, ai!, en clara decad\u00e8ncia. <\/p>\n<p>Si com diu el cartell dels autobusos \u201cprobablement D\u00e9u no existeix\u201d, en lloc de donar-nos una resposta o una soluci\u00f3, encara ens ho complica m\u00e9s tot. El \u201cprobablement\u201d ja denota una manca de convicci\u00f3 total en la no-exist\u00e8ncia de D\u00e9u. O potser s\u2019ha formulat aix\u00ed perqu\u00e8 no poden demostrar que no existeix i per tant, sembrant el dubte es guanyen alguns adeptes poc necessitats d\u2019argument s\u00f2lids i alhora es curen en salut.<\/p>\n<p>En realitat conviuen tres tend\u00e8ncies al tractar el tema D\u00e9u : els que creuen (per tradici\u00f3 o per convenciment intern), els que no creuen i els que dubten perqu\u00e8 no troben els arguments definitius. L\u2019eterna pol\u00e8mica entre els creients, els ateus i els agn\u00f2stics que continuar\u00e0 malgrat la campanya dels autobusos i la anti-campanya anunciada.<\/p>\n<p>La segona part del cartell \u00e9s menys pol\u00e8mica : \u201cDeixa de preocupar-te i gaudeix la vida\u201d. Molt b\u00e9. M\u2019hi apunto. Per\u00f2 nom\u00e9s per un curt temps ja que a la primera que caigui malalt greu i vegi apropar-se la dalla m\u2019agradar\u00e0 saber amb que puc comptar una vegada els meu cos  plegui. I quan vegi o sofreixi alguna injust\u00edcia greu, quan innocents segueixin morin a mans d\u2019altres en guerres cruels, voldr\u00e9 saber com es pot explicar tot aix\u00f2. <\/p>\n<p>I em temo que els de la campanya no podran donar-me arguments irrebatibles. Endavant els que viuen la fe i en tenen  prou. Endavant els que dubten perqu\u00e8 nom\u00e9s cercant es pot arribar, potser, a trobar la resposta. Endavant els que no creuen, per\u00f2 sense tancar els ulls i sense pensar que la ra\u00f3 \u00e9s tota d\u2019ells. <\/p>\n<p>Toler\u00e0ncia i inter\u00e8s pels sentiments del altres \u00e9s una de les maneres de gaudir la vida, com proposa el cartell de l\u2019autob\u00fas.<\/p>\n","protected":false},"excerpt":{"rendered":"<p>La campanya denominada &#8220;Bus Ateu&#8221; ha servit per que es publiquessin molts comentaris a tots els mitjans de comunicaci\u00f3, tant favorables com contraris. Ja s\u00e9 que estic caminant sobre un terreny bellugad\u00eds per\u00f2 \u00e9s un tema aquest de l\u2019exist\u00e8ncia de D\u00e9u, del que ning\u00fa \u00e9s ali\u00e8 perqu\u00e8 des que l\u2019home \u00e9s home les preguntes sobre [&hellip;]<\/p>\n","protected":false},"author":126,"featured_media":0,"comment_status":"closed","ping_status":"closed","sticky":false,"template":"","format":"standard","meta":{"jetpack_post_was_ever_published":false,"_jetpack_newsletter_access":"","_jetpack_dont_email_post_to_subs":false,"_jetpack_newsletter_tier_id":0,"_jetpack_memberships_contains_paywalled_content":false,"_jetpack_memberships_contains_paid_content":false,"footnotes":"","jetpack_publicize_message":"","jetpack_publicize_feature_enabled":true,"jetpack_social_post_already_shared":false,"jetpack_social_options":{"image_generator_settings":{"template":"highway","default_image_id":0,"font":"","enabled":false},"version":2}},"categories":[1],"tags":[],"class_list":["post-159","post","type-post","status-publish","format-standard","hentry","category-general"],"jetpack_publicize_connections":[],"jetpack_featured_media_url":"","jetpack-related-posts":[{"id":100,"url":"https:\/\/blogs.avui.cat\/botonier\/2008\/11\/28\/curt-i-precis\/","url_meta":{"origin":159,"position":0},"title":"Curt i prec\u00eds","author":"Ramon Boixet","date":"28 novembre 2008","format":false,"excerpt":"Deu ser una de les caracter\u00edstiques innates dels homes l\u2019impulsi\u00f3 a omplir, a inflar, a allargar les opinions, els discursos, els escrits. Tots els homes p\u00fablics, essencialment els politics, tenen la tend\u00e8ncia a fer discursos molt llargs que, ben mirat, es podrien resumir en un parell de frases. O molt\u2026","rel":"","context":"A &quot;General&quot;","block_context":{"text":"General","link":"https:\/\/blogs.avui.cat\/botonier\/category\/general\/"},"img":{"alt_text":"","src":"","width":0,"height":0},"classes":[]},{"id":473,"url":"https:\/\/blogs.avui.cat\/botonier\/2010\/03\/08\/inteligencia-politica-i-religio\/","url_meta":{"origin":159,"position":1},"title":"Intel\u00b7lig\u00e8ncia, pol\u00edtica i religi\u00f3","author":"Ramon Boixet","date":"8 mar\u00e7 2010","format":false,"excerpt":"El psic\u00f2leg Satoshi Kanazawa ha publicat un estudi al \u201eSocial Psychology Quarterly\u201camb el t\u00edtol de \u201cWhy Liberals and Atheists Are More Intelligent ( \u201cPerqu\u00e8 els lliberals i els ateus s\u00f3n m\u00e9s intel\u2022ligents \u201c). No cal dir que nom\u00e9s llegint el t\u00edtol em van entrar ganes de saber m\u00e9s sobre l\u2019estudi\u2026","rel":"","context":"A &quot;General&quot;","block_context":{"text":"General","link":"https:\/\/blogs.avui.cat\/botonier\/category\/general\/"},"img":{"alt_text":"","src":"","width":0,"height":0},"classes":[]},{"id":82,"url":"https:\/\/blogs.avui.cat\/botonier\/2008\/11\/10\/les-nostres-arrels\/","url_meta":{"origin":159,"position":2},"title":"Les nostres arrels","author":"Ramon Boixet","date":"10 novembre 2008","format":false,"excerpt":"L'elecci\u00f3 de Barak Obama a la presid\u00e8ncia del Estats Units ha fet c\u00f3rrer una riuada de comentaris sobre els m\u00e9s diversos aspectes : color de la pell, experi\u00e8ncia pol\u00edtica, influencia del deus or\u00edgens familiars. Nascut a Hawaii d'un pare keny\u00e0 i d'una mare americana molt s'han preguntat quines son les\u2026","rel":"","context":"A &quot;General&quot;","block_context":{"text":"General","link":"https:\/\/blogs.avui.cat\/botonier\/category\/general\/"},"img":{"alt_text":"","src":"","width":0,"height":0},"classes":[]},{"id":77,"url":"https:\/\/blogs.avui.cat\/botonier\/2008\/10\/22\/dubtes-i-mes-dubtes\/","url_meta":{"origin":159,"position":3},"title":"Dubtes i m\u00e9s dubtes","author":"Ramon Boixet","date":"22 octubre 2008","format":false,"excerpt":"Tots els mitjans de comunicaci\u00f3, escrits, parlats i electr\u00f2nics, ens aclaparen darrerament amb un allau de noticies sobre la situaci\u00f3 financera mundial i nacional. Les opinions son per tots el gustos i van de la desesperaci\u00f3 i poca esperan\u00e7a en el futur fins al optimisme encara que mesurat. Uns creuen\u2026","rel":"","context":"A &quot;General&quot;","block_context":{"text":"General","link":"https:\/\/blogs.avui.cat\/botonier\/category\/general\/"},"img":{"alt_text":"","src":"","width":0,"height":0},"classes":[]},{"id":814,"url":"https:\/\/blogs.avui.cat\/botonier\/2010\/11\/04\/i-si-no-parles-en-catala\/","url_meta":{"origin":159,"position":4},"title":"I si no parl\u00e9s en catal\u00e0&#8230;?","author":"Ramon Boixet","date":"4 novembre 2010","format":false,"excerpt":"La visita del Papa a Barcelona s'ha tret de polleguera i d\u2019una visita certament important, per\u00f2 d\u2019un contingut essencialment religi\u00f3s, se n\u2019ha fet un assumpte pol\u00edtic amb totes les conseq\u00fc\u00e8ncies negatives que ja s\u2019estan fent sentir. Rebre el cap de l\u2019esgl\u00e9sia cat\u00f2lica \u00e9s un fet important per a tots els\u2026","rel":"","context":"A &quot;General&quot;","block_context":{"text":"General","link":"https:\/\/blogs.avui.cat\/botonier\/category\/general\/"},"img":{"alt_text":"","src":"https:\/\/i0.wp.com\/blogs.avui.cat\/botonier\/files\/2010\/11\/Papa.jpg?resize=350%2C200","width":350,"height":200},"classes":[]},{"id":428,"url":"https:\/\/blogs.avui.cat\/botonier\/2010\/01\/12\/autonomia-no-gracies\/","url_meta":{"origin":159,"position":5},"title":"Autonomia: no, gr\u00e0cies","author":"Ramon Boixet","date":"12 gener 2010","format":false,"excerpt":"Els territoris francesos de la Martinica i de la Guaiana Francesa van votar el diumenge sobre una proposta del govern franc\u00e8s d\u2019accedir a m\u00e9s autonomia. La resposta va ser aclaparadora: a la Martinica un 79% va dir que no, i a la Guaiana un 70%.Contr\u00e0riament al corrent que a nivell\u2026","rel":"","context":"A &quot;General&quot;","block_context":{"text":"General","link":"https:\/\/blogs.avui.cat\/botonier\/category\/general\/"},"img":{"alt_text":"","src":"","width":0,"height":0},"classes":[]}],"jetpack_sharing_enabled":true,"jetpack_likes_enabled":true,"_links":{"self":[{"href":"https:\/\/blogs.avui.cat\/botonier\/wp-json\/wp\/v2\/posts\/159","targetHints":{"allow":["GET"]}}],"collection":[{"href":"https:\/\/blogs.avui.cat\/botonier\/wp-json\/wp\/v2\/posts"}],"about":[{"href":"https:\/\/blogs.avui.cat\/botonier\/wp-json\/wp\/v2\/types\/post"}],"author":[{"embeddable":true,"href":"https:\/\/blogs.avui.cat\/botonier\/wp-json\/wp\/v2\/users\/126"}],"replies":[{"embeddable":true,"href":"https:\/\/blogs.avui.cat\/botonier\/wp-json\/wp\/v2\/comments?post=159"}],"version-history":[{"count":2,"href":"https:\/\/blogs.avui.cat\/botonier\/wp-json\/wp\/v2\/posts\/159\/revisions"}],"predecessor-version":[{"id":3176,"href":"https:\/\/blogs.avui.cat\/botonier\/wp-json\/wp\/v2\/posts\/159\/revisions\/3176"}],"wp:attachment":[{"href":"https:\/\/blogs.avui.cat\/botonier\/wp-json\/wp\/v2\/media?parent=159"}],"wp:term":[{"taxonomy":"category","embeddable":true,"href":"https:\/\/blogs.avui.cat\/botonier\/wp-json\/wp\/v2\/categories?post=159"},{"taxonomy":"post_tag","embeddable":true,"href":"https:\/\/blogs.avui.cat\/botonier\/wp-json\/wp\/v2\/tags?post=159"}],"curies":[{"name":"wp","href":"https:\/\/api.w.org\/{rel}","templated":true}]}}