{"id":134,"date":"2008-12-30T09:13:00","date_gmt":"2008-12-30T07:13:00","guid":{"rendered":"http:\/\/blogs.avui.cat\/botonier\/2008\/12\/30\/l%e2%80%99esglesia-vista-com-una-empresa\/"},"modified":"2013-06-19T09:50:29","modified_gmt":"2013-06-19T08:50:29","slug":"l%e2%80%99esglesia-vista-com-una-empresa","status":"publish","type":"post","link":"https:\/\/blogs.avui.cat\/botonier\/2008\/12\/30\/l%e2%80%99esglesia-vista-com-una-empresa\/","title":{"rendered":"L\u2019esgl\u00e9sia vista com una empresa"},"content":{"rendered":"<p><a href=\"https:\/\/i0.wp.com\/2.bp.blogspot.com\/_gS2A8TwyupA\/SVnLAcbFeaI\/AAAAAAAAAVc\/IFI4a21iWok\/s1600-h\/Esglesia.jpg\"><img data-recalc-dims=\"1\" decoding=\"async\" src=\"https:\/\/i0.wp.com\/2.bp.blogspot.com\/_gS2A8TwyupA\/SVnLAcbFeaI\/AAAAAAAAAVc\/IFI4a21iWok\/s200\/Esglesia.jpg\" border=\"0\" \/><\/a><\/p>\n<p>Per no induir a l\u2019error comen\u00e7ar\u00e9 per dir que em refereixo a l\u2019esgl\u00e9sia reformada <br \/>(o protestant) de Su\u00efssa, encara que els fets que relatar\u00e9 s\u00f3n molt significatius fora del lloc d\u2019origen.<\/p>\n<p>Abans de tirar endavant crec que val la pena explicar que un Pastor de l\u2019esgl\u00e9sia reformada su\u00efssa rep un sou variable segons la poblaci\u00f3 el cant\u00f3 en el que  exercita el seu c\u00e0rrec per\u00f2 que dona a nivell nacional una mitjana equivalent a 6.000 Euros al mes (amb 13 mesades per any). Es tracta d\u2019un sou m\u00e9s que respectable dins del context laboral su\u00eds, incl\u00fas considerant que normalment s\u00f3n persones casades amb esposa i fills a c\u00e0rrec.<\/p>\n<p>Fins ara, els Pastors eren elegits per un per\u00edode d\u2019un quants anys, amb pr\u00e0cticament nul\u2022les possibilitats de suspendre la relaci\u00f3 abans de termini. Ara, les autoritats de l\u2019esgl\u00e9sia reformada volen augmentar l\u2019efici\u00e8ncia del\u2019activitat dels Pastors i proposen fer contractes laborals com els que fa una empresa amb els treballadors. Aix\u00f2 vol dir amb un temps de prova i la possibilitat de cancel\u2022lar el contracte amb un preav\u00eds de 3 a 6 mesos, entre altres normes que fan part del Codi Laboral Su\u00efs.<\/p>\n<p>La reacci\u00f3 dels Pastors no s\u2019ha fet esperar. Per uns, no es pot \u201edegradar\u201c la funci\u00f3 d\u2019ordre espiritual que ells exerceixen equiparant-la a una treball laboral com\u00fa. Per altres, ja no t\u00e9 l\u00f2gica que el Pastor visqui al costat de l\u2019esgl\u00e9sia on el poden anar a buscar dia i nit, ni tenen per que fer \u201ehores extres\u201c sense compensaci\u00f3.<\/p>\n<p>La pol\u00e8mica durar\u00e0 un cert temps, i segurament tornar\u00e9 en algun moment a escriure sobre un tema que promet escalfar els \u00e0nims com sempre succeeix quan es barregen les coses del cel amb les de la terra.<\/p>\n","protected":false},"excerpt":{"rendered":"<p>Per no induir a l\u2019error comen\u00e7ar\u00e9 per dir que em refereixo a l\u2019esgl\u00e9sia reformada (o protestant) de Su\u00efssa, encara que els fets que relatar\u00e9 s\u00f3n molt significatius fora del lloc d\u2019origen. Abans de tirar endavant crec que val la pena explicar que un Pastor de l\u2019esgl\u00e9sia reformada su\u00efssa rep un sou variable segons la poblaci\u00f3 [&hellip;]<\/p>\n","protected":false},"author":126,"featured_media":0,"comment_status":"closed","ping_status":"closed","sticky":false,"template":"","format":"standard","meta":{"jetpack_post_was_ever_published":false,"_jetpack_newsletter_access":"","_jetpack_dont_email_post_to_subs":false,"_jetpack_newsletter_tier_id":0,"_jetpack_memberships_contains_paywalled_content":false,"_jetpack_memberships_contains_paid_content":false,"footnotes":"","jetpack_publicize_message":"","jetpack_publicize_feature_enabled":true,"jetpack_social_post_already_shared":false,"jetpack_social_options":{"image_generator_settings":{"template":"highway","default_image_id":0,"font":"","enabled":false},"version":2}},"categories":[1],"tags":[],"class_list":["post-134","post","type-post","status-publish","format-standard","hentry","category-general"],"jetpack_publicize_connections":[],"jetpack_featured_media_url":"","jetpack-related-posts":[{"id":180,"url":"https:\/\/blogs.avui.cat\/botonier\/2009\/02\/16\/parar-els-rellotges\/","url_meta":{"origin":134,"position":0},"title":"Parar els rellotges","author":"Ramon Boixet","date":"16 febrer 2009","format":false,"excerpt":"Acabo de llegir una noticia que m\u2019ha deixat una mica sorpr\u00e8s. Resulta que l\u2019esgl\u00e9sia cat\u00f2lica junt amb la reformada del meu cant\u00f3 su\u00efs acostumen a fer cada any un projecte en com\u00fa que sense entrar a fons en cap tema teol\u00f2gic, serveixi per unir nom\u00e9s sigui per un dia ambdues\u2026","rel":"","context":"A &quot;General&quot;","block_context":{"text":"General","link":"https:\/\/blogs.avui.cat\/botonier\/category\/general\/"},"img":{"alt_text":"","src":"","width":0,"height":0},"classes":[]},{"id":157,"url":"https:\/\/blogs.avui.cat\/botonier\/2009\/01\/22\/de-bisbes-i-confessionaris\/","url_meta":{"origin":134,"position":1},"title":"De bisbes i confessionaris","author":"Ramon Boixet","date":"22 gener 2009","format":false,"excerpt":"Fina ara, els cat\u00f2lics su\u00efssos podien rebre l\u2019absoluci\u00f3 dels seus pecats de manera global, dins de les denominades Absolucions Generals. Reunits els fidels a l\u2019esgl\u00e9sia, el sacerdot donava a tots l\u2019absoluci\u00f3 despr\u00e9s d\u2019unes preg\u00e0ries i de que interiorment s\u2019arrepentissin dels seus pecats.Aquestes Absolucions Generals eren provocades per la manca de\u2026","rel":"","context":"A &quot;General&quot;","block_context":{"text":"General","link":"https:\/\/blogs.avui.cat\/botonier\/category\/general\/"},"img":{"alt_text":"","src":"","width":0,"height":0},"classes":[]},{"id":387,"url":"https:\/\/blogs.avui.cat\/botonier\/2009\/11\/12\/polemica-i-religio\/","url_meta":{"origin":134,"position":2},"title":"Pol\u00e8mica i religi\u00f3","author":"Ramon Boixet","date":"12 novembre 2009","format":false,"excerpt":"Dos temes amb una forta c\u00e0rrega emocional per tocar la religi\u00f3 acaparen l\u2019atenci\u00f3 de tot Su\u00efssa.D\u2019una part l\u2019assumpte dels minarets que ja vaig comentar el 8 de febrer del 2008 i l\u2019onze de gener d\u2019enguany. Finalment el dia 29 de novembre anirem a votar per aprovar o rebutjar la iniciativa\u2026","rel":"","context":"A &quot;General&quot;","block_context":{"text":"General","link":"https:\/\/blogs.avui.cat\/botonier\/category\/general\/"},"img":{"alt_text":"","src":"","width":0,"height":0},"classes":[]},{"id":140,"url":"https:\/\/blogs.avui.cat\/botonier\/2009\/01\/05\/topics-tipics-de-suissa-2-els-rellotges\/","url_meta":{"origin":134,"position":3},"title":"T\u00f2pics t\u00edpics de Su\u00efssa : 2. Els rellotges","author":"Ramon Boixet","date":"5 gener 2009","format":false,"excerpt":"Al parlar de rellotges su\u00efssos sempre venen a la mem\u00f2ria els rellotges de luxe (Rolex, Patek-Philippe, Omega...) i els rellotges de cu-cut. Els de luxe tenen en gran part un origen religi\u00f3s, i els de cu-cut no s\u00f3n su\u00efssos. De tot aix\u00f2 en parlarem avui. L\u2019origen de l\u2019industria rellotgera su\u00efssa\u2026","rel":"","context":"A &quot;General&quot;","block_context":{"text":"General","link":"https:\/\/blogs.avui.cat\/botonier\/category\/general\/"},"img":{"alt_text":"","src":"","width":0,"height":0},"classes":[]},{"id":192,"url":"https:\/\/blogs.avui.cat\/botonier\/2009\/03\/02\/creure-no-es-suficient\/","url_meta":{"origin":134,"position":4},"title":"Creure no \u00e9s suficient","author":"Ramon Boixet","date":"2 mar\u00e7 2009","format":false,"excerpt":"Un grup d'investigadors de l'universitat su\u00efssa de Zuric i de l'alemanya de Bochum han publicat un estudi sobre l'influ\u00e8ncia de la religiositat en el comportament davant de situacions extremes.De tots \u00e9s sabut que els \u00e9ssers humans sempre han buscat ajut i consol en les seves creences quan es troven davant\u2026","rel":"","context":"A &quot;General&quot;","block_context":{"text":"General","link":"https:\/\/blogs.avui.cat\/botonier\/category\/general\/"},"img":{"alt_text":"","src":"","width":0,"height":0},"classes":[]},{"id":486,"url":"https:\/\/blogs.avui.cat\/botonier\/2010\/03\/23\/lesglesia-catolica-i-els-abusos-a-menors\/","url_meta":{"origin":134,"position":5},"title":"L&#8217;esgl\u00e9sia cat\u00f2lica i els abusos a menors","author":"Ramon Boixet","date":"23 mar\u00e7 2010","format":false,"excerpt":"Sorpr\u00e8n una mica la poca import\u00e0ncia amb la que es tracta p\u00fablicament a Catalunya i a Espanya el delicat assumpte dels abusos a menors per part de sacerdots de l \u2018esgl\u00e9sia cat\u00f2lica. El tema \u00e9s delicat perqu\u00e8 s\u2019hi barregen molts components, cada un d\u2019ells de gran import\u00e0ncia: el mal psicol\u00f2gic\u2026","rel":"","context":"A &quot;General&quot;","block_context":{"text":"General","link":"https:\/\/blogs.avui.cat\/botonier\/category\/general\/"},"img":{"alt_text":"","src":"","width":0,"height":0},"classes":[]}],"jetpack_sharing_enabled":true,"jetpack_likes_enabled":true,"_links":{"self":[{"href":"https:\/\/blogs.avui.cat\/botonier\/wp-json\/wp\/v2\/posts\/134","targetHints":{"allow":["GET"]}}],"collection":[{"href":"https:\/\/blogs.avui.cat\/botonier\/wp-json\/wp\/v2\/posts"}],"about":[{"href":"https:\/\/blogs.avui.cat\/botonier\/wp-json\/wp\/v2\/types\/post"}],"author":[{"embeddable":true,"href":"https:\/\/blogs.avui.cat\/botonier\/wp-json\/wp\/v2\/users\/126"}],"replies":[{"embeddable":true,"href":"https:\/\/blogs.avui.cat\/botonier\/wp-json\/wp\/v2\/comments?post=134"}],"version-history":[{"count":2,"href":"https:\/\/blogs.avui.cat\/botonier\/wp-json\/wp\/v2\/posts\/134\/revisions"}],"predecessor-version":[{"id":3201,"href":"https:\/\/blogs.avui.cat\/botonier\/wp-json\/wp\/v2\/posts\/134\/revisions\/3201"}],"wp:attachment":[{"href":"https:\/\/blogs.avui.cat\/botonier\/wp-json\/wp\/v2\/media?parent=134"}],"wp:term":[{"taxonomy":"category","embeddable":true,"href":"https:\/\/blogs.avui.cat\/botonier\/wp-json\/wp\/v2\/categories?post=134"},{"taxonomy":"post_tag","embeddable":true,"href":"https:\/\/blogs.avui.cat\/botonier\/wp-json\/wp\/v2\/tags?post=134"}],"curies":[{"name":"wp","href":"https:\/\/api.w.org\/{rel}","templated":true}]}}