{"id":133,"date":"2008-12-29T09:29:00","date_gmt":"2008-12-29T07:29:00","guid":{"rendered":"http:\/\/blogs.avui.cat\/botonier\/2008\/12\/29\/l%e2%80%99uruguai-el-desconegut\/"},"modified":"2013-06-19T09:50:30","modified_gmt":"2013-06-19T08:50:30","slug":"l%e2%80%99uruguai-el-desconegut","status":"publish","type":"post","link":"https:\/\/blogs.avui.cat\/botonier\/2008\/12\/29\/l%e2%80%99uruguai-el-desconegut\/","title":{"rendered":"L\u2019Uruguai, el desconegut"},"content":{"rendered":"<p><a href=\"https:\/\/i0.wp.com\/3.bp.blogspot.com\/_gS2A8TwyupA\/SVh8k681IdI\/AAAAAAAAAVU\/0SsNc8eCJYM\/s1600-h\/Uruguay.jpg\"><img data-recalc-dims=\"1\" decoding=\"async\" src=\"https:\/\/i0.wp.com\/3.bp.blogspot.com\/_gS2A8TwyupA\/SVh8k681IdI\/AAAAAAAAAVU\/0SsNc8eCJYM\/s200\/Uruguay.jpg\" border=\"0\" \/><\/a><br \/>\nUn amic m\u2019escriu just acabat d\u2019arribar d\u2019un viatge a Montevideo de manera que inevitablement em venen a la mem\u00f2ria records dels meus viatges a l\u2019Uruguai durant els meus recens anys d\u2019activitat professional.<\/p>\n<p>L\u2019Uruguai \u00e9s un pa\u00eds bastant mal conegut per la majoria. Sempre se l\u2019ha vist com un \u201eap\u00e8ndix\u201c de l\u2019Argentina malgrat la seva personalitat pr\u00f2pia.<\/p>\n<p>No vull entrar en la seva historia pol\u00edtica i social, f\u00e0cil de consultar a Internet. De la etapa m\u00e9s propera a nosaltres, a molts els  resultar\u00e0 un records trist la dictadura militar i el moviment dels \u201etupamaros\u201c. No ha tingut l\u2019Uruguai una hist\u00f2ria tranquila per\u00f2 malgrat tot es considerat avui dia el pa\u00eds m\u00e9s democr\u00e0tic de l\u2019Am\u00e8rica del Sud i un dels\u00a0 de menor corrupci\u00f3.<\/p>\n<p>Per els catalans l\u2019Uruguai porta certs records lligats amb les arts : Margarita Xirgu i Joaquim Torres-Garcia foren catalans d\u2019Uruguai amb gran impacte al nostre m\u00f3n art\u00edstic.  No podem tampoc oblidar l\u2019influencia pol\u00edtica de la fam\u00edlia Batlle, originaria de Sitges, que ha donat  quatre Presidents a l\u2019Uruguai.<\/p>\n<p>Per acabar dues curiositats sobre el tango, que hom identifica amb Buenos Aires, per\u00f2 que sempre ha tingut a Montevideo una base molt s\u00f2lida. El tango m\u00e9s conegut a nivell mundial \u00e9s \u201e La cumparsita\u201c, composat  a Montevideo l\u2019any 1917 per el llavors jove estudiant uruguai\u00e0 Gerardo Matos Rodr\u00edguez.<\/p>\n<p>L\u2019any 1925, el Teatro Catalunya de Montevideo ( si, no \u00e9s un error, es deia aix\u00ed) va programar un espectacle amb el t\u00edtol de \u201eSu majestad la revista\u201c. Per aquesta obreta el m\u00fasic Edgardo Donato va composar un tango al que un escriptor, Carlos C\u00e9sar Lenzi, va posar una lletra que parla d\u2019un prost\u00edbul de Buenos Aires. El tango \u00e9s  \u201eA media luz\u201c, un altre \u00e8xit mundial i tamb\u00e9 uruguai\u00e0.<\/p>\n<p>Us recomano interesar-vos per l\u2019Uruguai i, si pot ser, visitar-lo. Val la pena!.<\/p>\n<p>( Il\u2022lustraci\u00f3 : Escultura  representant els dits d\u2019una m\u00e0 a les platges de Punta del Este)<\/p>\n","protected":false},"excerpt":{"rendered":"<p>Un amic m\u2019escriu just acabat d\u2019arribar d\u2019un viatge a Montevideo de manera que inevitablement em venen a la mem\u00f2ria records dels meus viatges a l\u2019Uruguai durant els meus recens anys d\u2019activitat professional. L\u2019Uruguai \u00e9s un pa\u00eds bastant mal conegut per la majoria. Sempre se l\u2019ha vist com un \u201eap\u00e8ndix\u201c de l\u2019Argentina malgrat la seva personalitat [&hellip;]<\/p>\n","protected":false},"author":126,"featured_media":0,"comment_status":"closed","ping_status":"closed","sticky":false,"template":"","format":"standard","meta":{"jetpack_post_was_ever_published":false,"_jetpack_newsletter_access":"","_jetpack_dont_email_post_to_subs":false,"_jetpack_newsletter_tier_id":0,"_jetpack_memberships_contains_paywalled_content":false,"_jetpack_memberships_contains_paid_content":false,"footnotes":"","jetpack_publicize_message":"","jetpack_publicize_feature_enabled":true,"jetpack_social_post_already_shared":false,"jetpack_social_options":{"image_generator_settings":{"template":"highway","default_image_id":0,"font":"","enabled":false},"version":2}},"categories":[1],"tags":[],"class_list":["post-133","post","type-post","status-publish","format-standard","hentry","category-general"],"jetpack_publicize_connections":[],"jetpack_featured_media_url":"","jetpack-related-posts":[{"id":638,"url":"https:\/\/blogs.avui.cat\/botonier\/2010\/09\/11\/lendema-de-la-diada\/","url_meta":{"origin":133,"position":0},"title":"L&#8217;endem\u00e0 de la Diada","author":"Ramon Boixet","date":"11 setembre 2010","format":false,"excerpt":"Celebrar la Diada ha de demostrar, per damunt d'opinions i conviccions politiques, un acte de solidaritat on tothom manifesta estar content de fer part del pa\u00eds. Les celebracions oficials de les autoritats, els partits i les institucions segueixen un esquema protocol\u2022lari una mica encarcarat, amb un no sempre demostrat convenciment\u2026","rel":"","context":"A &quot;General&quot;","block_context":{"text":"General","link":"https:\/\/blogs.avui.cat\/botonier\/category\/general\/"},"img":{"alt_text":"","src":"","width":0,"height":0},"classes":[]},{"id":750,"url":"https:\/\/blogs.avui.cat\/botonier\/2010\/09\/11\/lendema-de-la-diada-2\/","url_meta":{"origin":133,"position":1},"title":"L&#8217;endem\u00e0 de la Diada","author":"Ramon Boixet","date":"11 setembre 2010","format":false,"excerpt":"Celebrar la Diada ha de demostrar, per damunt d'opinions i conviccions politiques, un acte de solidaritat on tothom manifesta estar content de fer part del pa\u00eds. Les celebracions oficials de les autoritats, els partits i les institucions segueixen un esquema protocol\u2022lari una mica encarcarat, amb un no sempre demostrat convenciment\u2026","rel":"","context":"A &quot;General&quot;","block_context":{"text":"General","link":"https:\/\/blogs.avui.cat\/botonier\/category\/general\/"},"img":{"alt_text":"","src":"","width":0,"height":0},"classes":[]},{"id":3329,"url":"https:\/\/blogs.avui.cat\/botonier\/2013\/08\/20\/suissa-desconcertada-per-un-catala\/","url_meta":{"origin":133,"position":2},"title":"Su\u00efssa desconcertada per un catal\u00e0","author":"Ramon Boixet","date":"20 agost 2013","format":false,"excerpt":"El Festival del Cinema de Locarno \u00e9s un dels festivals europeus de m\u00e9s prestigi fora dels \"gegants\" Ven\u00e8cia, Berl\u00edn o Cannes, sovint m\u00e9s condicionats per l'\u00e8xit comercial de les pel\u00b7l\u00edcules que per una estricta valoraci\u00f3 del fet cinematogr\u00e0fic com a art. En l'edici\u00f3 d'enguany, la seixanta-sisena, el premi a la\u2026","rel":"","context":"A &quot;General&quot;","block_context":{"text":"General","link":"https:\/\/blogs.avui.cat\/botonier\/category\/general\/"},"img":{"alt_text":"","src":"https:\/\/i0.wp.com\/blogs.avui.cat\/botonier\/files\/2013\/08\/Locarno-150x150.jpg?resize=350%2C200","width":350,"height":200},"classes":[]},{"id":654,"url":"https:\/\/blogs.avui.cat\/botonier\/2008\/07\/14\/em-manifesto-contra-el-manifiesto-2\/","url_meta":{"origin":133,"position":3},"title":"Em manifesto contra el &#034;Manifiesto&#8230;&#034;","author":"Ramon Boixet","date":"14 juliol 2008","format":false,"excerpt":"Abans de comentar el tema d'avui, em veig obligat a donar algunes informacions personals, per evitar que algun lector cregui que no estic en condicions de parlar del \u201cManifiesto por la lengua com\u00fan\u201d.Jo parlo (i escric) set idiomes : catal\u00e0, espanyol, franc\u00e8s, alemany, angl\u00e8s, itali\u00e0 i portugu\u00e8s, a m\u00e9s d'un\u2026","rel":"","context":"A &quot;General&quot;","block_context":{"text":"General","link":"https:\/\/blogs.avui.cat\/botonier\/category\/general\/"},"img":{"alt_text":"","src":"","width":0,"height":0},"classes":[]},{"id":50,"url":"https:\/\/blogs.avui.cat\/botonier\/2008\/07\/14\/em-manifesto-contra-el-manifiesto\/","url_meta":{"origin":133,"position":4},"title":"Em manifesto contra el &quot;Manifiesto&#8230;&quot;","author":"Ramon Boixet","date":"14 juliol 2008","format":false,"excerpt":"Abans de comentar el tema d'avui, em veig obligat a donar algunes informacions personals, per evitar que algun lector cregui que no estic en condicions de parlar del \u201cManifiesto por la lengua com\u00fan\u201d.Jo parlo (i escric) set idiomes : catal\u00e0, espanyol, franc\u00e8s, alemany, angl\u00e8s, itali\u00e0 i portugu\u00e8s, a m\u00e9s d'un\u2026","rel":"","context":"A &quot;General&quot;","block_context":{"text":"General","link":"https:\/\/blogs.avui.cat\/botonier\/category\/general\/"},"img":{"alt_text":"","src":"","width":0,"height":0},"classes":[]},{"id":76,"url":"https:\/\/blogs.avui.cat\/botonier\/2008\/10\/15\/lsd-i-la-bona-confitura\/","url_meta":{"origin":133,"position":5},"title":"LSD i la bona confitura","author":"Ramon Boixet","date":"15 octubre 2008","format":false,"excerpt":"Un lector d'aquest blog em suggereix que algun dia parli del Doctor Albert Hoffmann, ciutad\u00e0 il\u00b7lustre de la ciutat de Basilea. Encara que el seu nom no sigui massa conegut nom\u00e9s cal dir que \u00e9s el descobridor de la LSD, es a dir la dietilamida del \u00e0cid lis\u00e8rgic, que va\u2026","rel":"","context":"A &quot;General&quot;","block_context":{"text":"General","link":"https:\/\/blogs.avui.cat\/botonier\/category\/general\/"},"img":{"alt_text":"","src":"","width":0,"height":0},"classes":[]}],"jetpack_sharing_enabled":true,"jetpack_likes_enabled":true,"_links":{"self":[{"href":"https:\/\/blogs.avui.cat\/botonier\/wp-json\/wp\/v2\/posts\/133","targetHints":{"allow":["GET"]}}],"collection":[{"href":"https:\/\/blogs.avui.cat\/botonier\/wp-json\/wp\/v2\/posts"}],"about":[{"href":"https:\/\/blogs.avui.cat\/botonier\/wp-json\/wp\/v2\/types\/post"}],"author":[{"embeddable":true,"href":"https:\/\/blogs.avui.cat\/botonier\/wp-json\/wp\/v2\/users\/126"}],"replies":[{"embeddable":true,"href":"https:\/\/blogs.avui.cat\/botonier\/wp-json\/wp\/v2\/comments?post=133"}],"version-history":[{"count":2,"href":"https:\/\/blogs.avui.cat\/botonier\/wp-json\/wp\/v2\/posts\/133\/revisions"}],"predecessor-version":[{"id":3202,"href":"https:\/\/blogs.avui.cat\/botonier\/wp-json\/wp\/v2\/posts\/133\/revisions\/3202"}],"wp:attachment":[{"href":"https:\/\/blogs.avui.cat\/botonier\/wp-json\/wp\/v2\/media?parent=133"}],"wp:term":[{"taxonomy":"category","embeddable":true,"href":"https:\/\/blogs.avui.cat\/botonier\/wp-json\/wp\/v2\/categories?post=133"},{"taxonomy":"post_tag","embeddable":true,"href":"https:\/\/blogs.avui.cat\/botonier\/wp-json\/wp\/v2\/tags?post=133"}],"curies":[{"name":"wp","href":"https:\/\/api.w.org\/{rel}","templated":true}]}}