{"id":132,"date":"2008-12-28T09:39:00","date_gmt":"2008-12-28T07:39:00","guid":{"rendered":"http:\/\/blogs.avui.cat\/botonier\/2008\/12\/28\/miro-l%e2%80%99home\/"},"modified":"2013-06-19T09:50:30","modified_gmt":"2013-06-19T08:50:30","slug":"miro-l%e2%80%99home","status":"publish","type":"post","link":"https:\/\/blogs.avui.cat\/botonier\/2008\/12\/28\/miro-l%e2%80%99home\/","title":{"rendered":"Mir\u00f3, l\u2019home"},"content":{"rendered":"<p><a href=\"https:\/\/i0.wp.com\/4.bp.blogspot.com\/_gS2A8TwyupA\/SVctjSe923I\/AAAAAAAAAVM\/STm-1KHWIIw\/s1600-h\/Mir%C3%B3.jpg\"><img data-recalc-dims=\"1\" decoding=\"async\" src=\"https:\/\/i0.wp.com\/4.bp.blogspot.com\/_gS2A8TwyupA\/SVctjSe923I\/AAAAAAAAAVM\/STm-1KHWIIw\/s200\/Mir%C3%B3.jpg\" border=\"0\" \/><\/a><\/p>\n<p>Els vint-i-cinc anys de la mort de Joan Mir\u00f3 han estat celebrats de moltes maneres encara que certament no ha estat mai un artista oblidat .<\/p>\n<p>La seva obra \u00e9s de gran import\u00e0ncia dins de l\u2019art del segle XX i malgrat el rebuig que encara obt\u00e9 per part dels que prefereixen un art pl\u00e0stic m\u00e9s \u201eidentificable\u201c, tots els estaments culturals del m\u00f3n el consideren b\u00e0sic per entendre l\u2019evoluci\u00f3 art\u00edstica dels darrers cent anys. <\/p>\n<p>Molt menys recordat, per\u00f2 \u00edntimament lligat a la seva obra, \u00e9s el Joan Mir\u00f3 home. D\u2019una aparen\u00e7a modesta, amb aires de ser l\u2019avi que tothom podria considerar com el seu, amb una vida privada  reservada i normal, posse\u00efa uns principis ferms dels que no va mai fer renuncia. <\/p>\n<p>El seu segell \u201eAidez l\u2019Espagne\u201c, per recaptar a Fran\u00e7a diners per ajudar l\u2019ex\u00e8rcit de la Rep\u00fablica va fer que una vegada acabada la guerra, l\u2019Estat espanyol l\u2019ignor\u00e9s durant molts anys. El fet de la seva import\u00e0ncia internacional el va d\u2019alguna manera protegir de possibles repres\u00e0lies i va passar bastants anys a Mallorca en un ostracisme buscat. <\/p>\n<p>No va ser fins els anys seixanta que va accedir a que s\u2019organitz\u00e9s una gran exposici\u00f3 a Barcelona. Fou a l\u2019Hospital de la Santa Creu, i  al saber Mir\u00f3 que el llavors ministre Manuel Fraga Iribarne aniria a l\u2019inaguraci\u00f3 va decidir no presentar-se al acte. A Madrid nom\u00e9s va permetre una exposici\u00f3 l\u2019any 1978, una vegada mort Franco. <\/p>\n<p>Als que vulguin entendre l\u2019obra de Mir\u00f3 o mirar-la amb uns altres ulls, recomano dos llibres: \u201cMir\u00f3 llegit\u201d d\u2019Alexandre Cirici i Pellicer (edicions 62), i \u201c Les arrels de Mir\u00f3\u201d de Pere Gimferrer (Pol\u00edgrafa). Dos llibres b\u00e0sics per admirar encara m\u00e9s si cal a Joan Mir\u00f3 i la seva sensibilitat.<\/p>\n","protected":false},"excerpt":{"rendered":"<p>Els vint-i-cinc anys de la mort de Joan Mir\u00f3 han estat celebrats de moltes maneres encara que certament no ha estat mai un artista oblidat . La seva obra \u00e9s de gran import\u00e0ncia dins de l\u2019art del segle XX i malgrat el rebuig que encara obt\u00e9 per part dels que prefereixen un art pl\u00e0stic m\u00e9s [&hellip;]<\/p>\n","protected":false},"author":126,"featured_media":0,"comment_status":"closed","ping_status":"closed","sticky":false,"template":"","format":"standard","meta":{"jetpack_post_was_ever_published":false,"_jetpack_newsletter_access":"","_jetpack_dont_email_post_to_subs":false,"_jetpack_newsletter_tier_id":0,"_jetpack_memberships_contains_paywalled_content":false,"_jetpack_memberships_contains_paid_content":false,"footnotes":"","jetpack_publicize_message":"","jetpack_publicize_feature_enabled":true,"jetpack_social_post_already_shared":false,"jetpack_social_options":{"image_generator_settings":{"template":"highway","default_image_id":0,"font":"","enabled":false},"version":2}},"categories":[1],"tags":[],"class_list":["post-132","post","type-post","status-publish","format-standard","hentry","category-general"],"jetpack_publicize_connections":[],"jetpack_featured_media_url":"","jetpack-related-posts":[{"id":227,"url":"https:\/\/blogs.avui.cat\/botonier\/2009\/04\/12\/incomodes-admirats-4-joan-miro\/","url_meta":{"origin":132,"position":0},"title":"Inc\u00f2modes admirats : 4. Joan Mir\u00f3","author":"Ramon Boixet","date":"12 abril 2009","format":false,"excerpt":"L'aspecte que tots recordem del Joan Mir\u00f3 \u00e9s, com vaig dir en una altre ocasi\u00f3, el de l\u2019avi que tots podr\u00edem acceptar com a nostre. Mai no va fer part de moviments sorollosos, de tert\u00falies provocadores i va portar una vida familiar tranquila, sense esc\u00e0ndols ni especulacions. Sempre va viure\u2026","rel":"","context":"A &quot;General&quot;","block_context":{"text":"General","link":"https:\/\/blogs.avui.cat\/botonier\/category\/general\/"},"img":{"alt_text":"","src":"","width":0,"height":0},"classes":[]},{"id":101,"url":"https:\/\/blogs.avui.cat\/botonier\/2008\/11\/30\/miro-tambe-miro\/","url_meta":{"origin":132,"position":1},"title":"Mir\u00f3, tamb\u00e9 Mir\u00f3","author":"Ramon Boixet","date":"30 novembre 2008","format":false,"excerpt":"El dilluns 24 vaig escriure sobre Klee i el seu museu a Berna. No voldria que algun lector pens\u00e9s que la meva admiraci\u00f3 per el centre bern\u00e8s deixa de fer just\u00edcia a Mir\u00f3 i la seva Fundaci\u00f3 a Barcelona. Mai he tingut actitud excloents , i molt menys en l'art.\u2026","rel":"","context":"A &quot;General&quot;","block_context":{"text":"General","link":"https:\/\/blogs.avui.cat\/botonier\/category\/general\/"},"img":{"alt_text":"","src":"","width":0,"height":0},"classes":[]},{"id":167,"url":"https:\/\/blogs.avui.cat\/botonier\/2009\/02\/03\/la-cultura-catalana-a-l%e2%80%99exterior\/","url_meta":{"origin":132,"position":2},"title":"La cultura catalana a l\u2019exterior","author":"Ramon Boixet","date":"3 febrer 2009","format":false,"excerpt":"Molt es comenta darrerament la decisi\u00f3 de la Generalitat d\u2019obrir les dites ambaixades a diverses ciutats del m\u00f3n. Em suposo que la finalitat \u00e9s la de promocionar Catalunya com a dest\u00ed d\u2019inversions, cultural i tur\u00edstic ja que altres possibilitats d\u2019ordre pol\u00edtic estan fora del dret que l\u2019estat espanyol i l\u2019\u2026","rel":"","context":"A &quot;General&quot;","block_context":{"text":"General","link":"https:\/\/blogs.avui.cat\/botonier\/category\/general\/"},"img":{"alt_text":"","src":"","width":0,"height":0},"classes":[]},{"id":91,"url":"https:\/\/blogs.avui.cat\/botonier\/2008\/11\/19\/els-bocabadats-i-la-cupula-de-barcelo\/","url_meta":{"origin":132,"position":3},"title":"Els bocabadats i la c\u00fapula de Barcel\u00f3","author":"Ramon Boixet","date":"19 novembre 2008","format":false,"excerpt":"Molt s'ha escrit i molt s'escriur\u00e0 sobre la c\u00fapula de la Sala XX del Palau de les Nacions Unides de Ginebra, inaugurada el dimarts. La pol\u00e8mica va per molts camins: el preu de 30 milions d'euros, el veritable valor art\u00edstic de l'obra de Barcel\u00f3, la necessitat que Espanya tenia de\u2026","rel":"","context":"A &quot;General&quot;","block_context":{"text":"General","link":"https:\/\/blogs.avui.cat\/botonier\/category\/general\/"},"img":{"alt_text":"","src":"","width":0,"height":0},"classes":[]},{"id":229,"url":"https:\/\/blogs.avui.cat\/botonier\/2009\/04\/14\/catalunya-esta-present\/","url_meta":{"origin":132,"position":4},"title":"Catalunya est\u00e0 present!","author":"Ramon Boixet","date":"14 abril 2009","format":false,"excerpt":"Els diaris, de tant en tant, ens donen sorpreses positives, com la que vaig tenir jo el dissabte dia 11 al llegir en el diari de la meva regi\u00f3 la seg\u00fcent noticia que tradueixo :\u00ab A finals d'abril la Biblioteca Municipal de Zofingen celebrara una vegada m\u00e9s el Dia Mundial\u2026","rel":"","context":"A &quot;General&quot;","block_context":{"text":"General","link":"https:\/\/blogs.avui.cat\/botonier\/category\/general\/"},"img":{"alt_text":"","src":"","width":0,"height":0},"classes":[]},{"id":5,"url":"https:\/\/blogs.avui.cat\/botonier\/2008\/01\/04\/a-joan-vilanova-amb-admiracio\/","url_meta":{"origin":132,"position":5},"title":"A Joan Vilanova , amb admiraci\u00f3","author":"Ramon Boixet","date":"4 gener 2008","format":false,"excerpt":"Una vegada m\u00e9s, la Nadala que cada any l\u2019amic Ignasi Torras m\u2019ha enviat ha portat a casa nostra l\u2019al\u00e8 de la amistat i el record de Manresa. L\u2019Ignasi sap unir perfectament els dibuixos del recordat Joan Vilanova amb poemes de la millor tradici\u00f3 nadalenca. Aquest any 2008 \u00e9s el del\u2026","rel":"","context":"A &quot;General&quot;","block_context":{"text":"General","link":"https:\/\/blogs.avui.cat\/botonier\/category\/general\/"},"img":{"alt_text":"","src":"","width":0,"height":0},"classes":[]}],"jetpack_sharing_enabled":true,"jetpack_likes_enabled":true,"_links":{"self":[{"href":"https:\/\/blogs.avui.cat\/botonier\/wp-json\/wp\/v2\/posts\/132","targetHints":{"allow":["GET"]}}],"collection":[{"href":"https:\/\/blogs.avui.cat\/botonier\/wp-json\/wp\/v2\/posts"}],"about":[{"href":"https:\/\/blogs.avui.cat\/botonier\/wp-json\/wp\/v2\/types\/post"}],"author":[{"embeddable":true,"href":"https:\/\/blogs.avui.cat\/botonier\/wp-json\/wp\/v2\/users\/126"}],"replies":[{"embeddable":true,"href":"https:\/\/blogs.avui.cat\/botonier\/wp-json\/wp\/v2\/comments?post=132"}],"version-history":[{"count":2,"href":"https:\/\/blogs.avui.cat\/botonier\/wp-json\/wp\/v2\/posts\/132\/revisions"}],"predecessor-version":[{"id":3203,"href":"https:\/\/blogs.avui.cat\/botonier\/wp-json\/wp\/v2\/posts\/132\/revisions\/3203"}],"wp:attachment":[{"href":"https:\/\/blogs.avui.cat\/botonier\/wp-json\/wp\/v2\/media?parent=132"}],"wp:term":[{"taxonomy":"category","embeddable":true,"href":"https:\/\/blogs.avui.cat\/botonier\/wp-json\/wp\/v2\/categories?post=132"},{"taxonomy":"post_tag","embeddable":true,"href":"https:\/\/blogs.avui.cat\/botonier\/wp-json\/wp\/v2\/tags?post=132"}],"curies":[{"name":"wp","href":"https:\/\/api.w.org\/{rel}","templated":true}]}}