{"id":131,"date":"2008-12-27T09:40:00","date_gmt":"2008-12-27T07:40:00","guid":{"rendered":"http:\/\/blogs.avui.cat\/botonier\/2008\/12\/27\/roma-capital-de-xauxa\/"},"modified":"2013-06-19T09:50:30","modified_gmt":"2013-06-19T08:50:30","slug":"roma-capital-de-xauxa","status":"publish","type":"post","link":"https:\/\/blogs.avui.cat\/botonier\/2008\/12\/27\/roma-capital-de-xauxa\/","title":{"rendered":"Roma capital de Xauxa ?"},"content":{"rendered":"<p><a href=\"https:\/\/i0.wp.com\/3.bp.blogspot.com\/_gS2A8TwyupA\/SVXcWM5PHfI\/AAAAAAAAAVE\/BM-ogvvrZdM\/s1600-h\/Italia.JPG\"><img data-recalc-dims=\"1\" decoding=\"async\" src=\"https:\/\/i0.wp.com\/3.bp.blogspot.com\/_gS2A8TwyupA\/SVXcWM5PHfI\/AAAAAAAAAVE\/BM-ogvvrZdM\/s200\/Italia.JPG\" border=\"0\" \/><\/a><br \/>Haig de comen\u00e7ar dient que soc un enamorat d\u2019Italia, tan per la seva historia i cultura com per els paisatges i per els seus defectes, que ens permeten sentir-nos membres d\u2019una mateixa arrel.<\/p>\n<p>He rellegit el meu escrit del 4 de setembre (It\u00e0lia sorpr\u00e8n) per lligar conceptes amb la noticia que avui comento.<\/p>\n<p>El govern itali\u00e0 est\u00e0 considerant la possibilitat de reduir la setmana laboral a 4 dies (en alguns sector especials fins i tot a 3 dies), en certa forma fent seu l\u2019esl\u00f2gan  del Partit Comunista dels anys 90 \u201e Lavorare meno, lavorare tutti\u201c , \u201eTreballar menys, treballar tots\u201c. <\/p>\n<p>Segons el Ministre del ram, l&#8217;Estat es far\u00e0 c\u00e0rrec (fins a un 80%) del sou del cinqu\u00e8 dia \u201esuprimit\u201c, de manera que els treballadors no tinguin massa p\u00e8rdua salarial. \u00c9s una variant \u201esui generis\u201c per rebaixar la crisi, com ho fou a finals de Novembre l\u2019idea de suprimir els impostos sobre les hores extres per tal d\u2019incentivar el treballar m\u00e9s. El Ministre de Finances va dir que el cost era massa gran, i l\u2019idea es va enterrar.<\/p>\n<p>Ben mirat semblen totes dues solucions  \u201eidees de bomber\u201c.  Per comen\u00e7ar, no es tracta de treballar m\u00e9s ( com volia la variant de les hores extres) ni tampoc de treballar menys (com ho vol la variant d\u2019ara). Es tracta de treballar millor i, sobretot, de fer possible que la gent compri. Si ning\u00fa compra, no fa falta produir, ni b\u00e9 ni malament. <\/p>\n<p>Aquestes mesures del govern itali\u00e0 ( i tamb\u00e9 les d\u2019altres governs) creen molta inseguretat, i l\u2019inseguretat \u00e9s un fre a les inversions i nom\u00e9s les inversions poden fer disminuir la crisi. <\/p>\n<p>Ai, els italians!. De vegades no m\u2019explico perqu\u00e8 tan sovint els envejo.<\/p>\n","protected":false},"excerpt":{"rendered":"<p>Haig de comen\u00e7ar dient que soc un enamorat d\u2019Italia, tan per la seva historia i cultura com per els paisatges i per els seus defectes, que ens permeten sentir-nos membres d\u2019una mateixa arrel. He rellegit el meu escrit del 4 de setembre (It\u00e0lia sorpr\u00e8n) per lligar conceptes amb la noticia que avui comento. El govern [&hellip;]<\/p>\n","protected":false},"author":126,"featured_media":0,"comment_status":"closed","ping_status":"closed","sticky":false,"template":"","format":"standard","meta":{"jetpack_post_was_ever_published":false,"_jetpack_newsletter_access":"","_jetpack_dont_email_post_to_subs":false,"_jetpack_newsletter_tier_id":0,"_jetpack_memberships_contains_paywalled_content":false,"_jetpack_memberships_contains_paid_content":false,"footnotes":"","jetpack_publicize_message":"","jetpack_publicize_feature_enabled":true,"jetpack_social_post_already_shared":false,"jetpack_social_options":{"image_generator_settings":{"template":"highway","default_image_id":0,"font":"","enabled":false},"version":2}},"categories":[1],"tags":[],"class_list":["post-131","post","type-post","status-publish","format-standard","hentry","category-general"],"jetpack_publicize_connections":[],"jetpack_featured_media_url":"","jetpack-related-posts":[{"id":390,"url":"https:\/\/blogs.avui.cat\/botonier\/2009\/11\/16\/un-exemple-dintegracio\/","url_meta":{"origin":131,"position":0},"title":"Un exemple d&#8217;integraci\u00f3","author":"Ramon Boixet","date":"16 novembre 2009","format":false,"excerpt":"Ahir, la selecci\u00f3 de futbol U-17 de Su\u00efssa va guanyar el Campionat del M\u00f3n celebrat a Nig\u00e8ria. Espanya va quedar tercera. La noticia no tindr\u00e0, fora de Su\u00efssa, cap posici\u00f3 privilegiada ni als diaris esportius ni als generals, i \u00e9s una ll\u00e0stima. Alguns dels nois que han quedat campions mundials\u2026","rel":"","context":"A &quot;General&quot;","block_context":{"text":"General","link":"https:\/\/blogs.avui.cat\/botonier\/category\/general\/"},"img":{"alt_text":"","src":"","width":0,"height":0},"classes":[]},{"id":702,"url":"https:\/\/blogs.avui.cat\/botonier\/2009\/11\/16\/un-exemple-dintegracio-2\/","url_meta":{"origin":131,"position":1},"title":"Un exemple d&#8217;integraci\u00f3","author":"Ramon Boixet","date":"16 novembre 2009","format":false,"excerpt":"Ahir, la selecci\u00f3 de futbol U-17 de Su\u00efssa va guanyar el Campionat del M\u00f3n celebrat a Nig\u00e8ria. Espanya va quedar tercera. La noticia no tindr\u00e0, fora de Su\u00efssa, cap posici\u00f3 privilegiada ni als diaris esportius ni als generals, i \u00e9s una ll\u00e0stima. Alguns dels nois que han quedat campions mundials\u2026","rel":"","context":"A &quot;General&quot;","block_context":{"text":"General","link":"https:\/\/blogs.avui.cat\/botonier\/category\/general\/"},"img":{"alt_text":"","src":"","width":0,"height":0},"classes":[]},{"id":3472,"url":"https:\/\/blogs.avui.cat\/botonier\/2020\/05\/28\/quant-menys-vol-dir-mes\/","url_meta":{"origin":131,"position":2},"title":"Quant menys vol dir m\u00e9s","author":"Ramon Boixet","date":"28 maig 2020","format":false,"excerpt":"El diari digital Vox\u00a0Populi\u00a0explica que a La Moncloa ha comen\u00e7at un ball de noms que ha de portar a una remodelaci\u00f3 interna del govern, amb la finalitat de reduir despeses de l'executiu. Actualment el govern de Madrid disposa de 22 ministeris, quantitat que sembla exagerada en temps de crisi i\u2026","rel":"","context":"A &quot;General&quot;","block_context":{"text":"General","link":"https:\/\/blogs.avui.cat\/botonier\/category\/general\/"},"img":{"alt_text":"","src":"https:\/\/i0.wp.com\/blogs.avui.cat\/botonier\/files\/2020\/05\/Weniger.jpg?resize=350%2C200","width":350,"height":200},"classes":[]},{"id":65,"url":"https:\/\/blogs.avui.cat\/botonier\/2008\/09\/04\/italia-sorpren\/","url_meta":{"origin":131,"position":3},"title":"It\u00e0lia sorpr\u00e8n","author":"Ramon Boixet","date":"4 setembre 2008","format":false,"excerpt":"Tres o quatre vegades a l'any visito el nord d'It\u00e0lia (visc a menys de tres hores de cotxe de Mil\u00e0). \u00c9s una regi\u00f3 rica, i per tant disposa d'uns elements socioecon\u00f2mics que no tenen altres regions italianes. La gran densitat d'empreses situades en pobles petits, alternant amb una agricultura pr\u00f2spera,\u2026","rel":"","context":"A &quot;General&quot;","block_context":{"text":"General","link":"https:\/\/blogs.avui.cat\/botonier\/category\/general\/"},"img":{"alt_text":"","src":"","width":0,"height":0},"classes":[]},{"id":268,"url":"https:\/\/blogs.avui.cat\/botonier\/2009\/06\/01\/enredar-la-troca-el-cas-opel\/","url_meta":{"origin":131,"position":4},"title":"Enredar la troca: el cas Opel","author":"Ramon Boixet","date":"1 juny 2009","format":false,"excerpt":"La quasi segura declaraci\u00f3 de fallida de la General Motors GM avui dilluns ha fet que els darrers dies el govern alemany multipliqu\u00e9s els seus esfor\u00e7os per trobar una soluci\u00f3 i salvar el grup Opel \u2013 que \u00e9s part de la GM- d'una probable desaparici\u00f3.Despr\u00e9s de molt estirar i arronsar\u2026","rel":"","context":"A &quot;General&quot;","block_context":{"text":"General","link":"https:\/\/blogs.avui.cat\/botonier\/category\/general\/"},"img":{"alt_text":"","src":"","width":0,"height":0},"classes":[]},{"id":141,"url":"https:\/\/blogs.avui.cat\/botonier\/2009\/01\/06\/topics-tipics-de-suissa-3-la-xocolata\/","url_meta":{"origin":131,"position":5},"title":"T\u00f2pics t\u00edpics de Su\u00efssa : 3. La xocolata","author":"Ramon Boixet","date":"6 gener 2009","format":false,"excerpt":"Comencem per dir les coses tal com s\u00f3n: els primers europeus a produir xocolata com a producte de pastisseria foren els italians al segle XVIII. Els grans de cacau coneguts a Europa dos cents anys abans, nom\u00e9s havien servit per fer, barrejant-hi mel i especies, una beguda ex\u00f2tica per\u00f2 poc\u2026","rel":"","context":"A &quot;General&quot;","block_context":{"text":"General","link":"https:\/\/blogs.avui.cat\/botonier\/category\/general\/"},"img":{"alt_text":"","src":"","width":0,"height":0},"classes":[]}],"jetpack_sharing_enabled":true,"jetpack_likes_enabled":true,"_links":{"self":[{"href":"https:\/\/blogs.avui.cat\/botonier\/wp-json\/wp\/v2\/posts\/131","targetHints":{"allow":["GET"]}}],"collection":[{"href":"https:\/\/blogs.avui.cat\/botonier\/wp-json\/wp\/v2\/posts"}],"about":[{"href":"https:\/\/blogs.avui.cat\/botonier\/wp-json\/wp\/v2\/types\/post"}],"author":[{"embeddable":true,"href":"https:\/\/blogs.avui.cat\/botonier\/wp-json\/wp\/v2\/users\/126"}],"replies":[{"embeddable":true,"href":"https:\/\/blogs.avui.cat\/botonier\/wp-json\/wp\/v2\/comments?post=131"}],"version-history":[{"count":2,"href":"https:\/\/blogs.avui.cat\/botonier\/wp-json\/wp\/v2\/posts\/131\/revisions"}],"predecessor-version":[{"id":3204,"href":"https:\/\/blogs.avui.cat\/botonier\/wp-json\/wp\/v2\/posts\/131\/revisions\/3204"}],"wp:attachment":[{"href":"https:\/\/blogs.avui.cat\/botonier\/wp-json\/wp\/v2\/media?parent=131"}],"wp:term":[{"taxonomy":"category","embeddable":true,"href":"https:\/\/blogs.avui.cat\/botonier\/wp-json\/wp\/v2\/categories?post=131"},{"taxonomy":"post_tag","embeddable":true,"href":"https:\/\/blogs.avui.cat\/botonier\/wp-json\/wp\/v2\/tags?post=131"}],"curies":[{"name":"wp","href":"https:\/\/api.w.org\/{rel}","templated":true}]}}