{"id":1255,"date":"2013-03-22T17:11:05","date_gmt":"2013-03-22T16:11:05","guid":{"rendered":"http:\/\/blogs.avui.cat\/botonier\/?p=1255"},"modified":"2013-06-19T09:46:49","modified_gmt":"2013-06-19T08:46:49","slug":"imagineu-vos","status":"publish","type":"post","link":"https:\/\/blogs.avui.cat\/botonier\/2013\/03\/22\/imagineu-vos\/","title":{"rendered":"Imagineu-vos&#8230;"},"content":{"rendered":"<p><a href=\"https:\/\/i0.wp.com\/blogs.avui.cat\/botonier\/files\/2013\/03\/220px-Ueli_Maurer_2011.jpg\"><img data-recalc-dims=\"1\" loading=\"lazy\" decoding=\"async\" class=\"alignnone size-thumbnail wp-image-1256\" src=\"https:\/\/i0.wp.com\/blogs.avui.cat\/botonier\/files\/2013\/03\/220px-Ueli_Maurer_2011.jpg?resize=150%2C150\" alt=\"\" width=\"150\" height=\"150\" \/><\/a><\/p>\n<p><a href=\"http:\/\/blogs.avui.cat\/botonier\/files\/2013\/03\/220px-Ueli_Maurer_2011.jpg\"><\/a>Imagineu-vos que viviu en un pa\u00eds on el Parlament escull cada any un membre del govern per fer de President 365 dies. Amb aquest sistema a ning\u00fa li puja el c\u00e0rrec al cap i assumeix( junt amb les de ministre) unes funcions representatives que en altres llocs ha de fer una fam\u00edlia en el sentit m\u00e9s ampli de la paraula, amb uns centenars llargs d&#8217;assistents, de membres de seguretat i tot una exagerada demostraci\u00f3 de drets din\u00e0stics.<\/p>\n<p>Imagineu-vos que el President del vostre pa\u00eds, malgrat que ja no \u00e9s un jovencell, \u00e9s un practicant de l&#8217;esqu\u00ed de fons, molt m\u00e9s adequat a la seva edat que l&#8217;esqu\u00ed alp\u00ed.<\/p>\n<p>El vostre President, en un cap de setmana llarg, decideix anar a fer una super-marat\u00f3 de 90 kil\u00f2metres a Finl\u00e0ndia. El President, el divendres a la tarda, truca un taxi que el porta a l&#8217;estaci\u00f3 de tren. Una vegada arribat, arrossega el seu trolley (maleta amb rodes) i puja al a un vag\u00f3 de segona classe. Treu de la butxaca una poma,un refresc i un diari per tal de passar de la millor manera l&#8217;hora escassa de viatge fins a l&#8217;aeroport internacional m\u00e9s proper.<\/p>\n<p>Arribat a l&#8217;estaci\u00f3 de tren de l&#8217;aeroport ( ja veieu que no \u00e9s el de Barcelona) va amb el trolley a registrar maleta i a obtenir l&#8217;anomenada &#8220;bording card&#8221;. Com tothom, passa el control de seguretat i, ja que ha estat operat del maluc, ha de ser controlat en una cabina separada, sense privilegis.<\/p>\n<p>Dins de l&#8217;avi\u00f3, ocupa el seu seient al passad\u00eds, sisena fila de la classe turista. El personal de la companyia el reconeix i el pilot el convida a passar a la classe preferent, cosa que ell amb tota naturalitat rebutja.<\/p>\n<p>El diumenge, despr\u00e9s d&#8217;acabar la cursa dels 90 kil\u00f2metres dignament ( s\u00f3n curses on el m\u00e9s important es acabar i no tant el lloc que s&#8217;ocupa), torna a fer el viatge cap a casa amb les mateixes caracter\u00edstiques que el d&#8217;anada.<\/p>\n<p>Imagineu-vos quina sensaci\u00f3 de tranquil\u00b7litat, alt respecte i nivell social es viu en un pa\u00eds on aquestes coses han succe\u00eft el mes de mar\u00e7 del 2013. El pa\u00eds existeix i \u00e9s diu Su\u00efssa i el President Ueli Maurer. Ni \u00e9s sant de la meva devoci\u00f3 ni l&#8217;he votat mai ni penso votar-lo. Per\u00f2 com a persona i com a President, em trec el barret.<\/p>\n","protected":false},"excerpt":{"rendered":"<p>Imagineu-vos que viviu en un pa\u00eds on el Parlament escull cada any un membre del govern per fer de President 365 dies. Amb aquest sistema a ning\u00fa li puja el c\u00e0rrec al cap i assumeix( junt amb les de ministre) unes funcions representatives que en altres llocs ha de fer una fam\u00edlia en el sentit [&hellip;]<\/p>\n","protected":false},"author":126,"featured_media":0,"comment_status":"closed","ping_status":"closed","sticky":false,"template":"","format":"standard","meta":{"jetpack_post_was_ever_published":false,"_jetpack_newsletter_access":"","_jetpack_dont_email_post_to_subs":false,"_jetpack_newsletter_tier_id":0,"_jetpack_memberships_contains_paywalled_content":false,"_jetpack_memberships_contains_paid_content":false,"footnotes":"","jetpack_publicize_message":"","jetpack_publicize_feature_enabled":true,"jetpack_social_post_already_shared":false,"jetpack_social_options":{"image_generator_settings":{"template":"highway","default_image_id":0,"font":"","enabled":false},"version":2}},"categories":[1],"tags":[],"class_list":["post-1255","post","type-post","status-publish","format-standard","hentry","category-general"],"jetpack_publicize_connections":[],"jetpack_featured_media_url":"","jetpack-related-posts":[{"id":3764,"url":"https:\/\/blogs.avui.cat\/botonier\/2022\/03\/21\/politics-impresentables-2\/","url_meta":{"origin":1255,"position":0},"title":"Pol\u00edtics impresentables","author":"Ramon Boixet","date":"21 mar\u00e7 2022","format":false,"excerpt":"Seguir la pol\u00edtica d\u2019arreu del m\u00f3n permet comprovar que la majoria d'alts\u00a0c\u00e0rrecs, una vegada\u00a0a dalt, es comporten d'una manera molt diferent de la que els electors els hi suposaven. Manar significa servir, escoltar i portar a terme els principis exhibits durant les campanyes electorals. La\u00a0pr\u00e0ctica\u00a0ens\u00a0demostra\u00a0que la majoria es comporta de\u2026","rel":"","context":"A &quot;General&quot;","block_context":{"text":"General","link":"https:\/\/blogs.avui.cat\/botonier\/category\/general\/"},"img":{"alt_text":"","src":"https:\/\/i0.wp.com\/blogs.avui.cat\/botonier\/files\/2022\/03\/Toc-Dibuix-2.jpeg?resize=350%2C200","width":350,"height":200},"classes":[]},{"id":391,"url":"https:\/\/blogs.avui.cat\/botonier\/2009\/11\/17\/%c2%bfes-lestat-una-empresa\/","url_meta":{"origin":1255,"position":1},"title":"\u00bf\u00c9s l&#8217;Estat una empresa?","author":"Ramon Boixet","date":"17 novembre 2009","format":false,"excerpt":"Imagineu-vos una empresa gran, molt gran, amb un ample equip directiu. Al capdavant de l\u2019empresa, col\u2022locat per raons familiars, s\u2019hi troba un senyor que no ha necessitat demostrar cap qualitat per arribar on \u00e9s. El capdavanter no t\u00e9 cap funci\u00f3 especial excepte la de fer un tomb per l\u2019empresa un\u2026","rel":"","context":"A &quot;General&quot;","block_context":{"text":"General","link":"https:\/\/blogs.avui.cat\/botonier\/category\/general\/"},"img":{"alt_text":"","src":"","width":0,"height":0},"classes":[]},{"id":703,"url":"https:\/\/blogs.avui.cat\/botonier\/2009\/11\/17\/%c2%bfes-lestat-una-empresa-2\/","url_meta":{"origin":1255,"position":2},"title":"\u00bf\u00c9s l&#8217;Estat una empresa?","author":"Ramon Boixet","date":"17 novembre 2009","format":false,"excerpt":"Imagineu-vos una empresa gran, molt gran, amb un ample equip directiu. Al capdavant de l\u2019empresa, col\u2022locat per raons familiars, s\u2019hi troba un senyor que no ha necessitat demostrar cap qualitat per arribar on \u00e9s. El capdavanter no t\u00e9 cap funci\u00f3 especial excepte la de fer un tomb per l\u2019empresa un\u2026","rel":"","context":"A &quot;General&quot;","block_context":{"text":"General","link":"https:\/\/blogs.avui.cat\/botonier\/category\/general\/"},"img":{"alt_text":"","src":"","width":0,"height":0},"classes":[]},{"id":126,"url":"https:\/\/blogs.avui.cat\/botonier\/2008\/12\/20\/avui-que-parlin-els-altres\/","url_meta":{"origin":1255,"position":3},"title":"Avui, que parlin els altres","author":"Ramon Boixet","date":"20 desembre 2008","format":false,"excerpt":"La major part de les entrades d\u2019aquest blog toquen (jo diria que inevitablement) assumptes politics. M\u2019agradaria escriure m\u00e9s d\u2019altres temes, per\u00f2 de vegades els fets diaris s\u2019imposen, i acabo posant els peus m\u00e9s d\u2019una vegada a la mateixa galleda. Per evitar que avui succeeixi el mateix (tinc ja dos o\u2026","rel":"","context":"A &quot;General&quot;","block_context":{"text":"General","link":"https:\/\/blogs.avui.cat\/botonier\/category\/general\/"},"img":{"alt_text":"","src":"","width":0,"height":0},"classes":[]},{"id":649,"url":"https:\/\/blogs.avui.cat\/botonier\/2008\/01\/30\/la-revista-bages-2\/","url_meta":{"origin":1255,"position":4},"title":"La revista &#034;Bages&#034;","author":"Ramon Boixet","date":"30 gener 2008","format":false,"excerpt":"He llegit a la premsa su\u00efssa la noticia de la \u201cremodelaci\u00f3\u201d de la revista cultural \u201cDu\u201d, de llarga tradici\u00f3 en aquest pa\u00eds, i per un moment, m\u2019ha vingut a la mem\u00f2ria la revista \u201cBages\u201d que durant uns anys va editar l\u2019Associaci\u00f3 d\u2019Antics Alumnes del Institut \u201cLluis de Peguera\u201d de la\u2026","rel":"","context":"A &quot;General&quot;","block_context":{"text":"General","link":"https:\/\/blogs.avui.cat\/botonier\/category\/general\/"},"img":{"alt_text":"","src":"","width":0,"height":0},"classes":[]},{"id":8,"url":"https:\/\/blogs.avui.cat\/botonier\/2008\/01\/30\/la-revista-bages\/","url_meta":{"origin":1255,"position":5},"title":"La revista &quot;Bages&quot;","author":"Ramon Boixet","date":"30 gener 2008","format":false,"excerpt":"He llegit a la premsa su\u00efssa la noticia de la \u201cremodelaci\u00f3\u201d de la revista cultural \u201cDu\u201d, de llarga tradici\u00f3 en aquest pa\u00eds, i per un moment, m\u2019ha vingut a la mem\u00f2ria la revista \u201cBages\u201d que durant uns anys va editar l\u2019Associaci\u00f3 d\u2019Antics Alumnes del Institut \u201cLluis de Peguera\u201d de la\u2026","rel":"","context":"A &quot;General&quot;","block_context":{"text":"General","link":"https:\/\/blogs.avui.cat\/botonier\/category\/general\/"},"img":{"alt_text":"","src":"","width":0,"height":0},"classes":[]}],"jetpack_sharing_enabled":true,"jetpack_likes_enabled":true,"_links":{"self":[{"href":"https:\/\/blogs.avui.cat\/botonier\/wp-json\/wp\/v2\/posts\/1255","targetHints":{"allow":["GET"]}}],"collection":[{"href":"https:\/\/blogs.avui.cat\/botonier\/wp-json\/wp\/v2\/posts"}],"about":[{"href":"https:\/\/blogs.avui.cat\/botonier\/wp-json\/wp\/v2\/types\/post"}],"author":[{"embeddable":true,"href":"https:\/\/blogs.avui.cat\/botonier\/wp-json\/wp\/v2\/users\/126"}],"replies":[{"embeddable":true,"href":"https:\/\/blogs.avui.cat\/botonier\/wp-json\/wp\/v2\/comments?post=1255"}],"version-history":[{"count":6,"href":"https:\/\/blogs.avui.cat\/botonier\/wp-json\/wp\/v2\/posts\/1255\/revisions"}],"predecessor-version":[{"id":2363,"href":"https:\/\/blogs.avui.cat\/botonier\/wp-json\/wp\/v2\/posts\/1255\/revisions\/2363"}],"wp:attachment":[{"href":"https:\/\/blogs.avui.cat\/botonier\/wp-json\/wp\/v2\/media?parent=1255"}],"wp:term":[{"taxonomy":"category","embeddable":true,"href":"https:\/\/blogs.avui.cat\/botonier\/wp-json\/wp\/v2\/categories?post=1255"},{"taxonomy":"post_tag","embeddable":true,"href":"https:\/\/blogs.avui.cat\/botonier\/wp-json\/wp\/v2\/tags?post=1255"}],"curies":[{"name":"wp","href":"https:\/\/api.w.org\/{rel}","templated":true}]}}