{"id":1251,"date":"2013-03-12T12:28:53","date_gmt":"2013-03-12T11:28:53","guid":{"rendered":"http:\/\/blogs.avui.cat\/botonier\/?p=1251"},"modified":"2013-06-19T09:46:50","modified_gmt":"2013-06-19T08:46:50","slug":"espurnes-suisses","status":"publish","type":"post","link":"https:\/\/blogs.avui.cat\/botonier\/2013\/03\/12\/espurnes-suisses\/","title":{"rendered":"Espurnes su\u00efsses"},"content":{"rendered":"<p><a href=\"https:\/\/i0.wp.com\/blogs.avui.cat\/botonier\/files\/2013\/03\/Ohne-Titel-3.jpg\"><img data-recalc-dims=\"1\" loading=\"lazy\" decoding=\"async\" class=\"alignnone size-full wp-image-1252\" src=\"https:\/\/i0.wp.com\/blogs.avui.cat\/botonier\/files\/2013\/03\/Ohne-Titel-3.jpg?resize=135%2C128\" alt=\"\" width=\"135\" height=\"128\" \/><\/a><\/p>\n<ul>\n<li>Fa un parell de dies, el Consell dels Estats (Senat) su\u00efs va aprovar per 22 vots contra 20 la compra de 22 nous avions de combat Gripen de la n\u00f2rdica Saab, per tal de renovar la for\u00e7a a\u00e8ria del pa\u00eds. Acte seguit van votar el cr\u00e8dit necessari per la compra dels avions, per un valor equivalent a 2500 milions d&#8217;euros. Tota inversi\u00f3 per damunt de 15 milions necessita una majoria de parlamentaris, i no nom\u00e9s de parlamentaris presents en el moment de la votaci\u00f3. Amb aquest reglament, el resultat de 23 vots a favor va mancar la majoria per un sol vot, de manera que de moment la compra no es pot efectuar. Ara el tema passa al Consell Nacional (Cambra de Diputats) i si ho aproven, tornar\u00e0 al Senat.<\/li>\n<\/ul>\n<ul>\n<li>Tamb\u00e9 va votar el Consell dels Estats sobre la iniciativa popular que amb el nom de &#8220;S\u00ed a la supressi\u00f3 del servei militar obligatori&#8221; va ser llen\u00e7ada per un grup de signants (107.000 de v\u00e0lids) anomenat &#8220;Grup per una Su\u00efssa sense exercit&#8221; (GSoA). La votaci\u00f3 va ser de rebuig de la iniciativa popular per 34 contra 7 vots i sense formular cap contra-proposta alternativa. La conseq\u00fc\u00e8ncia immediata \u00e9s que dintre de pocs mesos la poblaci\u00f3 su\u00efssa anir\u00e0 a votar per aprovar o no la iniciativa de supressi\u00f3 de l&#8217;exercit, en un acte de democr\u00e0cia directa d&#8217;un gran valor democr\u00e0tic, sigui quin sigui el resultat final.<\/li>\n<\/ul>\n<ul>\n<li>Els habitants de Berna estem molt acostumats a coincidir pel carrer, a l&#8217;autob\u00fas o a la cua de la caixa del supermercat amb senadors, diputats i fins i tot membres del govern sense que necessitin cap escorta. Naturalitat i respecte fan part de l&#8217;educaci\u00f3 de tots. Segur que la senyora S\u00e1nchez-Camacho estaria contenta de viure a Berna.<\/li>\n<\/ul>\n<p><em><strong>&#8220;Hi ha altres m\u00f3ns, per\u00f2 estan en aquest&#8221; (Paul \u00c9luard)<\/strong><\/em><\/p>\n","protected":false},"excerpt":{"rendered":"<p>Fa un parell de dies, el Consell dels Estats (Senat) su\u00efs va aprovar per 22 vots contra 20 la compra de 22 nous avions de combat Gripen de la n\u00f2rdica Saab, per tal de renovar la for\u00e7a a\u00e8ria del pa\u00eds. Acte seguit van votar el cr\u00e8dit necessari per la compra dels avions, per un valor [&hellip;]<\/p>\n","protected":false},"author":126,"featured_media":0,"comment_status":"closed","ping_status":"closed","sticky":false,"template":"","format":"standard","meta":{"jetpack_post_was_ever_published":false,"_jetpack_newsletter_access":"","_jetpack_dont_email_post_to_subs":false,"_jetpack_newsletter_tier_id":0,"_jetpack_memberships_contains_paywalled_content":false,"_jetpack_memberships_contains_paid_content":false,"footnotes":"","jetpack_publicize_message":"","jetpack_publicize_feature_enabled":true,"jetpack_social_post_already_shared":false,"jetpack_social_options":{"image_generator_settings":{"template":"highway","default_image_id":0,"font":"","enabled":false},"version":2}},"categories":[1],"tags":[],"class_list":["post-1251","post","type-post","status-publish","format-standard","hentry","category-general"],"jetpack_publicize_connections":[],"jetpack_featured_media_url":"","jetpack-related-posts":[{"id":279,"url":"https:\/\/blogs.avui.cat\/botonier\/2009\/06\/09\/dinamarca-un-exemple-per-catalunya-i-espanya\/","url_meta":{"origin":1251,"position":0},"title":"Dinamarca: un exemple per Catalunya (i Espanya)","author":"Ramon Boixet","date":"9 juny 2009","format":false,"excerpt":"Dinamarca i Catalunya no tenen aparentment moltes coses en com\u00fa. Tot i que Europa ha estat al llarg dels segles un terreny predestinat a facilitar els moviments dels pobles, ja sigui en pau o en guerra, el poble dan\u00e8s i el nostre no ofereixen gaires coincid\u00e8ncies hist\u00f2riques.Amb tot, vegem alguns\u2026","rel":"","context":"A &quot;General&quot;","block_context":{"text":"General","link":"https:\/\/blogs.avui.cat\/botonier\/category\/general\/"},"img":{"alt_text":"","src":"","width":0,"height":0},"classes":[]},{"id":184,"url":"https:\/\/blogs.avui.cat\/botonier\/2009\/02\/20\/l%e2%80%99exercit-secret-de-suissa-2-organitzacio\/","url_meta":{"origin":1251,"position":1},"title":"L\u2019ex\u00e8rcit secret de Su\u00efssa: 2. Organitzaci\u00f3","author":"Ramon Boixet","date":"20 febrer 2009","format":false,"excerpt":"El \u201cdescobriment\u201d fet l\u2019any 1990 de l\u2019exist\u00e8ncia d\u2019un cos d\u2019ex\u00e8rcit secret, el P26, i d\u2019un servei secret, el P27, va deixar els su\u00efssos abatuts. Junt amb l\u2019exist\u00e8ncia de milers de fitxes sobre persones que estaven molt lluny de creure\u2019s objecte d\u2019investigaci\u00f3, el cop va ser molt dur i encara que\u2026","rel":"","context":"A &quot;General&quot;","block_context":{"text":"General","link":"https:\/\/blogs.avui.cat\/botonier\/category\/general\/"},"img":{"alt_text":"","src":"","width":0,"height":0},"classes":[]},{"id":1242,"url":"https:\/\/blogs.avui.cat\/botonier\/2013\/03\/04\/el-dret-a-votar-dos-exemples\/","url_meta":{"origin":1251,"position":2},"title":"El dret a votar : dos exemples","author":"Ramon Boixet","date":"4 mar\u00e7 2013","format":false,"excerpt":"Anar a votar un parell de vegades a l'any per decidir sobre assumptes nacionals, cantonals i municipals fa part dels bons h\u00e0bits pol\u00edtics de Su\u00efssa. Aquest cap de setmana hem anat a votar diverses propostes de les que en voldria destacar dues que demostren de manera molt clara els efectes\u2026","rel":"","context":"A &quot;General&quot;","block_context":{"text":"General","link":"https:\/\/blogs.avui.cat\/botonier\/category\/general\/"},"img":{"alt_text":"","src":"https:\/\/i0.wp.com\/blogs.avui.cat\/botonier\/files\/2013\/03\/Urne-150x150.jpg?resize=350%2C200","width":350,"height":200},"classes":[]},{"id":298,"url":"https:\/\/blogs.avui.cat\/botonier\/2009\/07\/02\/la-foto-necessaria\/","url_meta":{"origin":1251,"position":3},"title":"La foto necessaria","author":"Ramon Boixet","date":"2 juliol 2009","format":false,"excerpt":"Tots sabem que els gests pol\u00edtics fan part d\u2019una estrat\u00e8gia de comunicaci\u00f3 molt meditada, sovint arranjada entre les dues parts oposades, i que permeten acontentar tothom.Aix\u00f2 no exclou, per\u00f2, que determinades situacions responguin a la realitat, fins i tot amb la \u00abmise en sc\u00e8ne\u00bb necess\u00e0ria. Per exemple la trobada d\u2019ahir\u2026","rel":"","context":"A &quot;General&quot;","block_context":{"text":"General","link":"https:\/\/blogs.avui.cat\/botonier\/category\/general\/"},"img":{"alt_text":"","src":"","width":0,"height":0},"classes":[]},{"id":552,"url":"https:\/\/blogs.avui.cat\/botonier\/2010\/05\/28\/ciu-amb-vocacio-de-salvavides\/","url_meta":{"origin":1251,"position":4},"title":"CiU amb vocaci\u00f3 de salvavides","author":"Ramon Boixet","date":"28 maig 2010","format":false,"excerpt":"Votar en blanc \u00e9s una opci\u00f3 v\u00e0lida tal com votar positiu o negatiu, i sempre millor que no anar a votar. Malgrat tot, abstenir-se de votar \u00e9s una actitud que necessita una explicaci\u00f3.Ahir al Congr\u00e9s de Madrid, gr\u00e0cies essencialment a l\u2019abstenci\u00f3 dels diputats de CiU, es va aprovar per un\u2026","rel":"","context":"A &quot;General&quot;","block_context":{"text":"General","link":"https:\/\/blogs.avui.cat\/botonier\/category\/general\/"},"img":{"alt_text":"","src":"","width":0,"height":0},"classes":[]},{"id":3836,"url":"https:\/\/blogs.avui.cat\/botonier\/2024\/01\/16\/un-tretze-mes\/","url_meta":{"origin":1251,"position":5},"title":"Un tretz\u00e9 mes","author":"Ramon Boixet","date":"16 gener 2024","format":false,"excerpt":"\u00a0 El pr\u00f2xim 3 de mar\u00e7 a Su\u00efssa anirem a votar a favor o contra una iniciativa que demana que la Seguretat Social pagui un tretz\u00e8\u00a0mes\u00a0de pensi\u00f3 a tots els retirats. Cal saber que a Su\u00efssa no existeixen ni juliols ni desembres amb pagaments dobles. Aquesta iniciativa\u00a0popular ha estat\u00a0preparada i\u2026","rel":"","context":"A &quot;General&quot;","block_context":{"text":"General","link":"https:\/\/blogs.avui.cat\/botonier\/category\/general\/"},"img":{"alt_text":"","src":"https:\/\/i0.wp.com\/blogs.avui.cat\/botonier\/files\/2024\/01\/13.AHV_.jpeg?resize=350%2C200","width":350,"height":200},"classes":[]}],"jetpack_sharing_enabled":true,"jetpack_likes_enabled":true,"_links":{"self":[{"href":"https:\/\/blogs.avui.cat\/botonier\/wp-json\/wp\/v2\/posts\/1251","targetHints":{"allow":["GET"]}}],"collection":[{"href":"https:\/\/blogs.avui.cat\/botonier\/wp-json\/wp\/v2\/posts"}],"about":[{"href":"https:\/\/blogs.avui.cat\/botonier\/wp-json\/wp\/v2\/types\/post"}],"author":[{"embeddable":true,"href":"https:\/\/blogs.avui.cat\/botonier\/wp-json\/wp\/v2\/users\/126"}],"replies":[{"embeddable":true,"href":"https:\/\/blogs.avui.cat\/botonier\/wp-json\/wp\/v2\/comments?post=1251"}],"version-history":[{"count":5,"href":"https:\/\/blogs.avui.cat\/botonier\/wp-json\/wp\/v2\/posts\/1251\/revisions"}],"predecessor-version":[{"id":2364,"href":"https:\/\/blogs.avui.cat\/botonier\/wp-json\/wp\/v2\/posts\/1251\/revisions\/2364"}],"wp:attachment":[{"href":"https:\/\/blogs.avui.cat\/botonier\/wp-json\/wp\/v2\/media?parent=1251"}],"wp:term":[{"taxonomy":"category","embeddable":true,"href":"https:\/\/blogs.avui.cat\/botonier\/wp-json\/wp\/v2\/categories?post=1251"},{"taxonomy":"post_tag","embeddable":true,"href":"https:\/\/blogs.avui.cat\/botonier\/wp-json\/wp\/v2\/tags?post=1251"}],"curies":[{"name":"wp","href":"https:\/\/api.w.org\/{rel}","templated":true}]}}