{"id":1234,"date":"2012-12-20T09:46:46","date_gmt":"2012-12-20T08:46:46","guid":{"rendered":"http:\/\/blogs.avui.cat\/botonier\/?p=1234"},"modified":"2013-06-19T09:46:50","modified_gmt":"2013-06-19T08:46:50","slug":"estem-enlluernats","status":"publish","type":"post","link":"https:\/\/blogs.avui.cat\/botonier\/2012\/12\/20\/estem-enlluernats\/","title":{"rendered":"Estem enlluernats?"},"content":{"rendered":"<p><a href=\"https:\/\/i0.wp.com\/blogs.avui.cat\/botonier\/files\/2012\/12\/enlluernar.jpg\"><img data-recalc-dims=\"1\" loading=\"lazy\" decoding=\"async\" class=\"alignnone size-thumbnail wp-image-1235\" src=\"https:\/\/i0.wp.com\/blogs.avui.cat\/botonier\/files\/2012\/12\/enlluernar.jpg?resize=150%2C150\" alt=\"\" width=\"150\" height=\"150\" \/><\/a><\/p>\n<p><a href=\"http:\/\/blogs.avui.cat\/botonier\/files\/2012\/12\/enlluernar.jpg\"><\/a>Que els dos primers partits del Parlament arribin a un acord per estructurar i facilitar la propera legislatura, \u00e9s un fet positiu que nom\u00e9s sorpr\u00e8n a alguns per culpa de l&#8217;escassa cultura democr\u00e0tica que malgrat tot existeix encara.<\/p>\n<p>Las reaccions espanyoles a l&#8217;acord no amaguen amenaces i permeten suposar l&#8217;arribada de temps molt complicats i impregnats de tensions i odis.<\/p>\n<p>Tot i que l&#8217;acord CiU\/ERC s&#8217;ha publicat d&#8217;una manera bastant detallada, queden poc clars alguns punts que s\u00f3n els que sovint descobreixen el veritable rerefons de la futura pol\u00edtica .<\/p>\n<p>La convocat\u00f2ria de la consulta sobre el futur pol\u00edtic de Catalunya sembla que queda definida per que es faci l&#8217;any 2014 encara que es diu literalment que &#8220;amb l&#8217;excepci\u00f3 que el context socioecon\u00f2mic i pol\u00edtic requerissin una prorroga&#8221;. De manera que per dir-ho clar, la data no \u00e9s segura.<\/p>\n<p>Tampoc s&#8217;ha definit la pregunta base de la consulta, de manera que queda molt terreny per definir, cosa que fins i tot pot posar l&#8217;acord en q\u00fcesti\u00f3.<\/p>\n<p>L&#8217;acord preveu fins a 10 nous impostos sobre el patrimoni, sobre els establiments comercials grans, sobre gasos contaminants, sobre begudes amb molt sucre etc. etc.. Apujar impostos \u00e9s molt discutible com a soluci\u00f3 si paral\u00b7lelament no es prenen mesures per disminuir l&#8217;atur, per augmentar la productivitat, promocionar la creaci\u00f3 de petites i mitjanes empreses i moltes altres mesures b\u00e0siques.<\/p>\n<p>L&#8217;acord \u00e9s engrescador, per\u00f2 es necessiten m\u00e9s detalls, m\u00e9s claredat per no donar la impressi\u00f3 de que estem enlluernats, il.lusionadament enlluernats.<\/p>\n","protected":false},"excerpt":{"rendered":"<p>Que els dos primers partits del Parlament arribin a un acord per estructurar i facilitar la propera legislatura, \u00e9s un fet positiu que nom\u00e9s sorpr\u00e8n a alguns per culpa de l&#8217;escassa cultura democr\u00e0tica que malgrat tot existeix encara. Las reaccions espanyoles a l&#8217;acord no amaguen amenaces i permeten suposar l&#8217;arribada de temps molt complicats i [&hellip;]<\/p>\n","protected":false},"author":126,"featured_media":0,"comment_status":"closed","ping_status":"closed","sticky":false,"template":"","format":"standard","meta":{"jetpack_post_was_ever_published":false,"_jetpack_newsletter_access":"","_jetpack_dont_email_post_to_subs":false,"_jetpack_newsletter_tier_id":0,"_jetpack_memberships_contains_paywalled_content":false,"_jetpack_memberships_contains_paid_content":false,"footnotes":"","jetpack_publicize_message":"","jetpack_publicize_feature_enabled":true,"jetpack_social_post_already_shared":false,"jetpack_social_options":{"image_generator_settings":{"template":"highway","default_image_id":0,"font":"","enabled":false},"version":2}},"categories":[1],"tags":[],"class_list":["post-1234","post","type-post","status-publish","format-standard","hentry","category-general"],"jetpack_publicize_connections":[],"jetpack_featured_media_url":"","jetpack-related-posts":[{"id":3520,"url":"https:\/\/blogs.avui.cat\/botonier\/2020\/08\/24\/algu-creu-en-europa\/","url_meta":{"origin":1234,"position":0},"title":"Alg\u00fa creu en Europa ?","author":"Ramon Boixet","date":"24 agost 2020","format":false,"excerpt":"\u00a0 Amb una certa regularitat, alguns pol\u00edtics de casa nostra parlen de portar a Europa el problema catal\u00e0, que vol dir portar-hi el dret a la independ\u00e8ncia partint d'un refer\u00e8ndum legal. Aquest refer\u00e8ndum, que Espanya nega mani qui mani a Madrid, suposa un argument democr\u00e0tic amb la convicci\u00f3 que cada\u2026","rel":"","context":"A &quot;General&quot;","block_context":{"text":"General","link":"https:\/\/blogs.avui.cat\/botonier\/category\/general\/"},"img":{"alt_text":"","src":"https:\/\/i0.wp.com\/blogs.avui.cat\/botonier\/files\/2020\/08\/images-150x150.jpeg?resize=350%2C200","width":350,"height":200},"classes":[]},{"id":313,"url":"https:\/\/blogs.avui.cat\/botonier\/2009\/07\/22\/tragedia-i-reflexio\/","url_meta":{"origin":1234,"position":1},"title":"Trag\u00e8dia i reflexi\u00f3","author":"Ramon Boixet","date":"22 juliol 2009","format":false,"excerpt":"La mort dels quatre bombers ahir a Horta de Sant Joan \u00e9s una gran trag\u00e8dia i el nostre record ha d\u2019anar a les seves fam\u00edlies, amics i companys.La vida pol\u00edtica, que no \u00e9s insensible a fets humans tan importants, ha quedat en certa manera paralitzada un parell de dies, amb\u2026","rel":"","context":"A &quot;General&quot;","block_context":{"text":"General","link":"https:\/\/blogs.avui.cat\/botonier\/category\/general\/"},"img":{"alt_text":"","src":"","width":0,"height":0},"classes":[]},{"id":307,"url":"https:\/\/blogs.avui.cat\/botonier\/2009\/07\/14\/l%e2%80%99acord-sobre-el-financament-no-satisfa-a-ningu\/","url_meta":{"origin":1234,"position":2},"title":"L\u2019acord sobre el finan\u00e7ament no satisf\u00e0 a ning\u00fa","author":"Ramon Boixet","date":"14 juliol 2009","format":false,"excerpt":"Una vegada arribats a un acord els tres partits al govern per tal de no trencar l\u2019entesa han comen\u00e7at les declaracions dels implicats i en totes elles planeja un significatiu entusiasme molt mesurat. Suposo que els que remenen les cireres i els que han acceptat l\u2019acord, coneixen les dades, els\u2026","rel":"","context":"A &quot;General&quot;","block_context":{"text":"General","link":"https:\/\/blogs.avui.cat\/botonier\/category\/general\/"},"img":{"alt_text":"","src":"","width":0,"height":0},"classes":[]},{"id":904,"url":"https:\/\/blogs.avui.cat\/botonier\/2011\/02\/09\/el-futur-no-es-espanya\/","url_meta":{"origin":1234,"position":3},"title":"El futur no \u00e9s Espanya","author":"Ramon Boixet","date":"9 febrer 2011","format":false,"excerpt":"Per dir-ho m\u00e9s clar: Espanya, tal com est\u00e0 configurada ara, no te futur. I Catalunya no pot lligar el seu avenir a un pa\u00eds amb les estructures pol\u00edtiques esquerdades per tots costats i amb una tend\u00e8ncia quasi obsessiva a trobar-nos defectes i problemes. El viatge protocol\u2022lari de Mas a Madrid,\u2026","rel":"","context":"A &quot;General&quot;","block_context":{"text":"General","link":"https:\/\/blogs.avui.cat\/botonier\/category\/general\/"},"img":{"alt_text":"","src":"https:\/\/i0.wp.com\/blogs.avui.cat\/botonier\/files\/2011\/02\/Espanya-150x150.jpg?resize=350%2C200","width":350,"height":200},"classes":[]},{"id":182,"url":"https:\/\/blogs.avui.cat\/botonier\/2009\/02\/18\/l%e2%80%99%e2%80%9cacord-de-barcelona%e2%80%9c\/","url_meta":{"origin":1234,"position":4},"title":"L\u2019\u201cAcord de Barcelona\u201c","author":"Ramon Boixet","date":"18 febrer 2009","format":false,"excerpt":"Ahir, a la ciutat de Barcelona, es va signar un acord de gran transcend\u00e8ncia i que era molt esperat.Si alg\u00fa m\u2019hagu\u00e9s preguntat quin acord m\u2019agradaria que es sign\u00e9s a Barcelona, hauria donat un parell de respostes espont\u00e0nies : Els partits PSC, ERC, CiU i IV han signat un acord amb\u2026","rel":"","context":"A &quot;General&quot;","block_context":{"text":"General","link":"https:\/\/blogs.avui.cat\/botonier\/category\/general\/"},"img":{"alt_text":"","src":"","width":0,"height":0},"classes":[]},{"id":302,"url":"https:\/\/blogs.avui.cat\/botonier\/2009\/07\/07\/la-tactica-de-madrid\/","url_meta":{"origin":1234,"position":5},"title":"La t\u00e0ctica de Madrid","author":"Ramon Boixet","date":"7 juliol 2009","format":false,"excerpt":"Potser \u00e9s casualitat, o \u00e9s que tinc la pell molt fina per\u00f2 em sembla que a Madrid s\u2019han especialitzat en distreure l\u2019atenci\u00f3 de les coses importants, i ho fan amb un estil professional impactant.Ah!, i quan dic Madrid vull dir tant el govern central com el Real Madrid C.F. que\u2026","rel":"","context":"A &quot;General&quot;","block_context":{"text":"General","link":"https:\/\/blogs.avui.cat\/botonier\/category\/general\/"},"img":{"alt_text":"","src":"","width":0,"height":0},"classes":[]}],"jetpack_sharing_enabled":true,"jetpack_likes_enabled":true,"_links":{"self":[{"href":"https:\/\/blogs.avui.cat\/botonier\/wp-json\/wp\/v2\/posts\/1234","targetHints":{"allow":["GET"]}}],"collection":[{"href":"https:\/\/blogs.avui.cat\/botonier\/wp-json\/wp\/v2\/posts"}],"about":[{"href":"https:\/\/blogs.avui.cat\/botonier\/wp-json\/wp\/v2\/types\/post"}],"author":[{"embeddable":true,"href":"https:\/\/blogs.avui.cat\/botonier\/wp-json\/wp\/v2\/users\/126"}],"replies":[{"embeddable":true,"href":"https:\/\/blogs.avui.cat\/botonier\/wp-json\/wp\/v2\/comments?post=1234"}],"version-history":[{"count":6,"href":"https:\/\/blogs.avui.cat\/botonier\/wp-json\/wp\/v2\/posts\/1234\/revisions"}],"predecessor-version":[{"id":2367,"href":"https:\/\/blogs.avui.cat\/botonier\/wp-json\/wp\/v2\/posts\/1234\/revisions\/2367"}],"wp:attachment":[{"href":"https:\/\/blogs.avui.cat\/botonier\/wp-json\/wp\/v2\/media?parent=1234"}],"wp:term":[{"taxonomy":"category","embeddable":true,"href":"https:\/\/blogs.avui.cat\/botonier\/wp-json\/wp\/v2\/categories?post=1234"},{"taxonomy":"post_tag","embeddable":true,"href":"https:\/\/blogs.avui.cat\/botonier\/wp-json\/wp\/v2\/tags?post=1234"}],"curies":[{"name":"wp","href":"https:\/\/api.w.org\/{rel}","templated":true}]}}