{"id":1228,"date":"2012-12-15T10:35:25","date_gmt":"2012-12-15T09:35:25","guid":{"rendered":"http:\/\/blogs.avui.cat\/botonier\/?p=1228"},"modified":"2013-06-19T09:46:50","modified_gmt":"2013-06-19T08:46:50","slug":"estrategia-contra-catalunya","status":"publish","type":"post","link":"https:\/\/blogs.avui.cat\/botonier\/2012\/12\/15\/estrategia-contra-catalunya\/","title":{"rendered":"Estrat\u00e8gia contra Catalunya"},"content":{"rendered":"<p><img data-recalc-dims=\"1\" loading=\"lazy\" decoding=\"async\" class=\"alignnone size-thumbnail wp-image-1229\" src=\"https:\/\/i0.wp.com\/blogs.avui.cat\/botonier\/files\/2012\/12\/Ohne-Titel-3b.jpg?resize=150%2C150\" alt=\"\" width=\"150\" height=\"150\" \/><\/p>\n<p>No cal ser ni molt llest ni molt malpensat per arribar a la conclusi\u00f3 que qui realment mana a Espanya (i no crec que sigui el govern de Madrid, simple instrument) est\u00e0 aplicant una estrat\u00e8gia clara, amb la finalitat de dividir els catalans, no fos cas que una majoria decid\u00eds fer-se independent.<\/p>\n<p>No pot ser casualitat que uns dies abans i un dies despr\u00e9s de les eleccions surtin esborranys i declaracions sobre fortunes i comptes bancaris a l&#8217;estranger de les fam\u00edlies Pujol i Mas, principalment. Aquestes informacions alg\u00fa les va guardar al calaix amb intenci\u00f3 de fer-les p\u00fabliques quan facin m\u00e9s mal.<\/p>\n<p>Davant la satisfacci\u00f3 d&#8217;alguns mitjans espanyols dits d&#8217;informaci\u00f3, que no poden esperar la confirmaci\u00f3 de les dades ni concedir la presumpci\u00f3 d&#8217;innoc\u00e8ncia dels ara acusats abans d&#8217;hora, cal suposar que rebrem encara m\u00e9s cops baixos els propers dies i setmanes.<\/p>\n<p>Per acabar de decorar el past\u00eds, surt el ministre Wert amb les seves propostes indissimulades per rebaixar el catal\u00e0 a l&#8217;escola en favor del castell\u00e0. El senyor Wert i tots els seus escolans han de saber perfectament que el catal\u00e0 no \u00e9s cap argument pol\u00edtic d&#8217;un partit o d&#8217;un altre: \u00e9s un fet hist\u00f2ric i essencial del pa\u00eds.<\/p>\n<p>Ara que s&#8217;ha arribat a donar al catal\u00e0 el lloc que tot idioma ha de tenir en el seu territori, ve el senyor Wert a sembrar la zitz\u00e0nia, aprofitant l&#8217;estrat\u00e8gia muntada contra Catalunya.<\/p>\n<p>El present i el futur de Catalunya no poden dependre de les finances dels Pujol i els Mas, siguin innocents o no. Molt per damunt de persones s&#8217;ha de crear un sentiment de pa\u00eds, de p\u00e0tria comuna, de ciutadans conven\u00e7uts que no s\u00f3n ni millors ni pitjors que altres pobles, per\u00f2 que volen i tenen el dret a defensar el que \u00e9s seu.<\/p>\n<p>Si no s&#8217;arriba aviat a crear una base ampla i forta, les batzegades que l&#8217;estrat\u00e8gia centralista ens d\u00f3na i donar\u00e0 poden fer perillar un projecte il\u00b7lusionant i necessari.<\/p>\n","protected":false},"excerpt":{"rendered":"<p>No cal ser ni molt llest ni molt malpensat per arribar a la conclusi\u00f3 que qui realment mana a Espanya (i no crec que sigui el govern de Madrid, simple instrument) est\u00e0 aplicant una estrat\u00e8gia clara, amb la finalitat de dividir els catalans, no fos cas que una majoria decid\u00eds fer-se independent. No pot ser [&hellip;]<\/p>\n","protected":false},"author":126,"featured_media":0,"comment_status":"closed","ping_status":"closed","sticky":false,"template":"","format":"standard","meta":{"jetpack_post_was_ever_published":false,"_jetpack_newsletter_access":"","_jetpack_dont_email_post_to_subs":false,"_jetpack_newsletter_tier_id":0,"_jetpack_memberships_contains_paywalled_content":false,"_jetpack_memberships_contains_paid_content":false,"footnotes":"","jetpack_publicize_message":"","jetpack_publicize_feature_enabled":true,"jetpack_social_post_already_shared":false,"jetpack_social_options":{"image_generator_settings":{"template":"highway","default_image_id":0,"font":"","enabled":false},"version":2}},"categories":[1],"tags":[],"class_list":["post-1228","post","type-post","status-publish","format-standard","hentry","category-general"],"jetpack_publicize_connections":[],"jetpack_featured_media_url":"","jetpack-related-posts":[{"id":431,"url":"https:\/\/blogs.avui.cat\/botonier\/2010\/01\/15\/partits-partits\/","url_meta":{"origin":1228,"position":0},"title":"Partits partits","author":"Ramon Boixet","date":"15 gener 2010","format":false,"excerpt":"Com que la campanya electoral pels propers comicis ja ha comen\u00e7at, encara que de manera no oficial, cal que ens preparem per rebre informacions reals, d\u2019altres de dubtoses i moltes d\u2019interessades sense altre motiu que atiar el foc i col\u2022locar-se prop de les brases.Avui es poden llegir dues noticies contradict\u00f2ries.\u2026","rel":"","context":"A &quot;General&quot;","block_context":{"text":"General","link":"https:\/\/blogs.avui.cat\/botonier\/category\/general\/"},"img":{"alt_text":"","src":"","width":0,"height":0},"classes":[]},{"id":3520,"url":"https:\/\/blogs.avui.cat\/botonier\/2020\/08\/24\/algu-creu-en-europa\/","url_meta":{"origin":1228,"position":1},"title":"Alg\u00fa creu en Europa ?","author":"Ramon Boixet","date":"24 agost 2020","format":false,"excerpt":"\u00a0 Amb una certa regularitat, alguns pol\u00edtics de casa nostra parlen de portar a Europa el problema catal\u00e0, que vol dir portar-hi el dret a la independ\u00e8ncia partint d'un refer\u00e8ndum legal. Aquest refer\u00e8ndum, que Espanya nega mani qui mani a Madrid, suposa un argument democr\u00e0tic amb la convicci\u00f3 que cada\u2026","rel":"","context":"A &quot;General&quot;","block_context":{"text":"General","link":"https:\/\/blogs.avui.cat\/botonier\/category\/general\/"},"img":{"alt_text":"","src":"https:\/\/i0.wp.com\/blogs.avui.cat\/botonier\/files\/2020\/08\/images-150x150.jpeg?resize=350%2C200","width":350,"height":200},"classes":[]},{"id":510,"url":"https:\/\/blogs.avui.cat\/botonier\/2010\/04\/12\/els-vehicles-electrics-que-tothom-paga\/","url_meta":{"origin":1228,"position":2},"title":"Els vehicles el\u00e8ctrics que tothom paga","author":"Ramon Boixet","date":"12 abril 2010","format":false,"excerpt":"La darrera setmana, el president ZP va presentar un pla i una estrat\u00e8gia per impulsar la introducci\u00f3 dels vehicles el\u00e8ctrics a Espanya. El pressupost del projecte \u00e9s de 590 milions d'Euros amb unes vendes previstes fins a l\u2019any 2012 de 70.000 unitats, de manera que fent el compte de la\u2026","rel":"","context":"A &quot;General&quot;","block_context":{"text":"General","link":"https:\/\/blogs.avui.cat\/botonier\/category\/general\/"},"img":{"alt_text":"","src":"","width":0,"height":0},"classes":[]},{"id":383,"url":"https:\/\/blogs.avui.cat\/botonier\/2009\/11\/07\/capgirar-lordre\/","url_meta":{"origin":1228,"position":3},"title":"Capgirar l&#8217;ordre","author":"Ramon Boixet","date":"7 novembre 2009","format":false,"excerpt":"Estic a punt de tornar a la normalitat, despr\u00e9s d'uns dies presidits per un intens contacte familiar.Normalitat no vol dir de cap manera rutina, ni \u201elaisser faire, laissez passer\u201c com diuen els francesos. Els pocs dies que he passat a Catalunya m'han perm\u00e8s de retrobar familiars i amics que la\u2026","rel":"","context":"A &quot;General&quot;","block_context":{"text":"General","link":"https:\/\/blogs.avui.cat\/botonier\/category\/general\/"},"img":{"alt_text":"","src":"","width":0,"height":0},"classes":[]},{"id":504,"url":"https:\/\/blogs.avui.cat\/botonier\/2010\/04\/09\/el-14-dabril-i-el-tc\/","url_meta":{"origin":1228,"position":4},"title":"El 14 d&#8217;Abril i el TC","author":"Ramon Boixet","date":"9 abril 2010","format":false,"excerpt":"Ara sembla que s\u00ed, que el TC es reunir\u00e0 els dies 14 i 15 d\u2019abril per decidir i anunciar la sent\u00e8ncia sobre l\u2019Estatut.A mi aix\u00f2 del 14 d\u2019abril em sona. Jo no hi era, per\u00f2 va ser la data en la que Espanya es va declarar republicana (Segona Rep\u00fablica). Segur\u2026","rel":"","context":"A &quot;General&quot;","block_context":{"text":"General","link":"https:\/\/blogs.avui.cat\/botonier\/category\/general\/"},"img":{"alt_text":"","src":"","width":0,"height":0},"classes":[]},{"id":698,"url":"https:\/\/blogs.avui.cat\/botonier\/2009\/11\/07\/capgirar-lordre-2\/","url_meta":{"origin":1228,"position":5},"title":"Capgirar l&#8217;ordre","author":"Ramon Boixet","date":"7 novembre 2009","format":false,"excerpt":"Estic a punt de tornar a la normalitat, despr\u00e9s d'uns dies presidits per un intens contacte familiar.Normalitat no vol dir de cap manera rutina, ni \u201elaisser faire, laissez passer\u201c com diuen els francesos. Els pocs dies que he passat a Catalunya m'han perm\u00e8s de retrobar familiars i amics que la\u2026","rel":"","context":"A &quot;General&quot;","block_context":{"text":"General","link":"https:\/\/blogs.avui.cat\/botonier\/category\/general\/"},"img":{"alt_text":"","src":"","width":0,"height":0},"classes":[]}],"jetpack_sharing_enabled":true,"jetpack_likes_enabled":true,"_links":{"self":[{"href":"https:\/\/blogs.avui.cat\/botonier\/wp-json\/wp\/v2\/posts\/1228","targetHints":{"allow":["GET"]}}],"collection":[{"href":"https:\/\/blogs.avui.cat\/botonier\/wp-json\/wp\/v2\/posts"}],"about":[{"href":"https:\/\/blogs.avui.cat\/botonier\/wp-json\/wp\/v2\/types\/post"}],"author":[{"embeddable":true,"href":"https:\/\/blogs.avui.cat\/botonier\/wp-json\/wp\/v2\/users\/126"}],"replies":[{"embeddable":true,"href":"https:\/\/blogs.avui.cat\/botonier\/wp-json\/wp\/v2\/comments?post=1228"}],"version-history":[{"count":7,"href":"https:\/\/blogs.avui.cat\/botonier\/wp-json\/wp\/v2\/posts\/1228\/revisions"}],"predecessor-version":[{"id":2368,"href":"https:\/\/blogs.avui.cat\/botonier\/wp-json\/wp\/v2\/posts\/1228\/revisions\/2368"}],"wp:attachment":[{"href":"https:\/\/blogs.avui.cat\/botonier\/wp-json\/wp\/v2\/media?parent=1228"}],"wp:term":[{"taxonomy":"category","embeddable":true,"href":"https:\/\/blogs.avui.cat\/botonier\/wp-json\/wp\/v2\/categories?post=1228"},{"taxonomy":"post_tag","embeddable":true,"href":"https:\/\/blogs.avui.cat\/botonier\/wp-json\/wp\/v2\/tags?post=1228"}],"curies":[{"name":"wp","href":"https:\/\/api.w.org\/{rel}","templated":true}]}}