{"id":1208,"date":"2012-10-09T09:34:42","date_gmt":"2012-10-09T08:34:42","guid":{"rendered":"http:\/\/blogs.avui.cat\/botonier\/?p=1208"},"modified":"2013-06-19T09:46:51","modified_gmt":"2013-06-19T08:46:51","slug":"professions-fiables","status":"publish","type":"post","link":"https:\/\/blogs.avui.cat\/botonier\/2012\/10\/09\/professions-fiables\/","title":{"rendered":"Professions fiables"},"content":{"rendered":"<p><a href=\"https:\/\/i0.wp.com\/blogs.avui.cat\/botonier\/files\/2012\/10\/Bild0222.jpg\"><img data-recalc-dims=\"1\" loading=\"lazy\" decoding=\"async\" class=\"alignnone size-thumbnail wp-image-1209\" src=\"https:\/\/i0.wp.com\/blogs.avui.cat\/botonier\/files\/2012\/10\/Bild0222.jpg?resize=150%2C150\" alt=\"\" width=\"150\" height=\"150\" srcset=\"https:\/\/i0.wp.com\/blogs.avui.cat\/botonier\/files\/2012\/10\/Bild0222.jpg?resize=150%2C150&amp;ssl=1 150w, https:\/\/i0.wp.com\/blogs.avui.cat\/botonier\/files\/2012\/10\/Bild0222.jpg?zoom=2&amp;resize=150%2C150 300w\" sizes=\"auto, (max-width: 150px) 100vw, 150px\" \/><\/a><\/p>\n<p><a href=\"http:\/\/blogs.avui.cat\/botonier\/files\/2012\/10\/Bild0222.jpg\"><\/a>Les estad\u00edstiques no sempre serveixen per donar valors confiables, principalment per les possibilitats de manipulaci\u00f3 dif\u00edcilment detectables. Malgrat tot, pot arribar a ser interessant llegir certes estad\u00edstiques referides a comportaments, gustos i costums de la gent, sense connotacions directes d&#8217;ordre pol\u00edtic, comercial o financer.<\/p>\n<p>Un recent llibre publicat amb el t\u00edtol de &#8221; La Su\u00efssa en llistes&#8221; presenta xifres, dades i fets directament relacionats amb la p\u00e0tria, natura, esport, religi\u00f3 i un llarg etc\u00e8tera, amb un contingut interessant fins i tot fora de Su\u00efssa.<\/p>\n<p>Una de les llistes exposa el resultat de una enquesta sobre les professions m\u00e9s fiables, es a dir quines s\u00f3n les professions que els su\u00efssos consideren m\u00e9s dignes de confian\u00e7a. Els resultats s\u00f3n els seg\u00fcents:<\/p>\n<p>En primer lloc els bombers seguits dels pilots, les infermeres, els farmac\u00e8utics i els metges. En sis\u00e8 lloc els pagesos i despr\u00e9s els policies, els mestres, els jutges i els homes del temps.<\/p>\n<p>Sorpr\u00e8n a primera vista la manca de pol\u00edtics, periodistes i escriptors que normalment disposen de molta audi\u00e8ncia per\u00f2 que no semblen donar massa fiabilitat a la gent. El entrevistats han donat molt valor a la salud ja que les cinc primeres professions escollides estan directa o indirectament relacionades amb ella.<\/p>\n<p>Per acabar vull donar sense comentaris un altre resultat i \u00e9s el dels 10 valors m\u00e9s identit\u00e0ris de Su\u00efssa. La pregunta era concretament : &#8220;Digui&#8217;m tres coses que per vost\u00e8 representin els seu pa\u00eds&#8221; . El resultats amb els percentatges corresponents s\u00f3n : paisatge (20%), neutralitat (19%), els Alps (17%), la precisi\u00f3 (15%), la xocolata (12%), la p\u00e0tria (10%), el formatge (9%), la llibertat (9%) i la tradici\u00f3 (9%).<\/p>\n","protected":false},"excerpt":{"rendered":"<p>Les estad\u00edstiques no sempre serveixen per donar valors confiables, principalment per les possibilitats de manipulaci\u00f3 dif\u00edcilment detectables. Malgrat tot, pot arribar a ser interessant llegir certes estad\u00edstiques referides a comportaments, gustos i costums de la gent, sense connotacions directes d&#8217;ordre pol\u00edtic, comercial o financer. Un recent llibre publicat amb el t\u00edtol de &#8221; La Su\u00efssa [&hellip;]<\/p>\n","protected":false},"author":126,"featured_media":0,"comment_status":"closed","ping_status":"closed","sticky":false,"template":"","format":"standard","meta":{"jetpack_post_was_ever_published":false,"_jetpack_newsletter_access":"","_jetpack_dont_email_post_to_subs":false,"_jetpack_newsletter_tier_id":0,"_jetpack_memberships_contains_paywalled_content":false,"_jetpack_memberships_contains_paid_content":false,"footnotes":"","jetpack_publicize_message":"","jetpack_publicize_feature_enabled":true,"jetpack_social_post_already_shared":false,"jetpack_social_options":{"image_generator_settings":{"template":"highway","default_image_id":0,"font":"","enabled":false},"version":2}},"categories":[1],"tags":[],"class_list":["post-1208","post","type-post","status-publish","format-standard","hentry","category-general"],"jetpack_publicize_connections":[],"jetpack_featured_media_url":"","jetpack-related-posts":[{"id":575,"url":"https:\/\/blogs.avui.cat\/botonier\/2010\/06\/28\/visca-els-metges-fora-els-politics\/","url_meta":{"origin":1208,"position":0},"title":"Visca els metges, fora els pol\u00edtics","author":"Ramon Boixet","date":"28 juny 2010","format":false,"excerpt":"He exagerat una mica, per\u00f2 en el fons aquesta \u00e9s la conclusi\u00f3 d\u2019una enquesta que l'empresa Marquetagent.com ha fet a Su\u00efssa, Alemanya i \u00c0ustria, tres pa\u00efsos diferents per\u00f2 fins a un cert punt integrats dins d\u2019un nivell pol\u00edtic i social bastant af\u00ed.Van preguntar a 200.000 persones sobre el grau de\u2026","rel":"","context":"A &quot;General&quot;","block_context":{"text":"General","link":"https:\/\/blogs.avui.cat\/botonier\/category\/general\/"},"img":{"alt_text":"","src":"","width":0,"height":0},"classes":[]},{"id":264,"url":"https:\/\/blogs.avui.cat\/botonier\/2009\/05\/27\/vacances-i-maletes\/","url_meta":{"origin":1208,"position":1},"title":"Vacances i maletes","author":"Ramon Boixet","date":"27 maig 2009","format":false,"excerpt":"Si fem cas de les estad\u00edstiques, moltes maletes tenen per costum no fer el mateix viatge aeri que els seus propietaris. A nivell mundial cada any uns 40 milions d\u2019equipatges no arriben al seu dest\u00ed \u00e9s a dir que el viatger no troba la maleta al arribar a l'aeroport de\u2026","rel":"","context":"A &quot;General&quot;","block_context":{"text":"General","link":"https:\/\/blogs.avui.cat\/botonier\/category\/general\/"},"img":{"alt_text":"","src":"","width":0,"height":0},"classes":[]},{"id":86,"url":"https:\/\/blogs.avui.cat\/botonier\/2008\/11\/15\/elogi-de-la-maduresa\/","url_meta":{"origin":1208,"position":2},"title":"Elogi de la maduresa","author":"Ramon Boixet","date":"15 novembre 2008","format":false,"excerpt":"Avui , excepcionalment, ser\u00e9 jo el tema del blog. Resulta que dem\u00e0 dia 16 \u00e9s el meu aniversari . Far\u00e0 66 anys que vaig n\u00e9ixer al carrer d'Urgell de Manresa. D'acord, no \u00e9s cap edat com per anar pel m\u00f3n traient pit perqu\u00e8 avui dia, gr\u00e0cies al avan\u00e7os de la\u2026","rel":"","context":"A &quot;General&quot;","block_context":{"text":"General","link":"https:\/\/blogs.avui.cat\/botonier\/category\/general\/"},"img":{"alt_text":"","src":"","width":0,"height":0},"classes":[]},{"id":188,"url":"https:\/\/blogs.avui.cat\/botonier\/2009\/02\/24\/una-enquesta-fiable\/","url_meta":{"origin":1208,"position":3},"title":"Una enquesta fiable","author":"Ramon Boixet","date":"24 febrer 2009","format":false,"excerpt":"Les enquestes que, sovint abans de eleccions, encarreguen els partits politics o certs diaris amb un inclinaci\u00f3 coneguda han fet sempre sospitar els lectors i per tant no assoleixen l\u2019efecte desitjat. A Su\u00efssa, on anem a votar cada any mitja dotzena de vegades un total de vint o m\u00e9s assumptes,\u2026","rel":"","context":"A &quot;General&quot;","block_context":{"text":"General","link":"https:\/\/blogs.avui.cat\/botonier\/category\/general\/"},"img":{"alt_text":"","src":"","width":0,"height":0},"classes":[]},{"id":414,"url":"https:\/\/blogs.avui.cat\/botonier\/2009\/12\/21\/popularitat-i-preocupacions\/","url_meta":{"origin":1208,"position":4},"title":"Popularitat i preocupacions","author":"Ramon Boixet","date":"21 desembre 2009","format":false,"excerpt":"Com tots els anys per aquestes dates, diaris i revistes omplen bastants p\u00e0gines amb resums de les principals coses succe\u00efdes durant l\u2019any que ja s\u2019acaba. No solen ser grans reportatges period\u00edstics per\u00f2 ens fan activar la mem\u00f2ria i fins i tots ens sorprenem al fer-nos adonar que hav\u00edem oblidat f\u00e0cilment\u2026","rel":"","context":"A &quot;General&quot;","block_context":{"text":"General","link":"https:\/\/blogs.avui.cat\/botonier\/category\/general\/"},"img":{"alt_text":"","src":"","width":0,"height":0},"classes":[]},{"id":213,"url":"https:\/\/blogs.avui.cat\/botonier\/2009\/03\/27\/els-arguments-contra-el-pla-bolonya\/","url_meta":{"origin":1208,"position":5},"title":"Els arguments contra el Pla Bolonya","author":"Ramon Boixet","date":"27 mar\u00e7 2009","format":false,"excerpt":"Els aldarulls provocats per la protesta dels estudiants universitaris als carrers de Barcelona ha fet explotar una pol\u00e8mica sobre l'actuaci\u00f3 dels Mossos que potser tindr\u00e0 conseq\u00fc\u00e8ncies pol\u00edtiques. Tot aix\u00f2 ha difuminat en gran manera el veritable origen de les protestes que no \u00e9s altre que el fet d'oposar-se una part\u2026","rel":"","context":"A &quot;General&quot;","block_context":{"text":"General","link":"https:\/\/blogs.avui.cat\/botonier\/category\/general\/"},"img":{"alt_text":"","src":"","width":0,"height":0},"classes":[]}],"jetpack_sharing_enabled":true,"jetpack_likes_enabled":true,"_links":{"self":[{"href":"https:\/\/blogs.avui.cat\/botonier\/wp-json\/wp\/v2\/posts\/1208","targetHints":{"allow":["GET"]}}],"collection":[{"href":"https:\/\/blogs.avui.cat\/botonier\/wp-json\/wp\/v2\/posts"}],"about":[{"href":"https:\/\/blogs.avui.cat\/botonier\/wp-json\/wp\/v2\/types\/post"}],"author":[{"embeddable":true,"href":"https:\/\/blogs.avui.cat\/botonier\/wp-json\/wp\/v2\/users\/126"}],"replies":[{"embeddable":true,"href":"https:\/\/blogs.avui.cat\/botonier\/wp-json\/wp\/v2\/comments?post=1208"}],"version-history":[{"count":5,"href":"https:\/\/blogs.avui.cat\/botonier\/wp-json\/wp\/v2\/posts\/1208\/revisions"}],"predecessor-version":[{"id":2373,"href":"https:\/\/blogs.avui.cat\/botonier\/wp-json\/wp\/v2\/posts\/1208\/revisions\/2373"}],"wp:attachment":[{"href":"https:\/\/blogs.avui.cat\/botonier\/wp-json\/wp\/v2\/media?parent=1208"}],"wp:term":[{"taxonomy":"category","embeddable":true,"href":"https:\/\/blogs.avui.cat\/botonier\/wp-json\/wp\/v2\/categories?post=1208"},{"taxonomy":"post_tag","embeddable":true,"href":"https:\/\/blogs.avui.cat\/botonier\/wp-json\/wp\/v2\/tags?post=1208"}],"curies":[{"name":"wp","href":"https:\/\/api.w.org\/{rel}","templated":true}]}}