{"id":1180,"date":"2012-09-08T11:08:27","date_gmt":"2012-09-08T10:08:27","guid":{"rendered":"http:\/\/blogs.avui.cat\/botonier\/?p=1180"},"modified":"2013-06-19T09:46:52","modified_gmt":"2013-06-19T08:46:52","slug":"tot-depen-de-nosaltres","status":"publish","type":"post","link":"https:\/\/blogs.avui.cat\/botonier\/2012\/09\/08\/tot-depen-de-nosaltres\/","title":{"rendered":"Tot dep\u00e8n de nosaltres"},"content":{"rendered":"<p><img data-recalc-dims=\"1\" loading=\"lazy\" decoding=\"async\" class=\"alignnone size-thumbnail wp-image-1182\" src=\"https:\/\/i0.wp.com\/blogs.avui.cat\/botonier\/files\/2012\/09\/Marxa1.jpg?resize=150%2C150\" alt=\"\" width=\"150\" height=\"150\" \/><\/p>\n<p>La manifestaci\u00f3 del dia 11, convocada per l&#8217;ANC amb el lema &#8220;Catalunya Nou Estat d&#8217;Europa&#8221;, ja est\u00e0 provocant esveraments, penediments, amagades i actituds de sorpresa.<\/p>\n<p>Tothom disposa del dret d&#8217; anar a la manifestaci\u00f3, o de no anar-hi, sense necessitat de donar masses explicacions, llevat dels anomenats &#8220;personatges p\u00fablics&#8221; que si que han d&#8217;explicarla seva posici\u00f3 perqu\u00e8 els seus c\u00e0rrecs, del nivell que siguin, ho porten impl\u00edcit.<\/p>\n<p>Llegir les raons que han portat al president Pujol o al senyor Duran i Lleida a participar a la manifestaci\u00f3, pot fer que m\u00e9s d&#8217;un es fregui els ulls i molt es quedin bocabadats al descobrir arguments que tindran de demostrar que no s\u00f3n &#8221; de circumst\u00e0ncies&#8221; sin\u00f3 sentits.<\/p>\n<p>Veurem com aniran les coses el dia dotze, i el tretze, i el catorze i els seg\u00fcents. No n&#8217;hi ha prou de sortir a la foto: s&#8217;ha d&#8217;actuar en conseq\u00fc\u00e8ncia abans i despr\u00e9s de la manifestaci\u00f3, altrament tot ser\u00e0 un castell de focs.<\/p>\n<p>Pere Quart ho va escriure l&#8217;any 1969, ai las! :<\/p>\n<p><em> <\/em><\/p>\n<p><em>&#8221; Tot dep\u00e8n, sapiguem-ho!<\/em><\/p>\n<p><em> de la fe, de l&#8217;amor,<\/em><\/p>\n<p><em> de les obres.<\/em><\/p>\n<p><em> Tot dep\u00e8n de nosaltres.<\/em><\/p>\n<p><em> Tot dep\u00e8n, sobretot, de vosaltres:<\/em><\/p>\n<p><em> els joves!&#8221;<\/em><\/p>\n","protected":false},"excerpt":{"rendered":"<p>La manifestaci\u00f3 del dia 11, convocada per l&#8217;ANC amb el lema &#8220;Catalunya Nou Estat d&#8217;Europa&#8221;, ja est\u00e0 provocant esveraments, penediments, amagades i actituds de sorpresa. Tothom disposa del dret d&#8217; anar a la manifestaci\u00f3, o de no anar-hi, sense necessitat de donar masses explicacions, llevat dels anomenats &#8220;personatges p\u00fablics&#8221; que si que han d&#8217;explicarla seva [&hellip;]<\/p>\n","protected":false},"author":126,"featured_media":0,"comment_status":"closed","ping_status":"closed","sticky":false,"template":"","format":"standard","meta":{"jetpack_post_was_ever_published":false,"_jetpack_newsletter_access":"","_jetpack_dont_email_post_to_subs":false,"_jetpack_newsletter_tier_id":0,"_jetpack_memberships_contains_paywalled_content":false,"_jetpack_memberships_contains_paid_content":false,"footnotes":"","jetpack_publicize_message":"","jetpack_publicize_feature_enabled":true,"jetpack_social_post_already_shared":false,"jetpack_social_options":{"image_generator_settings":{"template":"highway","default_image_id":0,"font":"","enabled":false},"version":2}},"categories":[1],"tags":[],"class_list":["post-1180","post","type-post","status-publish","format-standard","hentry","category-general"],"jetpack_publicize_connections":[],"jetpack_featured_media_url":"","jetpack-related-posts":[{"id":581,"url":"https:\/\/blogs.avui.cat\/botonier\/2010\/07\/05\/no-lentenc-senyor-montilla\/","url_meta":{"origin":1180,"position":0},"title":"No l&#8217;entenc, senyor Montilla","author":"Ramon Boixet","date":"5 juliol 2010","format":false,"excerpt":"No l\u2019entenc, i em sembla que no s\u00f3c l\u2019\u00fanic. Vost\u00e8 \u00e9s alhora el ciutad\u00e0 Montilla, el primer secretari del PSC i el President de la Generalitat. Una sola persona, per\u00f2 amb tres facetes d\u2019actuaci\u00f3, de manera que per no confondre el personal, ha de quedar clar a cada posicionament seu\u2026","rel":"","context":"A &quot;General&quot;","block_context":{"text":"General","link":"https:\/\/blogs.avui.cat\/botonier\/category\/general\/"},"img":{"alt_text":"","src":"","width":0,"height":0},"classes":[]},{"id":744,"url":"https:\/\/blogs.avui.cat\/botonier\/2010\/07\/05\/no-lentenc-senyor-montilla-2\/","url_meta":{"origin":1180,"position":1},"title":"No l&#8217;entenc, senyor Montilla","author":"Ramon Boixet","date":"5 juliol 2010","format":false,"excerpt":"No l\u2019entenc, i em sembla que no s\u00f3c l\u2019\u00fanic. Vost\u00e8 \u00e9s alhora el ciutad\u00e0 Montilla, el primer secretari del PSC i el President de la Generalitat. Una sola persona, per\u00f2 amb tres facetes d\u2019actuaci\u00f3, de manera que per no confondre el personal, ha de quedar clar a cada posicionament seu\u2026","rel":"","context":"A &quot;General&quot;","block_context":{"text":"General","link":"https:\/\/blogs.avui.cat\/botonier\/category\/general\/"},"img":{"alt_text":"","src":"","width":0,"height":0},"classes":[]},{"id":587,"url":"https:\/\/blogs.avui.cat\/botonier\/2010\/07\/14\/tenim-la-gent-que-cal\/","url_meta":{"origin":1180,"position":2},"title":"Tenim la gent que cal?","author":"Ramon Boixet","date":"14 juliol 2010","format":false,"excerpt":"Ara veurem si tenim els pol\u00edtics amb el nivell que una naci\u00f3 necessita o b\u00e9 tindrem de comen\u00e7ar per crear una nova \u201cfornada\u201d que ens porti all\u00e0 on la gent vol. arribar.La manifestaci\u00f3 del dissabte ha estat pr\u00e0cticament ignorada per la majoria d\u2019espanyols tant per una manca d\u2019informacions com per\u2026","rel":"","context":"A &quot;General&quot;","block_context":{"text":"General","link":"https:\/\/blogs.avui.cat\/botonier\/category\/general\/"},"img":{"alt_text":"","src":"","width":0,"height":0},"classes":[]},{"id":533,"url":"https:\/\/blogs.avui.cat\/botonier\/2010\/05\/10\/lautodeterminacio-davant-lonu\/","url_meta":{"origin":1180,"position":3},"title":"L&#8217;autodeterminaci\u00f3 davant l&#8217;ONU","author":"Ramon Boixet","date":"10 maig 2010","format":false,"excerpt":"Aquest cap de setmana, a Europa s\u2019han vist moltes senyeres i estelades. D\u2019una part a Paris on el Bar\u00e7a va guanyar l\u2019Eurolliga de b\u00e0squet. Tamb\u00e9 a Mauthausen, camp de concentraci\u00f3 nazi on molts catalans van estar empresonats i alguns van morir i, d\u2019una manera m\u00e9s modesta del punt de vista\u2026","rel":"","context":"A &quot;General&quot;","block_context":{"text":"General","link":"https:\/\/blogs.avui.cat\/botonier\/category\/general\/"},"img":{"alt_text":"","src":"","width":0,"height":0},"classes":[]},{"id":732,"url":"https:\/\/blogs.avui.cat\/botonier\/2010\/05\/10\/lautodeterminacio-davant-lonu-2\/","url_meta":{"origin":1180,"position":4},"title":"L&#8217;autodeterminaci\u00f3 davant l&#8217;ONU","author":"Ramon Boixet","date":"10 maig 2010","format":false,"excerpt":"Aquest cap de setmana, a Europa s\u2019han vist moltes senyeres i estelades. D\u2019una part a Paris on el Bar\u00e7a va guanyar l\u2019Eurolliga de b\u00e0squet. Tamb\u00e9 a Mauthausen, camp de concentraci\u00f3 nazi on molts catalans van estar empresonats i alguns van morir i, d\u2019una manera m\u00e9s modesta del punt de vista\u2026","rel":"","context":"A &quot;General&quot;","block_context":{"text":"General","link":"https:\/\/blogs.avui.cat\/botonier\/category\/general\/"},"img":{"alt_text":"","src":"","width":0,"height":0},"classes":[]},{"id":330,"url":"https:\/\/blogs.avui.cat\/botonier\/2009\/08\/14\/la-manifestacio-%c2%bfval-la-pena\/","url_meta":{"origin":1180,"position":5},"title":"La manifestaci\u00f3, \u00bfval la pena?","author":"Ramon Boixet","date":"14 agost 2009","format":false,"excerpt":"Cada vegada s\u00f3n m\u00e9s les entitats i les personalitats que estan disposades a assistir a la manifestaci\u00f3 proposada per Maragall i coordinada per Omnium Cultural. Sens dubte que la categoria dels fins ara probables assistents dona a la convocat\u00f2ria un pes espec\u00edfic molt alt malgrat el dubte que planeja sobre\u2026","rel":"","context":"A &quot;General&quot;","block_context":{"text":"General","link":"https:\/\/blogs.avui.cat\/botonier\/category\/general\/"},"img":{"alt_text":"","src":"","width":0,"height":0},"classes":[]}],"jetpack_sharing_enabled":true,"jetpack_likes_enabled":true,"_links":{"self":[{"href":"https:\/\/blogs.avui.cat\/botonier\/wp-json\/wp\/v2\/posts\/1180","targetHints":{"allow":["GET"]}}],"collection":[{"href":"https:\/\/blogs.avui.cat\/botonier\/wp-json\/wp\/v2\/posts"}],"about":[{"href":"https:\/\/blogs.avui.cat\/botonier\/wp-json\/wp\/v2\/types\/post"}],"author":[{"embeddable":true,"href":"https:\/\/blogs.avui.cat\/botonier\/wp-json\/wp\/v2\/users\/126"}],"replies":[{"embeddable":true,"href":"https:\/\/blogs.avui.cat\/botonier\/wp-json\/wp\/v2\/comments?post=1180"}],"version-history":[{"count":6,"href":"https:\/\/blogs.avui.cat\/botonier\/wp-json\/wp\/v2\/posts\/1180\/revisions"}],"predecessor-version":[{"id":2378,"href":"https:\/\/blogs.avui.cat\/botonier\/wp-json\/wp\/v2\/posts\/1180\/revisions\/2378"}],"wp:attachment":[{"href":"https:\/\/blogs.avui.cat\/botonier\/wp-json\/wp\/v2\/media?parent=1180"}],"wp:term":[{"taxonomy":"category","embeddable":true,"href":"https:\/\/blogs.avui.cat\/botonier\/wp-json\/wp\/v2\/categories?post=1180"},{"taxonomy":"post_tag","embeddable":true,"href":"https:\/\/blogs.avui.cat\/botonier\/wp-json\/wp\/v2\/tags?post=1180"}],"curies":[{"name":"wp","href":"https:\/\/api.w.org\/{rel}","templated":true}]}}