{"id":1144,"date":"2012-07-08T09:43:27","date_gmt":"2012-07-08T08:43:27","guid":{"rendered":"http:\/\/blogs.avui.cat\/botonier\/?p=1144"},"modified":"2013-06-19T09:46:54","modified_gmt":"2013-06-19T08:46:54","slug":"diguem-no","status":"publish","type":"post","link":"https:\/\/blogs.avui.cat\/botonier\/2012\/07\/08\/diguem-no\/","title":{"rendered":"Diguem no !"},"content":{"rendered":"<p><img data-recalc-dims=\"1\" loading=\"lazy\" decoding=\"async\" class=\"alignnone size-thumbnail wp-image-1145\" src=\"https:\/\/i0.wp.com\/blogs.avui.cat\/botonier\/files\/2012\/07\/Rad.-Empresonament-150x150.jpg?resize=150%2C150\" alt=\"\" width=\"150\" height=\"150\" \/><\/p>\n<p>El senyor Rajoy ha demanat a Brussel\u00b7les que materialitzi r\u00e0pidament l&#8217;ajuda directa a la banca aconseguida en l&#8217;anterior Consell Europeu. Donar pressa a la UE quan la mala gesti\u00f3, anterior i actual, ha fet arribar a la situaci\u00f3 desesperada d&#8217;ara \u00e9s senyal d&#8217;haver perdut els papers i les bones maneres. \u00c9s un captaire dient als passants que s&#8217;afanyin a posar diners al platet. Per molt que la llei ho digui, aquest senyor i el seu govern no ens representen. Diguem no !.<\/p>\n<p>La Generalitat ha negociat un cr\u00e8dit a la desesperada de 500 milions d&#8217;euros per tal de fer front als pagaments m\u00e9s urgents, essencialment de n\u00f2mines, degut a la manca d&#8217;ingressos. Tal com s&#8217;ha dit moltes vegades, l&#8217;estat central deu a Catalunya 759 milions per infraestructures de l&#8217;any 2011 i 211 milions del 2012. Tamb\u00e9 deu 1.450 milions del Fons de Competitivitat del 2011 i 253 milions per la Llei de depend\u00e8ncia de l&#8217;any passat. Total uns 2.500 milions llargs que el govern de Madrid no sembla estar en condicions de pagar, ara per ara. Es pot aguantar tanta humiliaci\u00f3?. Diguem no !.<\/p>\n<p>La premsa estrangera no s&#8217;amaga de considerar al senyor Rajoy d&#8217;incompetent i textualment de t\u00f2til. No ha fet, ni sembla disposat a fer per manca d&#8217;idees, res que incentivi la producci\u00f3 industrial, que redueixi l&#8217;atur i que permeti un nivell de formaci\u00f3 professional i d&#8217;estudis m\u00e9s alt. I sense aquestes tres coses \u00e9s impossible frenar la caiguda al fons m\u00e9s fons del pou. Hem d&#8217;anar en el mateix carro que aquesta gent?. Diguem no!.<\/p>\n<p>Ara m\u00e9s que mai \u00e9s veritat el clam del Raimon: Diguem no.\u00a0no som d&#8217;eixe m\u00f3n.<\/p>\n<p><em>(Il\u00b7lustraci\u00f3 : Gravat &#8220;Empresonament&#8221; de Manel Marzo-Mart)<\/em><em><\/em><\/p>\n","protected":false},"excerpt":{"rendered":"<p>El senyor Rajoy ha demanat a Brussel\u00b7les que materialitzi r\u00e0pidament l&#8217;ajuda directa a la banca aconseguida en l&#8217;anterior Consell Europeu. Donar pressa a la UE quan la mala gesti\u00f3, anterior i actual, ha fet arribar a la situaci\u00f3 desesperada d&#8217;ara \u00e9s senyal d&#8217;haver perdut els papers i les bones maneres. \u00c9s un captaire dient als [&hellip;]<\/p>\n","protected":false},"author":126,"featured_media":0,"comment_status":"closed","ping_status":"closed","sticky":false,"template":"","format":"standard","meta":{"jetpack_post_was_ever_published":false,"_jetpack_newsletter_access":"","_jetpack_dont_email_post_to_subs":false,"_jetpack_newsletter_tier_id":0,"_jetpack_memberships_contains_paywalled_content":false,"_jetpack_memberships_contains_paid_content":false,"footnotes":"","jetpack_publicize_message":"","jetpack_publicize_feature_enabled":true,"jetpack_social_post_already_shared":false,"jetpack_social_options":{"image_generator_settings":{"template":"highway","default_image_id":0,"font":"","enabled":false},"version":2}},"categories":[1],"tags":[],"class_list":["post-1144","post","type-post","status-publish","format-standard","hentry","category-general"],"jetpack_publicize_connections":[],"jetpack_featured_media_url":"","jetpack-related-posts":[{"id":972,"url":"https:\/\/blogs.avui.cat\/botonier\/2011\/11\/22\/el-pes-del-carrec\/","url_meta":{"origin":1144,"position":0},"title":"El pes del c\u00e0rrec","author":"Ramon Boixet","date":"22 novembre 2011","format":false,"excerpt":"Els que de veritat manen, que no s\u00f3n els que sembla que manen, ja han deixat damunt la taula del senyor Rajoy la llista de les mesures que ha d'aplicar tan bon punt estigui legalment capacitat per fer-ho. El que de veritat manen, han entregat al senyor Rajoy el mateix\u2026","rel":"","context":"A &quot;General&quot;","block_context":{"text":"General","link":"https:\/\/blogs.avui.cat\/botonier\/category\/general\/"},"img":{"alt_text":"","src":"https:\/\/i0.wp.com\/blogs.avui.cat\/botonier\/files\/2011\/11\/Pes2.jpg?resize=350%2C200","width":350,"height":200},"classes":[]},{"id":3594,"url":"https:\/\/blogs.avui.cat\/botonier\/2021\/02\/28\/la-millor-propaganda-per-la-republica\/","url_meta":{"origin":1144,"position":1},"title":"La millor propaganda per la Rep\u00fablica","author":"Ramon Boixet","date":"28 febrer 2021","format":false,"excerpt":"Sembla un acudit\u00a0ir\u00f2nic\u00a0per\u00f2\u00a0la\u00a0Monarquia\u00a0espanyola ajuda cada dia m\u00e9s\u00a0a qu\u00e8\u00a0molts s'apuntin a la\u00a0Rep\u00fablica\u00a0(catalana o espanyola). Totes les activitats que s'han anat descobrint\u00a0del senyor\u00a0Juan Carlos de\u00a0Borb\u00f3n, amb el nom professional de Juan Carlos I, \u00a0han\u00a0sorpr\u00e8s\u00a0i decebut a bona part de la gent que,\u00a0potser sense\u00a0masses\u00a0ganes\u00a0d'anar\u00a0al fons de tot,\u00a0havien\u00a0acceptat el paper\u00a0del qui\u00a0ara anomenen em\u00e8rit. La\u2026","rel":"","context":"A &quot;General&quot;","block_context":{"text":"General","link":"https:\/\/blogs.avui.cat\/botonier\/category\/general\/"},"img":{"alt_text":"","src":"https:\/\/i0.wp.com\/blogs.avui.cat\/botonier\/files\/2021\/02\/Labyrinth-1-150x150.png?resize=350%2C200","width":350,"height":200},"classes":[]},{"id":879,"url":"https:\/\/blogs.avui.cat\/botonier\/2011\/01\/11\/el-negoci-de-la-fifa\/","url_meta":{"origin":1144,"position":2},"title":"El negoci de la FIFA","author":"Ramon Boixet","date":"11 gener 2011","format":false,"excerpt":"El futbol que gestiona la FIFA \u00e9s un negoci, i despr\u00e9s un espectacle i molt, molt enrere, un esport. El \u201eshow \u201cque ahir va escenificar la FIFA, amb la complicitat del diari \u201eFrance Football \u201c, va demostrar una vegada m\u00e9s la hipocresia d\u2019uns personatges encap\u00e7alats per l'impresentable su\u00efs Joseph Blatter,\u2026","rel":"","context":"A &quot;General&quot;","block_context":{"text":"General","link":"https:\/\/blogs.avui.cat\/botonier\/category\/general\/"},"img":{"alt_text":"","src":"https:\/\/i0.wp.com\/blogs.avui.cat\/botonier\/files\/2011\/01\/FIFA-150x72.jpg?resize=350%2C200","width":350,"height":200},"classes":[]},{"id":341,"url":"https:\/\/blogs.avui.cat\/botonier\/2009\/08\/28\/un-problema-per-cada-solucio\/","url_meta":{"origin":1144,"position":3},"title":"Un problema per a cada soluci\u00f3","author":"Ramon Boixet","date":"28 agost 2009","format":false,"excerpt":"Jo no s\u00e9 si les encara vacances o el tret de sortida de la Champions League difuminaran a alguns la tr\u00e0gica situaci\u00f3 de l\u2019economia espanyola, per\u00f2 avui convindria que la gent parl\u00e9s poc del retorn a casa o del futbol i dediqu\u00e9s deu minuts a meditar les xifres que ahir\u2026","rel":"","context":"A &quot;General&quot;","block_context":{"text":"General","link":"https:\/\/blogs.avui.cat\/botonier\/category\/general\/"},"img":{"alt_text":"","src":"","width":0,"height":0},"classes":[]},{"id":851,"url":"https:\/\/blogs.avui.cat\/botonier\/2010\/12\/11\/menys-que-un-club\/","url_meta":{"origin":1144,"position":4},"title":"Menys que un club?","author":"Ramon Boixet","date":"11 desembre 2010","format":false,"excerpt":"La decisi\u00f3 de la Junta del senyor Rosell de comercialitzar la samarreta del Bar\u00e7a ha fet esclatar els \u00e0nims de molts \u201eculers \u201cque creuen que no era necessari trencar la tradici\u00f3 centen\u00e0ria de no exhibir publicitat comercial a l\u2019equipament. De fet, el logotip de la marca Nike, segurament inevitable, era\u2026","rel":"","context":"A &quot;General&quot;","block_context":{"text":"General","link":"https:\/\/blogs.avui.cat\/botonier\/category\/general\/"},"img":{"alt_text":"","src":"https:\/\/i0.wp.com\/blogs.avui.cat\/botonier\/files\/2010\/12\/Bar%C3%A7a-150x124.jpg?resize=350%2C200","width":350,"height":200},"classes":[]},{"id":470,"url":"https:\/\/blogs.avui.cat\/botonier\/2010\/03\/03\/millet-i-el-rei-lliures-de-culpa\/","url_meta":{"origin":1144,"position":5},"title":"Millet i el Rei, lliures de culpa","author":"Ramon Boixet","date":"3 mar\u00e7 2010","format":false,"excerpt":"Els advocats del senyor F\u00e8lix Millet, com \u00e9s la seva obligaci\u00f3, intenten lliurar de culpa el seu client i volen proposar fer una pericial psiqui\u00e0trica del suposat lladre, per tal de justificar d\u2019alguna manera la seva \u00abconducta estranya\u00bb. Tothom disposa del dret a ser defensat per\u00f2 si el senyor Millet\u2026","rel":"","context":"A &quot;General&quot;","block_context":{"text":"General","link":"https:\/\/blogs.avui.cat\/botonier\/category\/general\/"},"img":{"alt_text":"","src":"","width":0,"height":0},"classes":[]}],"jetpack_sharing_enabled":true,"jetpack_likes_enabled":true,"_links":{"self":[{"href":"https:\/\/blogs.avui.cat\/botonier\/wp-json\/wp\/v2\/posts\/1144","targetHints":{"allow":["GET"]}}],"collection":[{"href":"https:\/\/blogs.avui.cat\/botonier\/wp-json\/wp\/v2\/posts"}],"about":[{"href":"https:\/\/blogs.avui.cat\/botonier\/wp-json\/wp\/v2\/types\/post"}],"author":[{"embeddable":true,"href":"https:\/\/blogs.avui.cat\/botonier\/wp-json\/wp\/v2\/users\/126"}],"replies":[{"embeddable":true,"href":"https:\/\/blogs.avui.cat\/botonier\/wp-json\/wp\/v2\/comments?post=1144"}],"version-history":[{"count":6,"href":"https:\/\/blogs.avui.cat\/botonier\/wp-json\/wp\/v2\/posts\/1144\/revisions"}],"predecessor-version":[{"id":2384,"href":"https:\/\/blogs.avui.cat\/botonier\/wp-json\/wp\/v2\/posts\/1144\/revisions\/2384"}],"wp:attachment":[{"href":"https:\/\/blogs.avui.cat\/botonier\/wp-json\/wp\/v2\/media?parent=1144"}],"wp:term":[{"taxonomy":"category","embeddable":true,"href":"https:\/\/blogs.avui.cat\/botonier\/wp-json\/wp\/v2\/categories?post=1144"},{"taxonomy":"post_tag","embeddable":true,"href":"https:\/\/blogs.avui.cat\/botonier\/wp-json\/wp\/v2\/tags?post=1144"}],"curies":[{"name":"wp","href":"https:\/\/api.w.org\/{rel}","templated":true}]}}