{"id":1123,"date":"2012-05-26T09:03:33","date_gmt":"2012-05-26T08:03:33","guid":{"rendered":"http:\/\/blogs.avui.cat\/botonier\/?p=1123"},"modified":"2013-06-19T09:46:55","modified_gmt":"2013-06-19T08:46:55","slug":"posats-a-xiular","status":"publish","type":"post","link":"https:\/\/blogs.avui.cat\/botonier\/2012\/05\/26\/posats-a-xiular\/","title":{"rendered":"Posats a xiular&#8230;"},"content":{"rendered":"<p><img data-recalc-dims=\"1\" loading=\"lazy\" decoding=\"async\" class=\"alignnone size-full wp-image-1124\" src=\"https:\/\/i0.wp.com\/blogs.avui.cat\/botonier\/files\/2012\/05\/Pfeiffe20grC3B6C39Fer.jpg?resize=145%2C110\" alt=\"\" width=\"145\" height=\"110\" \/><\/p>\n<p>Quan xiular es converteix en una de les maneres m\u00e9s clares i menys molesta de protestar o de fer palesa la indignaci\u00f3 acumulada, crec que es pot comen\u00e7ar a pensar en xiular ( si m\u00e9s no moralment) a molts que s&#8217;ho mereixen.<\/p>\n<p>Per exemple a la senyora Esperanza Aguirre, bombera pir\u00f2mana, que per intentar tapar la manipulaci\u00f3 dels comptes de la seva Comunitat, va provocar una pol\u00e8mica innecess\u00e0ria. Com que ella \u00e9s Comtessa de Murillo amb el t\u00edtol de Grande de Espa\u00f1a, va semblar fer una defensa del rei i de la p\u00e0tria i va acabar fent el rid\u00edcul, amagada a casa seva. Una xiulada comtal.<\/p>\n<p>Tamb\u00e9 es pot xiular amb mota for\u00e7a a tots els que han provocat l&#8217;estavellada de Bankia, a tots els que van callar quan havien previst la caiguda i a tots els que volen tapar responsabilitats. Aquesta xiulada es pot fer davant de la pres\u00f3 on ingressin els culpables del &#8220;robatori&#8221;&#8230;si la just\u00edcia fa la seva feina. Una xiulada penitenci\u00e0ria.<\/p>\n<p>Una gran xiulada a tots, els de casa i els de fora, que han perm\u00e8s la situaci\u00f3 de fallida t\u00e8cnica de Catalunya. Massa temps amb males companyies i la sup\u00e8rbia de creure que tot ho fem b\u00e9 ens han portat a l&#8217;actual situaci\u00f3 de genuflexi\u00f3 i de depend\u00e8ncia davant l&#8217;estat. Una xiulada independent.<\/p>\n","protected":false},"excerpt":{"rendered":"<p>Quan xiular es converteix en una de les maneres m\u00e9s clares i menys molesta de protestar o de fer palesa la indignaci\u00f3 acumulada, crec que es pot comen\u00e7ar a pensar en xiular ( si m\u00e9s no moralment) a molts que s&#8217;ho mereixen. Per exemple a la senyora Esperanza Aguirre, bombera pir\u00f2mana, que per intentar tapar [&hellip;]<\/p>\n","protected":false},"author":126,"featured_media":0,"comment_status":"closed","ping_status":"closed","sticky":false,"template":"","format":"standard","meta":{"jetpack_post_was_ever_published":false,"_jetpack_newsletter_access":"","_jetpack_dont_email_post_to_subs":false,"_jetpack_newsletter_tier_id":0,"_jetpack_memberships_contains_paywalled_content":false,"_jetpack_memberships_contains_paid_content":false,"footnotes":"","jetpack_publicize_message":"","jetpack_publicize_feature_enabled":true,"jetpack_social_post_already_shared":false,"jetpack_social_options":{"image_generator_settings":{"template":"highway","default_image_id":0,"font":"","enabled":false},"version":2}},"categories":[1],"tags":[],"class_list":["post-1123","post","type-post","status-publish","format-standard","hentry","category-general"],"jetpack_publicize_connections":[],"jetpack_featured_media_url":"","jetpack-related-posts":[{"id":255,"url":"https:\/\/blogs.avui.cat\/botonier\/2009\/05\/15\/el-dret-a-xiular-al-rei\/","url_meta":{"origin":1123,"position":0},"title":"El dret a xiular al Rei","author":"Ramon Boixet","date":"15 maig 2009","format":false,"excerpt":"Una mica apagada la fogera medi\u00e0tica que la xiulada del dimecres a Mestalla va provocar, i ja amb una certa calma, conv\u00e9 fer un parell de reflexions. En primer lloc, la xiulada era previsible per anunciada, de manera que no cal ara fer el sorpr\u00e8s. La coincid\u00e8ncia de l\u2019aparici\u00f3 de\u2026","rel":"","context":"A &quot;General&quot;","block_context":{"text":"General","link":"https:\/\/blogs.avui.cat\/botonier\/category\/general\/"},"img":{"alt_text":"","src":"","width":0,"height":0},"classes":[]},{"id":3375,"url":"https:\/\/blogs.avui.cat\/botonier\/2015\/07\/29\/els-himnes-i-les-xiulades\/","url_meta":{"origin":1123,"position":1},"title":"Els himnes i les xiulades","author":"Ramon Boixet","date":"29 juliol 2015","format":false,"excerpt":"La sanci\u00f3 que la denominada Comissi\u00f3 Antiviol\u00e8ncia ha decidit posar al Bar\u00e7a i al Athletic de Bilbao per la xiulada a l'himne espanyol durant la final a la Copa Del Rei al Camp Nou, ha tingut un cert ress\u00f2 a l'estranger. Un dels diaris de m\u00e9s prestigi de Su\u00efssa, el\u2026","rel":"","context":"A &quot;General&quot;","block_context":{"text":"General","link":"https:\/\/blogs.avui.cat\/botonier\/category\/general\/"},"img":{"alt_text":"xiulet","src":"https:\/\/i0.wp.com\/blogs.avui.cat\/botonier\/files\/2015\/07\/images-150x98.jpg?resize=350%2C200","width":350,"height":200},"classes":[]},{"id":360,"url":"https:\/\/blogs.avui.cat\/botonier\/2009\/09\/23\/els-xiulets-al-rei\/","url_meta":{"origin":1123,"position":2},"title":"Els xiulets al Rei","author":"Ramon Boixet","date":"23 setembre 2009","format":false,"excerpt":"L\u2019Audi\u00e8ncia Nacional ha decretat que les xiulades de la final de la Copa del Rei entre l\u2019Athletic de Bilbao i el Bar\u00e7a no constitueixen delicte. No queda massa clar si les xiulades eren dirigides al rei o a l\u2019himne nacional espanyol o a ambd\u00f3s. El fet de fer coincidir l\u2019arribada\u2026","rel":"","context":"A &quot;General&quot;","block_context":{"text":"General","link":"https:\/\/blogs.avui.cat\/botonier\/category\/general\/"},"img":{"alt_text":"","src":"","width":0,"height":0},"classes":[]},{"id":446,"url":"https:\/\/blogs.avui.cat\/botonier\/2010\/02\/03\/obama-lue-i-espanya\/","url_meta":{"origin":1123,"position":3},"title":"Obama, l&#8217;UE i Espanya","author":"Ramon Boixet","date":"3 febrer 2010","format":false,"excerpt":"El president dels Estats Units Barack Obama ha fet dir que no assistir\u00e0 a la conferencia prevista a Madrid el mes de maig i que fins ara reunia una o dues vegades a l\u2019any els m\u00e0xims responsables dels Estats Units i de l\u2019UE. \u00c9s la primera vegada en 17 anys\u2026","rel":"","context":"A &quot;General&quot;","block_context":{"text":"General","link":"https:\/\/blogs.avui.cat\/botonier\/category\/general\/"},"img":{"alt_text":"","src":"","width":0,"height":0},"classes":[]},{"id":717,"url":"https:\/\/blogs.avui.cat\/botonier\/2010\/02\/03\/obama-lue-i-espanya-2\/","url_meta":{"origin":1123,"position":4},"title":"Obama, l&#8217;UE i Espanya","author":"Ramon Boixet","date":"3 febrer 2010","format":false,"excerpt":"El president dels Estats Units Barack Obama ha fet dir que no assistir\u00e0 a la conferencia prevista a Madrid el mes de maig i que fins ara reunia una o dues vegades a l\u2019any els m\u00e0xims responsables dels Estats Units i de l\u2019UE. \u00c9s la primera vegada en 17 anys\u2026","rel":"","context":"A &quot;General&quot;","block_context":{"text":"General","link":"https:\/\/blogs.avui.cat\/botonier\/category\/general\/"},"img":{"alt_text":"","src":"","width":0,"height":0},"classes":[]},{"id":480,"url":"https:\/\/blogs.avui.cat\/botonier\/2010\/03\/16\/suissa-i-el-cas-gurtel\/","url_meta":{"origin":1123,"position":5},"title":"Su\u00efssa i el &quot;Cas G\u00fcrtel&quot;","author":"Ramon Boixet","date":"16 mar\u00e7 2010","format":false,"excerpt":"Tal com he estat explicant darrerament, els suposat parad\u00eds fiscal su\u00efs est\u00e0 fent figa per no dir que s\u2019ha desfet com un sucre en un vas d\u2019aigua. Les autoritats su\u00efsses han entregat al Tribunal Superior de Just\u00edcia de Madrid les informacions que permeten comprovar que l\u2019imputat Francisco Correa, cap de\u2026","rel":"","context":"A &quot;General&quot;","block_context":{"text":"General","link":"https:\/\/blogs.avui.cat\/botonier\/category\/general\/"},"img":{"alt_text":"","src":"","width":0,"height":0},"classes":[]}],"jetpack_sharing_enabled":true,"jetpack_likes_enabled":true,"_links":{"self":[{"href":"https:\/\/blogs.avui.cat\/botonier\/wp-json\/wp\/v2\/posts\/1123","targetHints":{"allow":["GET"]}}],"collection":[{"href":"https:\/\/blogs.avui.cat\/botonier\/wp-json\/wp\/v2\/posts"}],"about":[{"href":"https:\/\/blogs.avui.cat\/botonier\/wp-json\/wp\/v2\/types\/post"}],"author":[{"embeddable":true,"href":"https:\/\/blogs.avui.cat\/botonier\/wp-json\/wp\/v2\/users\/126"}],"replies":[{"embeddable":true,"href":"https:\/\/blogs.avui.cat\/botonier\/wp-json\/wp\/v2\/comments?post=1123"}],"version-history":[{"count":7,"href":"https:\/\/blogs.avui.cat\/botonier\/wp-json\/wp\/v2\/posts\/1123\/revisions"}],"predecessor-version":[{"id":2388,"href":"https:\/\/blogs.avui.cat\/botonier\/wp-json\/wp\/v2\/posts\/1123\/revisions\/2388"}],"wp:attachment":[{"href":"https:\/\/blogs.avui.cat\/botonier\/wp-json\/wp\/v2\/media?parent=1123"}],"wp:term":[{"taxonomy":"category","embeddable":true,"href":"https:\/\/blogs.avui.cat\/botonier\/wp-json\/wp\/v2\/categories?post=1123"},{"taxonomy":"post_tag","embeddable":true,"href":"https:\/\/blogs.avui.cat\/botonier\/wp-json\/wp\/v2\/tags?post=1123"}],"curies":[{"name":"wp","href":"https:\/\/api.w.org\/{rel}","templated":true}]}}