{"id":1080,"date":"2012-04-08T09:46:54","date_gmt":"2012-04-08T08:46:54","guid":{"rendered":"http:\/\/blogs.avui.cat\/botonier\/?p=1080"},"modified":"2013-06-19T09:46:56","modified_gmt":"2013-06-19T08:46:56","slug":"espurnes-i3","status":"publish","type":"post","link":"https:\/\/blogs.avui.cat\/botonier\/2012\/04\/08\/espurnes-i3\/","title":{"rendered":"Espurnes (i3)"},"content":{"rendered":"<p><img data-recalc-dims=\"1\" loading=\"lazy\" decoding=\"async\" class=\"alignnone size-thumbnail wp-image-1081\" src=\"https:\/\/i0.wp.com\/blogs.avui.cat\/botonier\/files\/2012\/04\/Ohne-Titel2.png?resize=150%2C150\" alt=\"\" width=\"150\" height=\"150\" srcset=\"https:\/\/i0.wp.com\/blogs.avui.cat\/botonier\/files\/2012\/04\/Ohne-Titel2.png?resize=150%2C150&amp;ssl=1 150w, https:\/\/i0.wp.com\/blogs.avui.cat\/botonier\/files\/2012\/04\/Ohne-Titel2.png?zoom=2&amp;resize=150%2C150 300w\" sizes=\"auto, (max-width: 150px) 100vw, 150px\" \/><\/p>\n<p>\u2022 El ministre d&#8217;Economia ha anunciat m\u00e9s retallades a sanitat i educaci\u00f3. Espero que no ha facin per poder governar una poblaci\u00f3 d\u00f2cil cada vegada m\u00e9s malalta i m\u00e9s ignorant. O potser si.<\/p>\n<p>\u2022 Si el govern del senyor Rajoy dispos\u00e9s d&#8217;un Departament de Personal com els de les empreses, pocs ministres tindrien un contracte.<\/p>\n<p>\u2022 Ja ho deia Joan Brossa: &#8221; Enraonen en catal\u00e0, per\u00f2 a la m\u00e9s m\u00ednima ocasi\u00f3n lo dejan delante de un interlocutor de habla castellana.&#8221;<\/p>\n","protected":false},"excerpt":{"rendered":"<p>\u2022 El ministre d&#8217;Economia ha anunciat m\u00e9s retallades a sanitat i educaci\u00f3. Espero que no ha facin per poder governar una poblaci\u00f3 d\u00f2cil cada vegada m\u00e9s malalta i m\u00e9s ignorant. O potser si. \u2022 Si el govern del senyor Rajoy dispos\u00e9s d&#8217;un Departament de Personal com els de les empreses, pocs ministres tindrien un contracte. [&hellip;]<\/p>\n","protected":false},"author":126,"featured_media":0,"comment_status":"closed","ping_status":"closed","sticky":false,"template":"","format":"standard","meta":{"jetpack_post_was_ever_published":false,"_jetpack_newsletter_access":"","_jetpack_dont_email_post_to_subs":false,"_jetpack_newsletter_tier_id":0,"_jetpack_memberships_contains_paywalled_content":false,"_jetpack_memberships_contains_paid_content":false,"footnotes":"","jetpack_publicize_message":"","jetpack_publicize_feature_enabled":true,"jetpack_social_post_already_shared":false,"jetpack_social_options":{"image_generator_settings":{"template":"highway","default_image_id":0,"font":"","enabled":false},"version":2}},"categories":[1],"tags":[],"class_list":["post-1080","post","type-post","status-publish","format-standard","hentry","category-general"],"jetpack_publicize_connections":[],"jetpack_featured_media_url":"","jetpack-related-posts":[{"id":560,"url":"https:\/\/blogs.avui.cat\/botonier\/2010\/06\/09\/la-vaga-la-vega-i-la-biga\/","url_meta":{"origin":1080,"position":0},"title":"La vaga, la Vega i la biga","author":"Ramon Boixet","date":"9 juny 2010","format":false,"excerpt":"La vaga d\u2019ahir, com tots els esdeveniments politics, es pot mirar de moltes maneres. Ja ens hem acostumat a no fer cas de les xifres de participants que, com sempre, s\u00f3n manipulades a conveni\u00e8ncia. La prova \u00e9s que la participaci\u00f3 a la vaga va del 80% al 15% segons passin\u2026","rel":"","context":"A &quot;General&quot;","block_context":{"text":"General","link":"https:\/\/blogs.avui.cat\/botonier\/category\/general\/"},"img":{"alt_text":"","src":"","width":0,"height":0},"classes":[]},{"id":876,"url":"https:\/\/blogs.avui.cat\/botonier\/2011\/01\/05\/carta-republicana-als-reis\/","url_meta":{"origin":1080,"position":1},"title":"Carta republicana als Reis","author":"Ramon Boixet","date":"5 gener 2011","format":false,"excerpt":"Benvolguts senyors Quan tenia sis anys vaig descobrir que els regals que cada any em trobava al balc\u00f3 de casa els compraven els meus pares i no vosaltres. M\u00e9s tard vaig saber que l\u2019\u00fanic evangeli que parla de vosaltres no diu res de Reis sin\u00f3 de mags, ni diu que\u2026","rel":"","context":"A &quot;General&quot;","block_context":{"text":"General","link":"https:\/\/blogs.avui.cat\/botonier\/category\/general\/"},"img":{"alt_text":"","src":"https:\/\/i0.wp.com\/blogs.avui.cat\/botonier\/files\/2011\/01\/3-reis.jpg?resize=350%2C200","width":350,"height":200},"classes":[]},{"id":1021,"url":"https:\/\/blogs.avui.cat\/botonier\/2012\/01\/06\/segona-carta-republicana-als-reis\/","url_meta":{"origin":1080,"position":2},"title":"Segona carta republicana als Reis","author":"Ramon Boixet","date":"6 gener 2012","format":false,"excerpt":"Benvolguts senyors L'any passat us vaig escriure una carta oberta que, malgrat totes les il\u00b7lusions que la van generar, no ha tingut ni de bon tros la resposta que jo esperava de vosaltres. Recordar\u00e9 el text complert: \"Benvolguts senyors Quan tenia sis anys vaig descobrir que els regals que cada\u2026","rel":"","context":"A &quot;General&quot;","block_context":{"text":"General","link":"https:\/\/blogs.avui.cat\/botonier\/category\/general\/"},"img":{"alt_text":"","src":"https:\/\/i0.wp.com\/blogs.avui.cat\/botonier\/files\/2012\/01\/3-reis.jpg?resize=350%2C200","width":350,"height":200},"classes":[]},{"id":659,"url":"https:\/\/blogs.avui.cat\/botonier\/2008\/11\/17\/laltre-cuba-2\/","url_meta":{"origin":1080,"position":3},"title":"L&#8217;altre Cuba","author":"Ramon Boixet","date":"17 novembre 2008","format":false,"excerpt":"Un dels defectes m\u00e9s consuets al parlar d'altres indrets \u00e9s el de confondre les nacions amb els governs i els governants amb els governats. Molt sovint llegim o escoltem gent amb posicions de cert nivell dir que els russos s\u00f3n aix\u00ed o que els argentins s\u00f3n aix\u00e0, per donar dos\u2026","rel":"","context":"A &quot;General&quot;","block_context":{"text":"General","link":"https:\/\/blogs.avui.cat\/botonier\/category\/general\/"},"img":{"alt_text":"","src":"","width":0,"height":0},"classes":[]},{"id":524,"url":"https:\/\/blogs.avui.cat\/botonier\/2010\/05\/01\/cortines-de-fum\/","url_meta":{"origin":1080,"position":4},"title":"Cortines de fum","author":"Ramon Boixet","date":"1 maig 2010","format":false,"excerpt":"Tradicionalment, despr\u00e9s del franquisme, el dia d\u2019avui s\u2019ha distingit per les manifestacions dels sindicats reclamant el que ells creuen just. Enguany el centenar de trobades sindicals arreu d\u2019Espanya porta com a lema: 'Por el empleo con derechos y la garant\u00eda de nuestras pensiones'.A la vista del \"slogan\", crec que tots\u2026","rel":"","context":"A &quot;General&quot;","block_context":{"text":"General","link":"https:\/\/blogs.avui.cat\/botonier\/category\/general\/"},"img":{"alt_text":"","src":"","width":0,"height":0},"classes":[]},{"id":449,"url":"https:\/\/blogs.avui.cat\/botonier\/2010\/02\/06\/la-mala-imatge-de-suissa\/","url_meta":{"origin":1080,"position":5},"title":"La mala imatge de Su\u00efssa","author":"Ramon Boixet","date":"6 febrer 2010","format":false,"excerpt":"Molta gent creu que Su\u00efssa \u00e9s com un parad\u00eds a la terra, on la gent \u201c\u00e9s neta i noble, culta, rica, lliure, desvetllada i feli\u00e7\u201d com deia el poeta Espriu. Tot i que en moltes coses Su\u00efssa \u00e9s (encara) un m\u00f3n apart, m\u00e9s respectu\u00f3s, m\u00e9s democr\u00e0tic, m\u00e9s culte, m\u00e9s net\u2026","rel":"","context":"A &quot;General&quot;","block_context":{"text":"General","link":"https:\/\/blogs.avui.cat\/botonier\/category\/general\/"},"img":{"alt_text":"","src":"","width":0,"height":0},"classes":[]}],"jetpack_sharing_enabled":true,"jetpack_likes_enabled":true,"_links":{"self":[{"href":"https:\/\/blogs.avui.cat\/botonier\/wp-json\/wp\/v2\/posts\/1080","targetHints":{"allow":["GET"]}}],"collection":[{"href":"https:\/\/blogs.avui.cat\/botonier\/wp-json\/wp\/v2\/posts"}],"about":[{"href":"https:\/\/blogs.avui.cat\/botonier\/wp-json\/wp\/v2\/types\/post"}],"author":[{"embeddable":true,"href":"https:\/\/blogs.avui.cat\/botonier\/wp-json\/wp\/v2\/users\/126"}],"replies":[{"embeddable":true,"href":"https:\/\/blogs.avui.cat\/botonier\/wp-json\/wp\/v2\/comments?post=1080"}],"version-history":[{"count":6,"href":"https:\/\/blogs.avui.cat\/botonier\/wp-json\/wp\/v2\/posts\/1080\/revisions"}],"predecessor-version":[{"id":2394,"href":"https:\/\/blogs.avui.cat\/botonier\/wp-json\/wp\/v2\/posts\/1080\/revisions\/2394"}],"wp:attachment":[{"href":"https:\/\/blogs.avui.cat\/botonier\/wp-json\/wp\/v2\/media?parent=1080"}],"wp:term":[{"taxonomy":"category","embeddable":true,"href":"https:\/\/blogs.avui.cat\/botonier\/wp-json\/wp\/v2\/categories?post=1080"},{"taxonomy":"post_tag","embeddable":true,"href":"https:\/\/blogs.avui.cat\/botonier\/wp-json\/wp\/v2\/tags?post=1080"}],"curies":[{"name":"wp","href":"https:\/\/api.w.org\/{rel}","templated":true}]}}