{"id":1069,"date":"2012-03-24T09:29:03","date_gmt":"2012-03-24T08:29:03","guid":{"rendered":"http:\/\/blogs.avui.cat\/botonier\/?p=1069"},"modified":"2013-06-19T09:46:56","modified_gmt":"2013-06-19T08:46:56","slug":"endarrera-aquesta-gent","status":"publish","type":"post","link":"https:\/\/blogs.avui.cat\/botonier\/2012\/03\/24\/endarrera-aquesta-gent\/","title":{"rendered":"Endarrera aquesta gent&#8230;"},"content":{"rendered":"<p><a href=\"https:\/\/i0.wp.com\/blogs.avui.cat\/botonier\/files\/2012\/03\/columna05.jpg\"><img data-recalc-dims=\"1\" loading=\"lazy\" decoding=\"async\" class=\"alignnone size-thumbnail wp-image-1070\" src=\"https:\/\/i0.wp.com\/blogs.avui.cat\/botonier\/files\/2012\/03\/columna05.jpg?resize=150%2C150\" alt=\"\" width=\"150\" height=\"150\" srcset=\"https:\/\/i0.wp.com\/blogs.avui.cat\/botonier\/files\/2012\/03\/columna05.jpg?resize=150%2C150&amp;ssl=1 150w, https:\/\/i0.wp.com\/blogs.avui.cat\/botonier\/files\/2012\/03\/columna05.jpg?zoom=2&amp;resize=150%2C150 300w, https:\/\/i0.wp.com\/blogs.avui.cat\/botonier\/files\/2012\/03\/columna05.jpg?zoom=3&amp;resize=150%2C150 450w\" sizes=\"auto, (max-width: 150px) 100vw, 150px\" \/><\/a><\/p>\n<p>Les relacions de Catalunya amb Espanya, \u00e9s a dir amb el govern de Madrid, han estat dominades els darrers quaranta anys per un reguitzell d&#8217;actuacions imperialistes per part del govern central.<\/p>\n<p>Mani qui mani a Madrid ha quedat demostrat que \u00e9s impossible trobar la manera de conviure respectant els drets de Catalunya, els hist\u00f2rics i els adquirits per un poble que amb treball i paci\u00e8ncia ha assolit una personalitat clara i ferma.<br \/>\nEls atacs regulars a la llengua catalana i al seu \u00fas i promoci\u00f3 nom\u00e9s poden arribar-nos de gent que no sap discernir el b\u00e9 del mal i que creu que manar vol dir imposar.<\/p>\n<p>La discriminaci\u00f3 en el terreny financer i d&#8217;inversions que Catalunya pateix per part del govern central (podr\u00edem dir que cr\u00f2nicament) s\u00f3n el reflex d&#8217;una actitud centralista, despectiva i que no demostra cap intenci\u00f3 d&#8217;afluixar.<\/p>\n<p>Els partits catalans, els pol\u00edtics de casa nostra i les persones amb responsabilitats econ\u00f2miques i culturals han de dir clarament que ja n&#8217;hi ha prou. Mantenir la situaci\u00f3 actual amb l&#8217;excusa de no esvalotar el galliner en moments de crisi \u00e9s un error que nom\u00e9s fa perdre un temps irrecuperable.<\/p>\n<p>CDC, que fins ara nomes ha donat mostres discretes de desacord amb Madrid, pot aquest cap de setmana fer un gran pas en el cam\u00ed que porta a una Catalunya que nom\u00e9s depengui d&#8217;ella mateixa.<\/p>\n<p>Endarrera aquesta gent tan ufana i tan superba.<\/p>\n","protected":false},"excerpt":{"rendered":"<p>Les relacions de Catalunya amb Espanya, \u00e9s a dir amb el govern de Madrid, han estat dominades els darrers quaranta anys per un reguitzell d&#8217;actuacions imperialistes per part del govern central. Mani qui mani a Madrid ha quedat demostrat que \u00e9s impossible trobar la manera de conviure respectant els drets de Catalunya, els hist\u00f2rics i [&hellip;]<\/p>\n","protected":false},"author":126,"featured_media":0,"comment_status":"closed","ping_status":"closed","sticky":false,"template":"","format":"standard","meta":{"jetpack_post_was_ever_published":false,"_jetpack_newsletter_access":"","_jetpack_dont_email_post_to_subs":false,"_jetpack_newsletter_tier_id":0,"_jetpack_memberships_contains_paywalled_content":false,"_jetpack_memberships_contains_paid_content":false,"footnotes":"","jetpack_publicize_message":"","jetpack_publicize_feature_enabled":true,"jetpack_social_post_already_shared":false,"jetpack_social_options":{"image_generator_settings":{"template":"highway","default_image_id":0,"font":"","enabled":false},"version":2}},"categories":[1],"tags":[],"class_list":["post-1069","post","type-post","status-publish","format-standard","hentry","category-general"],"jetpack_publicize_connections":[],"jetpack_featured_media_url":"","jetpack-related-posts":[{"id":208,"url":"https:\/\/blogs.avui.cat\/botonier\/2009\/03\/21\/politics-catalans-desperteu\/","url_meta":{"origin":1069,"position":0},"title":"Politics catalans : desperteu !","author":"Ramon Boixet","date":"21 mar\u00e7 2009","format":false,"excerpt":"Els que vivim fora de Catalunya tenim, sobretot gracies a Internet, la possibilitat d'estar informats de les coses que succeeixen al nostre pa\u00eds. Malgrat la velocitat de la xarxa, de la radio i de la televisi\u00f3, no estem en condicions de copsar totes les coses tal com s\u00f3n, essencialment perqu\u00e8\u2026","rel":"","context":"A &quot;General&quot;","block_context":{"text":"General","link":"https:\/\/blogs.avui.cat\/botonier\/category\/general\/"},"img":{"alt_text":"","src":"","width":0,"height":0},"classes":[]},{"id":302,"url":"https:\/\/blogs.avui.cat\/botonier\/2009\/07\/07\/la-tactica-de-madrid\/","url_meta":{"origin":1069,"position":1},"title":"La t\u00e0ctica de Madrid","author":"Ramon Boixet","date":"7 juliol 2009","format":false,"excerpt":"Potser \u00e9s casualitat, o \u00e9s que tinc la pell molt fina per\u00f2 em sembla que a Madrid s\u2019han especialitzat en distreure l\u2019atenci\u00f3 de les coses importants, i ho fan amb un estil professional impactant.Ah!, i quan dic Madrid vull dir tant el govern central com el Real Madrid C.F. que\u2026","rel":"","context":"A &quot;General&quot;","block_context":{"text":"General","link":"https:\/\/blogs.avui.cat\/botonier\/category\/general\/"},"img":{"alt_text":"","src":"","width":0,"height":0},"classes":[]},{"id":499,"url":"https:\/\/blogs.avui.cat\/botonier\/2010\/04\/07\/la-incultura-del-ministeri-de-cultura\/","url_meta":{"origin":1069,"position":2},"title":"La incultura del Ministeri de Cultura","author":"Ramon Boixet","date":"7 abril 2010","format":false,"excerpt":"\u00c9s interessant donar una ullada a l\u2019agenda del Ministeri de Cultura de Madrid dins l\u2019\u00e0mbit de la presid\u00e8ncia espanyola de l'UE. Per no anar m\u00e9s lluny, el mes d\u2019abril proposa nom\u00e9s dos actes: una reuni\u00f3 a Madrid de Directors Generals i experts per parlar de \u201cLa digitalizaci\u00f3n del material cultural.\u2026","rel":"","context":"A &quot;General&quot;","block_context":{"text":"General","link":"https:\/\/blogs.avui.cat\/botonier\/category\/general\/"},"img":{"alt_text":"","src":"","width":0,"height":0},"classes":[]},{"id":645,"url":"https:\/\/blogs.avui.cat\/botonier\/2010\/09\/18\/mentiders\/","url_meta":{"origin":1069,"position":3},"title":"Mentiders !","author":"Ramon Boixet","date":"18 setembre 2010","format":false,"excerpt":"Segons informa el Banco de Espa\u00f1a, una vegada comptabilitzat el segon trimestre de l\u2019any, Catalunya continua com a capdavantera del endeutament de les Comunitats Aut\u00f3nomes. Concretament, Catalunya deu 28.769 milios d\u2019euros, que representa el 27,6% del deute acumulat pel conjunt de les comunitats espanyoles. En segon lloc trobem la Comunitat\u2026","rel":"","context":"A &quot;General&quot;","block_context":{"text":"General","link":"https:\/\/blogs.avui.cat\/botonier\/category\/general\/"},"img":{"alt_text":"","src":"","width":0,"height":0},"classes":[]},{"id":335,"url":"https:\/\/blogs.avui.cat\/botonier\/2009\/08\/20\/les-ambaixades-del-senyor-carod-1\/","url_meta":{"origin":1069,"position":4},"title":"Les &quot;ambaixades&quot; del senyor Carod (1)","author":"Ramon Boixet","date":"20 agost 2009","format":false,"excerpt":"El senyor Carod-Rovira no disposa d\u2019un c\u00e0rrec amb pes pol\u00edtic ni dins del govern ni dins dels seu partit, de manera que pot dedicar temps (i pressupost) a ocupar-se de l\u2019 anomenada \u201cpol\u00edtica exterior\u201d de Catalunya. Aquestes delegacions de la Generalitat a l\u2019exterior parteixen d\u2019un principi comprensible per promocionar Catalunya\u2026","rel":"","context":"A &quot;General&quot;","block_context":{"text":"General","link":"https:\/\/blogs.avui.cat\/botonier\/category\/general\/"},"img":{"alt_text":"","src":"","width":0,"height":0},"classes":[]},{"id":687,"url":"https:\/\/blogs.avui.cat\/botonier\/2009\/08\/20\/les-ambaixades-del-senyor-carod-1-2\/","url_meta":{"origin":1069,"position":5},"title":"Les &#034;ambaixades&#034; del senyor Carod (1)","author":"Ramon Boixet","date":"20 agost 2009","format":false,"excerpt":"El senyor Carod-Rovira no disposa d\u2019un c\u00e0rrec amb pes pol\u00edtic ni dins del govern ni dins dels seu partit, de manera que pot dedicar temps (i pressupost) a ocupar-se de l\u2019 anomenada \u201cpol\u00edtica exterior\u201d de Catalunya. Aquestes delegacions de la Generalitat a l\u2019exterior parteixen d\u2019un principi comprensible per promocionar Catalunya\u2026","rel":"","context":"A &quot;General&quot;","block_context":{"text":"General","link":"https:\/\/blogs.avui.cat\/botonier\/category\/general\/"},"img":{"alt_text":"","src":"","width":0,"height":0},"classes":[]}],"jetpack_sharing_enabled":true,"jetpack_likes_enabled":true,"_links":{"self":[{"href":"https:\/\/blogs.avui.cat\/botonier\/wp-json\/wp\/v2\/posts\/1069","targetHints":{"allow":["GET"]}}],"collection":[{"href":"https:\/\/blogs.avui.cat\/botonier\/wp-json\/wp\/v2\/posts"}],"about":[{"href":"https:\/\/blogs.avui.cat\/botonier\/wp-json\/wp\/v2\/types\/post"}],"author":[{"embeddable":true,"href":"https:\/\/blogs.avui.cat\/botonier\/wp-json\/wp\/v2\/users\/126"}],"replies":[{"embeddable":true,"href":"https:\/\/blogs.avui.cat\/botonier\/wp-json\/wp\/v2\/comments?post=1069"}],"version-history":[{"count":5,"href":"https:\/\/blogs.avui.cat\/botonier\/wp-json\/wp\/v2\/posts\/1069\/revisions"}],"predecessor-version":[{"id":2397,"href":"https:\/\/blogs.avui.cat\/botonier\/wp-json\/wp\/v2\/posts\/1069\/revisions\/2397"}],"wp:attachment":[{"href":"https:\/\/blogs.avui.cat\/botonier\/wp-json\/wp\/v2\/media?parent=1069"}],"wp:term":[{"taxonomy":"category","embeddable":true,"href":"https:\/\/blogs.avui.cat\/botonier\/wp-json\/wp\/v2\/categories?post=1069"},{"taxonomy":"post_tag","embeddable":true,"href":"https:\/\/blogs.avui.cat\/botonier\/wp-json\/wp\/v2\/tags?post=1069"}],"curies":[{"name":"wp","href":"https:\/\/api.w.org\/{rel}","templated":true}]}}