{"id":1065,"date":"2012-03-17T10:20:40","date_gmt":"2012-03-17T09:20:40","guid":{"rendered":"http:\/\/blogs.avui.cat\/botonier\/?p=1065"},"modified":"2013-06-19T09:46:57","modified_gmt":"2013-06-19T08:46:57","slug":"miquel-calcada-a-tv3","status":"publish","type":"post","link":"https:\/\/blogs.avui.cat\/botonier\/2012\/03\/17\/miquel-calcada-a-tv3\/","title":{"rendered":"Miquel Cal\u00e7ada a TV3"},"content":{"rendered":"<p><a href=\"https:\/\/i0.wp.com\/blogs.avui.cat\/botonier\/files\/2012\/03\/IMG_9942b.jpg\"><img data-recalc-dims=\"1\" loading=\"lazy\" decoding=\"async\" class=\"alignnone size-thumbnail wp-image-1066\" src=\"https:\/\/i0.wp.com\/blogs.avui.cat\/botonier\/files\/2012\/03\/IMG_9942b.jpg?resize=150%2C150\" alt=\"\" width=\"150\" height=\"150\" srcset=\"https:\/\/i0.wp.com\/blogs.avui.cat\/botonier\/files\/2012\/03\/IMG_9942b.jpg?resize=150%2C150&amp;ssl=1 150w, https:\/\/i0.wp.com\/blogs.avui.cat\/botonier\/files\/2012\/03\/IMG_9942b.jpg?zoom=2&amp;resize=150%2C150 300w, https:\/\/i0.wp.com\/blogs.avui.cat\/botonier\/files\/2012\/03\/IMG_9942b.jpg?zoom=3&amp;resize=150%2C150 450w\" sizes=\"auto, (max-width: 150px) 100vw, 150px\" \/><\/a><\/p>\n<p>La noticia publicada a El Mundo sobre el possible nomenament de Miquel Cal\u00e7ada com a director de TV3 ha provocat un allau d&#8217;opinions apassionades, tant a favor com en contra, que Internet s&#8217;encarrega de fer arribar a qui ho vulgui llegir.<\/p>\n<p>En realitat, poques persones poden exhibir un historial comunicador tant extens i amb tants d&#8217;\u00e8xits com en Miquel Cal\u00e7ada. Les opinions contraries al seu nomenament s\u00f3n, principalment, pel fet de ser propietari o co-propietari del Grup Flaix i de la productora Sargantana. I tamb\u00e9, per que no dir-ho, per la seva posici\u00f3 clara a favor de la independ\u00e8ncia de Catalunya.<\/p>\n<p>Si els seus c\u00e0rrecs empresarials s\u00f3n un obstacle a la direcci\u00f3 de TV3 (que puc imaginar que si que ho s\u00f3n) nom\u00e9s queda renunciar a ells, cosa res f\u00e0cil a nivell administratiu i sobretot personal.<\/p>\n<p>El seu posicionament p\u00fablic per la independ\u00e8ncia de Catalunya pot semblar a alguns un obstacle a la &#8220;neutralitat pol\u00edtica&#8221; de TV3. En el fons, TV3 ha de ser un reflex de la Catalunya real, que no \u00e9s nom\u00e9s independentista. Per\u00f3 \u00e9s impossible col\u00b7locar de director de TV3 un personatge &#8220;neutral&#8221; pol\u00edticament parlant perqu\u00e8 si els programes s\u00f3n aigualits, ning\u00fa se&#8217;ls mirar\u00e0.<\/p>\n<p>Una experi\u00e8ncia personal voldria relatar de manera breu. Amb motiu de la gravaci\u00f3 de dos programes de &#8220;Afers exteriors&#8221; dedicats a Su\u00efssa, vaig conviure el maig del 2010 dos dies, un a Ginebra i un a Berna, amb el Miquel Cal\u00e7ada i el seu equip.<\/p>\n<p>Apart del temps de gravaci\u00f3 ( que com \u00e9s normal va ser molt m\u00e9s llarg del que es va triar en la versi\u00f3 definitiva dels dos programes) vaig tenir temps per parlar amb el Miquel sobre molts temes com la democr\u00e0cia directa de Su\u00efssa, sobre el federalisme, sobre la neutralitat i d&#8217;altres. El Miquel Cal\u00e7ada sap escoltar i com a professional que \u00e9s, prepara molt b\u00e9 tots el temes i demostra una senzillesa humana que pocs amb la seva popularitat serien capa\u00e7os de practicar.<\/p>\n<p>Els encarregats de triar el nou director ( o directora) de TV3 tenen una gran responsabilitat. Esperem que entre els possibles candidats escolliran el millor, sense pressions i sobretot sense por.<\/p>\n<p>Jo ja en tinc un de pensat&#8230;per\u00f3 no tinc ni vot ni veu.<\/p>\n","protected":false},"excerpt":{"rendered":"<p>La noticia publicada a El Mundo sobre el possible nomenament de Miquel Cal\u00e7ada com a director de TV3 ha provocat un allau d&#8217;opinions apassionades, tant a favor com en contra, que Internet s&#8217;encarrega de fer arribar a qui ho vulgui llegir. En realitat, poques persones poden exhibir un historial comunicador tant extens i amb tants [&hellip;]<\/p>\n","protected":false},"author":126,"featured_media":0,"comment_status":"closed","ping_status":"closed","sticky":false,"template":"","format":"standard","meta":{"jetpack_post_was_ever_published":false,"_jetpack_newsletter_access":"","_jetpack_dont_email_post_to_subs":false,"_jetpack_newsletter_tier_id":0,"_jetpack_memberships_contains_paywalled_content":false,"_jetpack_memberships_contains_paid_content":false,"footnotes":"","jetpack_publicize_message":"","jetpack_publicize_feature_enabled":true,"jetpack_social_post_already_shared":false,"jetpack_social_options":{"image_generator_settings":{"template":"highway","default_image_id":0,"font":"","enabled":false},"version":2}},"categories":[1],"tags":[],"class_list":["post-1065","post","type-post","status-publish","format-standard","hentry","category-general"],"jetpack_publicize_connections":[],"jetpack_featured_media_url":"","jetpack-related-posts":[{"id":344,"url":"https:\/\/blogs.avui.cat\/botonier\/2009\/09\/02\/benvolgut-miquel-calcada\/","url_meta":{"origin":1065,"position":0},"title":"Benvolgut Miquel Cal\u00e7ada&#8230;","author":"Ramon Boixet","date":"2 setembre 2009","format":false,"excerpt":"Et coneixia de lluny, i no \u00e9s ironia. T\u2019havia vist i escoltat quan viatjava a Catalunya i poca cosa m\u00e9s. Els anys de m\u00e9s pres\u00e8ncia teva a la televisi\u00f3 no vaig tenir recepci\u00f3 a Su\u00efssa de manera que coneixia m\u00e9s el Mikimoto que el Miquel Cal\u00e7ada. Al mes de maig\u2026","rel":"","context":"A &quot;General&quot;","block_context":{"text":"General","link":"https:\/\/blogs.avui.cat\/botonier\/category\/general\/"},"img":{"alt_text":"","src":"","width":0,"height":0},"classes":[]},{"id":690,"url":"https:\/\/blogs.avui.cat\/botonier\/2009\/09\/02\/benvolgut-miquel-calcada-2\/","url_meta":{"origin":1065,"position":1},"title":"Benvolgut Miquel Cal\u00e7ada&#8230;","author":"Ramon Boixet","date":"2 setembre 2009","format":false,"excerpt":"Et coneixia de lluny, i no \u00e9s ironia. T\u2019havia vist i escoltat quan viatjava a Catalunya i poca cosa m\u00e9s. Els anys de m\u00e9s pres\u00e8ncia teva a la televisi\u00f3 no vaig tenir recepci\u00f3 a Su\u00efssa de manera que coneixia m\u00e9s el Mikimoto que el Miquel Cal\u00e7ada. Al mes de maig\u2026","rel":"","context":"A &quot;General&quot;","block_context":{"text":"General","link":"https:\/\/blogs.avui.cat\/botonier\/category\/general\/"},"img":{"alt_text":"","src":"","width":0,"height":0},"classes":[]},{"id":386,"url":"https:\/\/blogs.avui.cat\/botonier\/2009\/11\/11\/afers-exteriors\/","url_meta":{"origin":1065,"position":2},"title":"Afers exteriors","author":"Ramon Boixet","date":"11 novembre 2009","format":false,"excerpt":"Dem\u00e0 dijous 12 el programa de TV3 \u201eAfers exteriors \u201cestar\u00e0 dedicat a Su\u00efssa i el dijous seg\u00fcent dia 19 s\u2019emitir\u00e0 una segona part. Ara fa un any vaig tenir una entrevista a Su\u00efssa amb un dels responsables del gui\u00f3 del programa, el Francesc Orteu, fil\u00f2sof i guionista, conegut per ser\u2026","rel":"","context":"A &quot;General&quot;","block_context":{"text":"General","link":"https:\/\/blogs.avui.cat\/botonier\/category\/general\/"},"img":{"alt_text":"","src":"","width":0,"height":0},"classes":[]},{"id":591,"url":"https:\/\/blogs.avui.cat\/botonier\/2010\/07\/23\/idealistes-amb-els-peus-a-terra\/","url_meta":{"origin":1065,"position":3},"title":"Idealistes amb els peus a terra","author":"Ramon Boixet","date":"23 juliol 2010","format":false,"excerpt":"Permeteu-me que comenci amb una citaci\u00f3 personal. En el primer dels dos programes de la s\u00e8rie \u201eAfers exteriors \u201cdedicats a Su\u00efssa que es van gravar i emetre l\u2019any passat, el Miquel Cal\u00e7ada , en la seq\u00fc\u00e8ncia feta a l\u2019interior del Palau de les Nacions, seu de l'ONU a Ginebra, em\u2026","rel":"","context":"A &quot;General&quot;","block_context":{"text":"General","link":"https:\/\/blogs.avui.cat\/botonier\/category\/general\/"},"img":{"alt_text":"","src":"","width":0,"height":0},"classes":[]},{"id":321,"url":"https:\/\/blogs.avui.cat\/botonier\/2009\/08\/03\/tornem-hi-amb-la-cupula-del-barcelo\/","url_meta":{"origin":1065,"position":4},"title":"Tornem-hi amb la c\u00fapula del Barcel\u00f3","author":"Ramon Boixet","date":"3 agost 2009","format":false,"excerpt":"\u00c9s la tercera vegada, ai!, que escric sobre la c\u00fapula que Miquel Barcel\u00f3 va crear per decorar la Sala XX del Palau de les Nacions Unides a Ginebra, la denominada Sala dels Drets Humans i de l'Alian\u00e7a de Civilitzacions.Aquesta pol\u00e8mica c\u00fapula s\u2019ha de jutjar amb dos angles diferents: l\u2019art\u00edstic i\u2026","rel":"","context":"A &quot;General&quot;","block_context":{"text":"General","link":"https:\/\/blogs.avui.cat\/botonier\/category\/general\/"},"img":{"alt_text":"","src":"","width":0,"height":0},"classes":[]},{"id":261,"url":"https:\/\/blogs.avui.cat\/botonier\/2009\/05\/22\/la-polemica-sobre-miquel-barcelo\/","url_meta":{"origin":1065,"position":5},"title":"La pol\u00e8mica sobre Miquel Barcel\u00f3","author":"Ramon Boixet","date":"22 maig 2009","format":false,"excerpt":"L \u2018inauguraci\u00f3 de la c\u00fapula pintada pel Miquel Barcel\u00f3 a la Sala XX del Palau de les Nacions de l'ONU a Ginebra va obrir una pol\u00e8mica que ha sobrepassat els l\u00edmits purament art\u00edstics, degut al preu que l\u2019obra va costar i a la poca transpar\u00e8ncia del seu finan\u00e7ament. El dia\u2026","rel":"","context":"A &quot;General&quot;","block_context":{"text":"General","link":"https:\/\/blogs.avui.cat\/botonier\/category\/general\/"},"img":{"alt_text":"","src":"","width":0,"height":0},"classes":[]}],"jetpack_sharing_enabled":true,"jetpack_likes_enabled":true,"_links":{"self":[{"href":"https:\/\/blogs.avui.cat\/botonier\/wp-json\/wp\/v2\/posts\/1065","targetHints":{"allow":["GET"]}}],"collection":[{"href":"https:\/\/blogs.avui.cat\/botonier\/wp-json\/wp\/v2\/posts"}],"about":[{"href":"https:\/\/blogs.avui.cat\/botonier\/wp-json\/wp\/v2\/types\/post"}],"author":[{"embeddable":true,"href":"https:\/\/blogs.avui.cat\/botonier\/wp-json\/wp\/v2\/users\/126"}],"replies":[{"embeddable":true,"href":"https:\/\/blogs.avui.cat\/botonier\/wp-json\/wp\/v2\/comments?post=1065"}],"version-history":[{"count":5,"href":"https:\/\/blogs.avui.cat\/botonier\/wp-json\/wp\/v2\/posts\/1065\/revisions"}],"predecessor-version":[{"id":2398,"href":"https:\/\/blogs.avui.cat\/botonier\/wp-json\/wp\/v2\/posts\/1065\/revisions\/2398"}],"wp:attachment":[{"href":"https:\/\/blogs.avui.cat\/botonier\/wp-json\/wp\/v2\/media?parent=1065"}],"wp:term":[{"taxonomy":"category","embeddable":true,"href":"https:\/\/blogs.avui.cat\/botonier\/wp-json\/wp\/v2\/categories?post=1065"},{"taxonomy":"post_tag","embeddable":true,"href":"https:\/\/blogs.avui.cat\/botonier\/wp-json\/wp\/v2\/tags?post=1065"}],"curies":[{"name":"wp","href":"https:\/\/api.w.org\/{rel}","templated":true}]}}